{"id":48434,"date":"2025-12-18T04:25:00","date_gmt":"2025-12-18T07:25:00","guid":{"rendered":"https:\/\/noticiasdestaque.com.br\/index.php\/2025\/12\/18\/senado-autoriza-mais-de-r-13-bilhao-para-banda-larga-e-servicos-digitais\/"},"modified":"2025-12-18T04:25:00","modified_gmt":"2025-12-18T07:25:00","slug":"senado-autoriza-mais-de-r-13-bilhao-para-banda-larga-e-servicos-digitais","status":"publish","type":"post","link":"https:\/\/noticiasdestaque.com.br\/index.php\/2025\/12\/18\/senado-autoriza-mais-de-r-13-bilhao-para-banda-larga-e-servicos-digitais\/","title":{"rendered":"Senado autoriza mais de R$ 1,3 bilh\u00e3o para banda larga e servi\u00e7os digitais"},"content":{"rendered":"<p>\t\t\t\t\t\t\t\t\t\t\t<audio controls class=\"b61_audio_player\" data-noticia=\"86514\" src=\"https:\/\/brasil61.com\/rails\/active_storage\/blobs\/eyJfcmFpbHMiOnsibWVzc2FnZSI6IkJBaHBBM2pZQXc9PSIsImV4cCI6bnVsbCwicHVyIjoiYmxvYl9pZCJ9fQ==--5cc78105372fc5616c1b883d36a0897738f0933d\/BRAS2515358A\"><\/audio><\/p>\n<p>O Plen\u00e1rio do <strong>Senado<\/strong> <strong>aprovou duas autoriza\u00e7\u00f5es<\/strong> para a contrata\u00e7\u00e3o de empr\u00e9stimos internacionais que somam <strong>US$ 250 milh\u00f5es<\/strong>, o equivalente a mais de <strong>R$ 1,3 bilh\u00e3o<\/strong>. Os recursos ser\u00e3o destinados \u00e0 <strong>expans\u00e3o da internet banda larga em pequenos munic\u00edpios<\/strong> e \u00e0 <strong>moderniza\u00e7\u00e3o digital dos servi\u00e7os p\u00fablicos no pa\u00eds<\/strong>. Com o parecer favor\u00e1vel do relator das propostas, <strong>senador<\/strong> <strong>Rog\u00e9rio Carvalho (PT-SE)<\/strong>, as propostas seguem agora para promulga\u00e7\u00e3o.<\/p>\n<h2>Expans\u00e3o da banda larga<\/h2>\n<p>O Projeto de Resolu\u00e7\u00e3o do Senado\u00a0<a href=\"https:\/\/www25.senado.leg.br\/web\/atividade\/materias\/-\/materia\/171987\" target=\"_blank\">PRS 57\/2025<\/a> autoriza o Brasil a <strong>contratar um empr\u00e9stimo de US$ 100 milh\u00f5es<\/strong> junto ao <strong>Banco Interamericano de Desenvolvimento (<a href=\"https:\/\/www.iadb.org\/pt-br\" target=\"_blank\">BID<\/a>)<\/strong> para ampliar o acesso \u00e0 internet em <strong>munic\u00edpios com menos de 30 mil habitantes<\/strong>.<\/p>\n<ul>\n<li>Recursos ser\u00e3o aplicados no <strong>Programa de Amplia\u00e7\u00e3o do Acesso ao Cr\u00e9dito para Investimentos em Redes de Telecomunica\u00e7\u00f5es<\/strong>, do Minist\u00e9rio das Comunica\u00e7\u00f5es<\/li>\n<li>Financiamento de longo prazo destinado a pequenos provedores de internet<\/li>\n<li>Investimentos em infraestrutura de conectividade, incluindo comunidades quilombolas<\/li>\n<\/ul>\n<h2>Infraestrutura e servi\u00e7os digitais<\/h2>\n<p>J\u00e1 o <a href=\"https:\/\/www25.senado.leg.br\/web\/atividade\/materias\/-\/materia\/171992\" target=\"_blank\">PRS 58\/2025<\/a> autoriza o <strong>Banco Nacional do Desenvolvimento (<a href=\"https:\/\/www.bndes.gov.br\/wps\/portal\/site\/home\" target=\"_blank\">BNDES<\/a>)<\/strong> a contratar uma opera\u00e7\u00e3o de cr\u00e9dito externo de at\u00e9 US$ 150 milh\u00f5es, tamb\u00e9m com o <strong>BID<\/strong>, para financiar o <strong>Programa Federativo para Governo e Infraestrutura Digital (Prodigital)<\/strong>.\u00a0Segundo o relator <strong>Rog\u00e9rio Carvalho<\/strong>, a iniciativa permitir\u00e1 avan\u00e7os estruturais na digitaliza\u00e7\u00e3o da administra\u00e7\u00e3o p\u00fablica brasileira al\u00e9m de investimentos em:<\/p>\n<ul>\n<li>Melhoria da governan\u00e7a p\u00fablica;<\/li>\n<li>Amplia\u00e7\u00e3o da conectividade;<\/li>\n<li>Moderniza\u00e7\u00e3o da presta\u00e7\u00e3o de servi\u00e7os p\u00fablicos em estados, munic\u00edpios e no Distrito Federal; e<\/li>\n<li>Apoio a projetos de transforma\u00e7\u00e3o digital<\/li>\n<\/ul>\n<p>As informa\u00e7\u00f5es s\u00e3o da <a href=\"https:\/\/www12.senado.leg.br\/noticias\" target=\"_blank\">Ag\u00eancia Senado<\/a>.<\/p>\n<p>\t\t\t\t\t\t\t\t\t\t<img loading=\"lazy\" decoding=\"async\" src=\"https:\/\/brasil61.com\/api\/v1\/serve_pixel\/17677\/86514\" alt=\"Pixel Brasil 61\" class=\"b61_pixel\" width=\"0\" height=\"0\"><\/p>\n<input type=\"hidden\" id=\"baseurl\" value=\"https:\/\/noticiasdestaque.com.br\"><input type=\"hidden\" id=\"audio_nonce\" value=\"6f73a554f1\">","protected":false},"excerpt":{"rendered":"<p>Recursos v\u00eam de empr\u00e9stimos internacionais aprovados pelo Senado e ser\u00e3o destinados \u00e0s propostas para atender munic\u00edpios de at\u00e9 30 mil habitantes<\/p>\n","protected":false},"author":1,"featured_media":48435,"comment_status":"open","ping_status":"open","sticky":false,"template":"","format":"standard","meta":{"fifu_image_url":"","fifu_image_alt":"","footnotes":""},"categories":[50],"tags":[],"class_list":["post-48434","post","type-post","status-publish","format-standard","has-post-thumbnail","hentry","category-politica"],"distributor_meta":false,"distributor_terms":false,"distributor_media":false,"distributor_original_site_name":"Noticias em Destaque","distributor_original_site_url":"https:\/\/noticiasdestaque.com.br","push-errors":false,"_links":{"self":[{"href":"https:\/\/noticiasdestaque.com.br\/index.php\/wp-json\/wp\/v2\/posts\/48434","targetHints":{"allow":["GET"]}}],"collection":[{"href":"https:\/\/noticiasdestaque.com.br\/index.php\/wp-json\/wp\/v2\/posts"}],"about":[{"href":"https:\/\/noticiasdestaque.com.br\/index.php\/wp-json\/wp\/v2\/types\/post"}],"author":[{"embeddable":true,"href":"https:\/\/noticiasdestaque.com.br\/index.php\/wp-json\/wp\/v2\/users\/1"}],"replies":[{"embeddable":true,"href":"https:\/\/noticiasdestaque.com.br\/index.php\/wp-json\/wp\/v2\/comments?post=48434"}],"version-history":[{"count":0,"href":"https:\/\/noticiasdestaque.com.br\/index.php\/wp-json\/wp\/v2\/posts\/48434\/revisions"}],"wp:featuredmedia":[{"embeddable":true,"href":"https:\/\/noticiasdestaque.com.br\/index.php\/wp-json\/wp\/v2\/media\/48435"}],"wp:attachment":[{"href":"https:\/\/noticiasdestaque.com.br\/index.php\/wp-json\/wp\/v2\/media?parent=48434"}],"wp:term":[{"taxonomy":"category","embeddable":true,"href":"https:\/\/noticiasdestaque.com.br\/index.php\/wp-json\/wp\/v2\/categories?post=48434"},{"taxonomy":"post_tag","embeddable":true,"href":"https:\/\/noticiasdestaque.com.br\/index.php\/wp-json\/wp\/v2\/tags?post=48434"}],"curies":[{"name":"wp","href":"https:\/\/api.w.org\/{rel}","templated":true}]}}