{"id":48416,"date":"2025-12-17T13:00:00","date_gmt":"2025-12-17T16:00:00","guid":{"rendered":"https:\/\/noticiasdestaque.com.br\/index.php\/2025\/12\/17\/presidente-da-apexbrasil-defende-investimento-em-capacitacao-de-empresas-nacionais-para-atuacao-no-mercado-global\/"},"modified":"2025-12-17T13:00:00","modified_gmt":"2025-12-17T16:00:00","slug":"presidente-da-apexbrasil-defende-investimento-em-capacitacao-de-empresas-nacionais-para-atuacao-no-mercado-global","status":"publish","type":"post","link":"https:\/\/noticiasdestaque.com.br\/index.php\/2025\/12\/17\/presidente-da-apexbrasil-defende-investimento-em-capacitacao-de-empresas-nacionais-para-atuacao-no-mercado-global\/","title":{"rendered":"Presidente da ApexBrasil defende investimento em capacita\u00e7\u00e3o de empresas nacionais para atua\u00e7\u00e3o no mercado global"},"content":{"rendered":"<p>\t\t\t\t\t\t\t\t\t\t\t<audio controls class=\"b61_audio_player\" data-noticia=\"86499\" src=\"https:\/\/brasil61.com\/rails\/active_storage\/blobs\/eyJfcmFpbHMiOnsibWVzc2FnZSI6IkJBaHBBNFRYQXc9PSIsImV4cCI6bnVsbCwicHVyIjoiYmxvYl9pZCJ9fQ==--2953dd103212c35aaa5ba585fc49ce4b17022c37\/APEX250093A\"><\/audio><\/p>\n<p>A cerim\u00f4nia de inaugura\u00e7\u00e3o da nova sede da Ag\u00eancia Brasileira de Promo\u00e7\u00e3o de Exporta\u00e7\u00f5es e Investimentos <a href=\"https:\/\/apexbrasil.com.br\/\" target=\"_blank\">(ApexBrasil)<\/a>, em Bras\u00edlia, tamb\u00e9m marcou a celebra\u00e7\u00e3o da abertura de 500 novos mercados internacionais pelo Brasil entre 2023 e 2025.<\/p>\n<p>Durante o evento, realizado na segunda-feira (15), o presidente da entidade, Jorge Viana, destacou a relev\u00e2ncia da marca e afirmou que o pa\u00eds possui potencial para ampliar ainda mais sua presen\u00e7a no mercado global, especialmente por meio do investimento na capacita\u00e7\u00e3o das empresas nacionais.<\/p>\n<p>\u201cA ApexBrasil mant\u00e9m conv\u00eanios com 52 setores da economia brasileira. Conv\u00eanios meio a meio. ApexBrasil com a metade do dinheiro e as organiza\u00e7\u00f5es com a outra metade, para garantir que o Brasil esteja presente no mundo inteiro. S\u00e3o cerca de mil eventos por ano\u201d, pontuou.<\/p>\n<p>Sobre a nova sede, Viana lembrou que a ApexBrasil funcionava em im\u00f3veis alugados desde sua cria\u00e7\u00e3o. Segundo ele, a conquista de um espa\u00e7o pr\u00f3prio permitir\u00e1 maior dedica\u00e7\u00e3o ao papel de levar empresas brasileiras ao mercado internacional. \u201cSa\u00edmos do aluguel e entregamos um pr\u00e9dio premiado, sustent\u00e1vel e moderno, que j\u00e1 recebeu quatro pr\u00eamios antes mesmo de entrar em opera\u00e7\u00e3o\u201d, afirmou.<\/p>\n<p>A programa\u00e7\u00e3o contou com a presen\u00e7a do <a href=\"https:\/\/www.gov.br\/agricultura\/pt-br\" target=\"_blank\">presidente da Rep\u00fablica<\/a>, Luiz In\u00e1cio Lula da Silva; do vice-presidente, Geraldo Alckmin; do ministro da <a href=\"https:\/\/www.gov.br\/agricultura\/pt-br\" target=\"_blank\">Agricultura e Pecu\u00e1ria<\/a>, Carlos F\u00e1varo; entre outras autoridades.<\/p>\n<p>Na ocasi\u00e3o, Lula ressaltou que os resultados alcan\u00e7ados s\u00e3o fruto de um esfor\u00e7o coletivo. \u201cQuando as coisas d\u00e3o certo, n\u00e3o se pode correr para o abra\u00e7o sozinho, porque o acerto das coisas que est\u00e3o acontecendo no Brasil se deve ao aprendizado que tivemos ao longo de muitos anos. N\u00e3o depende de uma pessoa, depende da boa vontade dos empres\u00e1rios, dos ministros e da capacidade de trabalhar no governo\u201d, afirmou.<\/p>\n<p>O presidente tamb\u00e9m destacou que a competitividade do Brasil est\u00e1 diretamente relacionada \u00e0 qualidade dos produtos nacionais e ao compromisso com temas estrat\u00e9gicos. \u201cO que interessa \u00e9 a qualidade daquilo que a gente est\u00e1 oferecendo, n\u00e3o apenas o pre\u00e7o, mas tamb\u00e9m a qualidade. Sinto muito orgulho por essa hist\u00f3ria dos mais de 500 novos mercados, e a gente pode muito mais\u201d, disse.<\/p>\n<p>J\u00e1 o ministro da Agricultura e Pecu\u00e1ria, Carlos F\u00e1varo, enfatizou que a abertura dos 500 novos mercados \u00e9 resultado da pol\u00edtica diplom\u00e1tica adotada pelo atual governo.<\/p>\n<p>\u201cN\u00e3o \u00e9 coincid\u00eancia. O resultado est\u00e1 a\u00ed: 500 novos mercados. Numa conta simples, \u00e9 um mercado novo a cada dois dias \u2014 dia sim, dia n\u00e3o, um novo mercado sendo aberto. A colheita come\u00e7ou, mas a miss\u00e3o continua\u201d, avaliou.<\/p>\n<p>Proje\u00e7\u00f5es do Minist\u00e9rio revelam que esses mercados est\u00e3o distribu\u00eddos em mais de 80 pa\u00edses, com potencial de exporta\u00e7\u00e3o superior a US$37,5 bilh\u00f5es por ano.<\/p>\n<p><a href=\"https:\/\/brasil61.com\/n\/especialistas-avaliam-que-lei-do-devedor-contumaz-pode-afastar-crime-organizado-mas-dificultar-pagamento-de-impostos-cacb250102\" target=\"_blank\">Especialistas avaliam que lei do Devedor Contumaz pode afastar crime organizado, mas dificultar pagamento de impostos<\/a><\/p>\n<p><a href=\"https:\/\/brasil61.com\/n\/plataforma-da-nota-fiscal-de-servicos-eletronica-alcanca-adesao-de-5-mil-municipios-bras2515341\" target=\"_blank\">Plataforma da Nota Fiscal de Servi\u00e7os Eletr\u00f4nica alcan\u00e7a ades\u00e3o de 5 mil munic\u00edpios<\/a><\/p>\n<p>Estimativas divulgadas pela ApexBrasil indicam que, no per\u00edodo, foram realizadas mais de 170 a\u00e7\u00f5es internacionais em 42 pa\u00edses, com proje\u00e7\u00e3o de US$18 bilh\u00f5es em neg\u00f3cios e participa\u00e7\u00e3o de mais de tr\u00eas mil empresas brasileiras. Tamb\u00e9m ocorreram 19 miss\u00f5es oficiais presidenciais e cinco vice-presidenciais, ampliando conex\u00f5es com mercados priorit\u00e1rios.<\/p>\n<h2>Participa\u00e7\u00e3o de empres\u00e1rios<\/h2>\n<p>Durante a solenidade, empres\u00e1rios de setores estrat\u00e9gicos compartilharam experi\u00eancias e discutiram perspectivas de crescimento impulsionadas pela atua\u00e7\u00e3o integrada do governo federal e da ApexBrasil.<\/p>\n<p>Presente ao evento, Caroline Dassoler, CEO da <a href=\"https:\/\/dassoler.agr.br\/\" target=\"_blank\">Dassoler Agroneg\u00f3cios<\/a> \u2013 empresa de Mato Grosso e refer\u00eancia nacional na origina\u00e7\u00e3o, beneficiamento e exporta\u00e7\u00e3o de feij\u00f5es e pulses \u2013 destacou o papel estrat\u00e9gico do setor de gr\u00e3os especiais no posicionamento do Brasil no mercado internacional.<\/p>\n<p>\u201cSomos empres\u00e1rios que acreditaram no Brasil, mesmo quando poucos acreditavam ou nos enxergavam, e que investiram e inovaram com a convic\u00e7\u00e3o de que o pa\u00eds pode se tornar um grande player no mercado de gr\u00e3os especiais. Somos vocacionados a ser o celeiro do mundo, sem deixar de garantir que as panelas dos lares brasileiros continuem cheias\u201d, afirmou.<\/p>\n<p>J\u00e1 a s\u00f3cia-diretora do Grupo Zanotto e presidente da Associa\u00e7\u00e3o Baiana dos Produtores de Algod\u00e3o <a href=\"https:\/\/abapa.com.br\/\" target=\"_blank\">(Abapa)<\/a>, Alessandra Zanotto Costa, destacou que, desde o in\u00edcio do projeto Cotton Brazil \u2014 desenvolvido pela ApexBrasil em parceria com o setor produtivo \u2014, o algod\u00e3o brasileiro vive um dos momentos mais relevantes de sua trajet\u00f3ria.<\/p>\n<p>Segundo ela, o Brasil \u00e9 atualmente o maior exportador mundial de algod\u00e3o, respondendo por 33% das vendas globais. Nesse contexto, ressaltou o papel da ApexBrasil como elo entre o campo brasileiro e o mercado internacional. \u201cA Ag\u00eancia tem cumprido esse papel com compet\u00eancia, transformando potencial produtivo em oportunidade real\u201d, concluiu.<\/p>\n<h2>Sede pr\u00f3pria da ApexBrasil<\/h2>\n<p>A sede pr\u00f3pria da ApexBrasil funcionar\u00e1 como um espa\u00e7o integrado \u00e0 cidade, com abertura para atividades culturais, educativas e liter\u00e1rias, al\u00e9m de exposi\u00e7\u00f5es e outras a\u00e7\u00f5es.<\/p>\n<p>O vice-presidente da Rep\u00fablica e ministro do Desenvolvimento, Ind\u00fastria, Com\u00e9rcio e Servi\u00e7os, Geraldo Alckmin, pontuou que o novo espa\u00e7o fortalece a capacidade de atua\u00e7\u00e3o da Ag\u00eancia. \u201cEsse pr\u00e9dio pr\u00f3prio, bem instalado e acolhedor, \u00e9 fundamental para promover o produto brasileiro e atrair investimentos\u201d, disse.<\/p>\n<p>O novo espa\u00e7o est\u00e1 localizado no edif\u00edcio Lotus, na Quadra 903 Sul, em Bras\u00edlia. Com cerca de 17 mil metros quadrados, o pr\u00e9dio fica pr\u00f3ximo ao Parque da Cidade Sarah Kubitschek.<br \/>\n\u00a0<\/p>\n<p>\t\t\t\t\t\t\t\t\t\t<img loading=\"lazy\" decoding=\"async\" src=\"https:\/\/brasil61.com\/api\/v1\/serve_pixel\/17677\/86499\" alt=\"Pixel Brasil 61\" class=\"b61_pixel\" width=\"0\" height=\"0\"><\/p>\n<input type=\"hidden\" id=\"baseurl\" value=\"https:\/\/noticiasdestaque.com.br\"><input type=\"hidden\" id=\"audio_nonce\" value=\"6a24ca502e\">","protected":false},"excerpt":{"rendered":"<p>Durante evento de inaugura\u00e7\u00e3o da sede pr\u00f3pria da Ag\u00eancia, em Bras\u00edlia, Jorge Viana enalteceu o fato de o Brasil ter atingido a marca de abertura de 500 novos mercados internacionais<\/p>\n","protected":false},"author":1,"featured_media":48417,"comment_status":"open","ping_status":"open","sticky":false,"template":"","format":"standard","meta":{"fifu_image_url":"","fifu_image_alt":"","footnotes":""},"categories":[48],"tags":[],"class_list":["post-48416","post","type-post","status-publish","format-standard","has-post-thumbnail","hentry","category-mundo"],"distributor_meta":false,"distributor_terms":false,"distributor_media":false,"distributor_original_site_name":"Noticias em Destaque","distributor_original_site_url":"https:\/\/noticiasdestaque.com.br","push-errors":false,"_links":{"self":[{"href":"https:\/\/noticiasdestaque.com.br\/index.php\/wp-json\/wp\/v2\/posts\/48416","targetHints":{"allow":["GET"]}}],"collection":[{"href":"https:\/\/noticiasdestaque.com.br\/index.php\/wp-json\/wp\/v2\/posts"}],"about":[{"href":"https:\/\/noticiasdestaque.com.br\/index.php\/wp-json\/wp\/v2\/types\/post"}],"author":[{"embeddable":true,"href":"https:\/\/noticiasdestaque.com.br\/index.php\/wp-json\/wp\/v2\/users\/1"}],"replies":[{"embeddable":true,"href":"https:\/\/noticiasdestaque.com.br\/index.php\/wp-json\/wp\/v2\/comments?post=48416"}],"version-history":[{"count":0,"href":"https:\/\/noticiasdestaque.com.br\/index.php\/wp-json\/wp\/v2\/posts\/48416\/revisions"}],"wp:featuredmedia":[{"embeddable":true,"href":"https:\/\/noticiasdestaque.com.br\/index.php\/wp-json\/wp\/v2\/media\/48417"}],"wp:attachment":[{"href":"https:\/\/noticiasdestaque.com.br\/index.php\/wp-json\/wp\/v2\/media?parent=48416"}],"wp:term":[{"taxonomy":"category","embeddable":true,"href":"https:\/\/noticiasdestaque.com.br\/index.php\/wp-json\/wp\/v2\/categories?post=48416"},{"taxonomy":"post_tag","embeddable":true,"href":"https:\/\/noticiasdestaque.com.br\/index.php\/wp-json\/wp\/v2\/tags?post=48416"}],"curies":[{"name":"wp","href":"https:\/\/api.w.org\/{rel}","templated":true}]}}