{"id":48414,"date":"2025-12-17T12:00:00","date_gmt":"2025-12-17T15:00:00","guid":{"rendered":"https:\/\/noticiasdestaque.com.br\/index.php\/2025\/12\/17\/gasto-brasil-gasto-publico-primario-no-brasil-supera-a-marca-de-r-5-trilhoes-em-2025\/"},"modified":"2025-12-20T22:37:38","modified_gmt":"2025-12-21T01:37:38","slug":"gasto-brasil-gasto-publico-primario-no-brasil-supera-a-marca-de-r-5-trilhoes-em-2025","status":"publish","type":"post","link":"https:\/\/noticiasdestaque.com.br\/index.php\/2025\/12\/17\/gasto-brasil-gasto-publico-primario-no-brasil-supera-a-marca-de-r-5-trilhoes-em-2025\/","title":{"rendered":"Gasto Brasil: Gasto p\u00fablico prim\u00e1rio no Brasil supera a marca de R$ 5 trilh\u00f5es em 2025"},"content":{"rendered":"<p>\t\t\t\t\t\t\t\t\t\t<audio controls class=\"b61_audio_player\" data-noticia=\"86500\" src=\"https:\/\/brasil61.com\/rails\/active_storage\/blobs\/eyJfcmFpbHMiOnsibWVzc2FnZSI6IkJBaHBBNmJYQXc9PSIsImV4cCI6bnVsbCwicHVyIjoiYmxvYl9pZCJ9fQ==--acd83d92e5722579acc1ee5c192d924ea49011d7\/CACB250103A\"><\/audio><\/p>\n<p>Ainda faltam duas semanas para o fim de 2025, mas o Brasil j\u00e1 superou a marca de R$ 5 trilh\u00f5es em gastos p\u00fablicos prim\u00e1rios. At\u00e9 o fim do m\u00eas, a previs\u00e3o da plataforma Gasto Brasil, idealizada pela <a href=\"https:\/\/cacb.org.br\/\">Confedera\u00e7\u00e3o das Associa\u00e7\u00f5es Comerciais e Empresariais do Brasil (CACB)<\/a> em parceria com a <a href=\"https:\/\/acsp.com.br\/\">Associa\u00e7\u00e3o Comercial e Empresarial de S\u00e3o Paulo (ACSP)<\/a>, \u00e9 que todas as despesas pagas pela Uni\u00e3o, estados e munic\u00edpios somem R$ 5,2 trilh\u00f5es, o equivalente a 44% do <a href=\"https:\/\/brasil61.com\/noticias\/tag\/pib\">Produto Interno Bruto (PIB)<\/a> do pa\u00eds em 2024.<\/p>\n<p>Para Cl\u00e1udio Queiroz, coordenador do Gasto Brasil e consultor da CACB, a m\u00e1 qualidade desse gasto prejudica diretamente a vida dos brasileiros. \u201cO Brasil seria o melhor lugar para se morar do mundo. N\u00e3o tem terremoto, n\u00e3o tem maremoto, n\u00e3o tem terroristas. Ent\u00e3o, n\u00f3s conseguir\u00edamos viver bem. E n\u00e3o \u00e9 realidade por falta de um controle do governo, uma falta efetiva de distribui\u00e7\u00e3o\u201d, avalia.<\/p>\n<p>O painel contabiliza apenas aquilo que os governos efetivamente pagam, sem discriminar despesas empenhadas ou juros da d\u00edvida, por exemplo. Segundo o levantamento, 42% do total \u00e9 desembolsado pela Uni\u00e3o, enquanto estados e munic\u00edpios correspondem a 28% do total de gastos.<\/p>\n<p>A avalia\u00e7\u00e3o da CACB \u00e9 que esse cen\u00e1rio ajuda a entender a relut\u00e2ncia do Banco Central em baixar a taxa b\u00e1sica de juros. Na semana passada, o <a href=\"https:\/\/brasil61.com\/n\/manutencao-da-selic-em-15-compromete-crescimento-economico-ao-inibir-credito-e-investimento-diz-cni-pind254712\">Comit\u00ea de Pol\u00edtica Monet\u00e1ria (Copom) manteve em 15% ao ano a al\u00edquota da Selic<\/a> \u2013 maior patamar dos \u00faltimos 20 anos \u2013, adiando para o ano que vem uma poss\u00edvel trajet\u00f3ria de baixas. A inten\u00e7\u00e3o \u00e9 reduzir a atividade econ\u00f4mica, impulsionada pelos gastos governamentais, para realizar o controle inflacion\u00e1rio.\u00a0<\/p>\n<p>Segundo Queiroz, a postura tem se mostrado efetiva, em que pese os impactos econ\u00f4micos. O gestor v\u00ea um \u201cestrangulamento\u201d do setor produtivo, principalmente do varejo, com as barreiras para conseguir cr\u00e9dito junto \u00e0s institui\u00e7\u00f5es financeiras. Como resultado, a infla\u00e7\u00e3o no Brasil tem desacelerado e, pela primeira vez em 13 meses, est\u00e1 abaixo do teto da meta de 4,5%, ao passo que o crescimento econ\u00f4mico tamb\u00e9m vem perdendo for\u00e7a, devendo fechar 2025 em 2,2%, menor taxa desde 2020.<\/p>\n<h2>Corte de gastos x Elei\u00e7\u00f5es 2026<\/h2>\n<p>Benef\u00edcios previdenci\u00e1rios, pagamento de servidores e encargos sociais abocanham quase dois ter\u00e7os dos gastos. Por isso, Queiroz entende ser inevit\u00e1vel, em algum momento, a aprova\u00e7\u00e3o de reformas impopulares, como a administrativa e a previdenci\u00e1ria, al\u00e9m da tribut\u00e1ria, que come\u00e7a a vigorar no pr\u00f3ximo ano.<\/p>\n<p>\u201cSeja qual for o governo, n\u00e3o importa se ele \u00e9 de direita, esquerda, centro, vai chegar em 2027 e vai ter que mexer com algumas reformas de impacto para tentar equilibrar as contas p\u00fablicas\u201d, afirma o especialista.<\/p>\n<p>O maior empecilho para isso, segundo Queiroz, s\u00e3o as elei\u00e7\u00f5es de 2026. Governantes n\u00e3o apenas evitam fazer cortes or\u00e7ament\u00e1rios em ano eleitoral como elevam as despesas em busca de garantir a pr\u00f3pria elei\u00e7\u00e3o e de aliados.<\/p>\n<h2>Transpar\u00eancia<\/h2>\n<p>A plataforma Gasto Brasil busca ampliar a transpar\u00eancia das contas p\u00fablicas ao evidenciar, em tempo real, os valores desembolsados pelo governo. A ferramenta apresenta os gastos p\u00fablicos prim\u00e1rios dos governos Federal, estaduais, do Distrito Federal e dos munic\u00edpios retirados de base do Tesouro Nacional.\u00a0<\/p>\n<p>Tamb\u00e9m \u00e9 poss\u00edvel visualizar as despesas com pessoal por poderes: Executivo, Legislativo, Judici\u00e1rio, Minist\u00e9rio P\u00fablico e Defensoria P\u00fablica. O objetivo do painel \u00e9 possibilitar que cada cidad\u00e3o acompanhe como o poder p\u00fablico utiliza os recursos.<br \/>\n\u00a0<\/p>\n<p>\t\t\t\t\t\t\t\t\t<img loading=\"lazy\" decoding=\"async\" src=\"https:\/\/brasil61.com\/api\/v1\/serve_pixel\/17677\/86500\" alt=\"Pixel Brasil 61\" class=\"b61_pixel\" width=\"0\" height=\"0\"><\/p>\n<input type=\"hidden\" id=\"baseurl\" value=\"https:\/\/noticiasdestaque.com.br\"><input type=\"hidden\" id=\"audio_nonce\" value=\"6a24ca502e\">","protected":false},"excerpt":{"rendered":"<p>Idealizadora da plataforma, CACB v\u00ea 2026, ano eleitoral, com fortes ind\u00edcios para mais descontrole or\u00e7ament\u00e1rio<\/p>\n","protected":false},"author":1,"featured_media":48480,"comment_status":"open","ping_status":"open","sticky":false,"template":"","format":"standard","meta":{"fifu_image_url":"","fifu_image_alt":"","footnotes":""},"categories":[59],"tags":[],"class_list":["post-48414","post","type-post","status-publish","format-standard","has-post-thumbnail","hentry","category-economia"],"distributor_meta":false,"distributor_terms":false,"distributor_media":false,"distributor_original_site_name":"Noticias em Destaque","distributor_original_site_url":"https:\/\/noticiasdestaque.com.br","push-errors":false,"_links":{"self":[{"href":"https:\/\/noticiasdestaque.com.br\/index.php\/wp-json\/wp\/v2\/posts\/48414","targetHints":{"allow":["GET"]}}],"collection":[{"href":"https:\/\/noticiasdestaque.com.br\/index.php\/wp-json\/wp\/v2\/posts"}],"about":[{"href":"https:\/\/noticiasdestaque.com.br\/index.php\/wp-json\/wp\/v2\/types\/post"}],"author":[{"embeddable":true,"href":"https:\/\/noticiasdestaque.com.br\/index.php\/wp-json\/wp\/v2\/users\/1"}],"replies":[{"embeddable":true,"href":"https:\/\/noticiasdestaque.com.br\/index.php\/wp-json\/wp\/v2\/comments?post=48414"}],"version-history":[{"count":1,"href":"https:\/\/noticiasdestaque.com.br\/index.php\/wp-json\/wp\/v2\/posts\/48414\/revisions"}],"predecessor-version":[{"id":48430,"href":"https:\/\/noticiasdestaque.com.br\/index.php\/wp-json\/wp\/v2\/posts\/48414\/revisions\/48430"}],"wp:featuredmedia":[{"embeddable":true,"href":"https:\/\/noticiasdestaque.com.br\/index.php\/wp-json\/wp\/v2\/media\/48480"}],"wp:attachment":[{"href":"https:\/\/noticiasdestaque.com.br\/index.php\/wp-json\/wp\/v2\/media?parent=48414"}],"wp:term":[{"taxonomy":"category","embeddable":true,"href":"https:\/\/noticiasdestaque.com.br\/index.php\/wp-json\/wp\/v2\/categories?post=48414"},{"taxonomy":"post_tag","embeddable":true,"href":"https:\/\/noticiasdestaque.com.br\/index.php\/wp-json\/wp\/v2\/tags?post=48414"}],"curies":[{"name":"wp","href":"https:\/\/api.w.org\/{rel}","templated":true}]}}