{"id":48406,"date":"2025-12-17T04:55:00","date_gmt":"2025-12-17T07:55:00","guid":{"rendered":"https:\/\/noticiasdestaque.com.br\/index.php\/2025\/12\/17\/carne-feita-em-impressora-3d-projeto-cria-proteina-sem-abate-animal\/"},"modified":"2025-12-17T07:37:50","modified_gmt":"2025-12-17T10:37:50","slug":"carne-feita-em-impressora-3d-projeto-cria-proteina-sem-abate-animal","status":"publish","type":"post","link":"https:\/\/noticiasdestaque.com.br\/index.php\/2025\/12\/17\/carne-feita-em-impressora-3d-projeto-cria-proteina-sem-abate-animal\/","title":{"rendered":"Carne feita em impressora 3D: projeto cria prote\u00edna sem abate animal"},"content":{"rendered":"<p>\t\t\t\t\t\t\t\t\t\t<audio controls class=\"b61_audio_player\" data-noticia=\"86489\" src=\"https:\/\/brasil61.com\/rails\/active_storage\/blobs\/eyJfcmFpbHMiOnsibWVzc2FnZSI6IkJBaHBBMmZYQXc9PSIsImV4cCI6bnVsbCwicHVyIjoiYmxvYl9pZCJ9fQ==--4f442123893dadc08840f7db27d0d01cae973cb7\/PIND254714A\"><\/audio><\/p>\n<p><strong>J\u00e1 imaginou comer uma carne produzida em uma impressora 3D?<\/strong> Essa \u00e9 a proposta de pesquisadores do SENAI CIMATEC, em Salvador (BA), que h\u00e1 dois anos desenvolvem a <strong>CELLMEAT 3D<\/strong>, uma carne cultivada em laborat\u00f3rio. O projeto venceu o Pr\u00eamio Finep Nordeste de Inova\u00e7\u00e3o 2025, na categoria Agroind\u00fastrias Sustent\u00e1veis, e agora concorre \u00e0 etapa nacional da premia\u00e7\u00e3o.<\/p>\n<p>Diferentemente da carne convencional, a CELLMEAT 3D \u00e9 produzida a partir de c\u00e9lulas animais coletadas por bi\u00f3psia, <strong>sem a necessidade de abate ou sofrimento do animal<\/strong>. A pesquisadora das atividades cient\u00edficas do Projeto CELLMEAT 3D, <strong>Keina Dourado<\/strong>, explica como funciona o processo.<\/p>\n<p>\u201cUma vez coletada, essa c\u00e9lula \u00e9 colocada em um ambiente controlado, onde vai receber todos os nutrientes para se multiplicar. Ent\u00e3o, vamos conseguir uma quantidade suficiente dessa c\u00e9lula e depois elas v\u00e3o ser estimuladas a virar um tecido, que pode ser, por exemplo, m\u00fasculo ou gordura\u201d, explica.<\/p>\n<p><strong>A impressora 3D entra em cena para dar forma e textura semelhantes \u00e0s da carne tradicional<\/strong>. Depois da impress\u00e3o, o produto ainda passa por um per\u00edodo de matura\u00e7\u00e3o.<\/p>\n<p><img decoding=\"async\" style=\"width:100%\" alt=\"Foto: SENAI CIMATEC\/Divulga\u00e7\u00e3o\" src=\"\/\/s3-sa-east-1.amazonaws.com\/agencia-radio-arb\/6612\/content_carne1.jpg\" title=\"Foto: SENAI CIMATEC\/Divulga\u00e7\u00e3o\" \/><\/p>\n<h2>Alternativa para a produ\u00e7\u00e3o de prote\u00ednas<\/h2>\n<p>Segundo Keina Dourado, o objetivo do projeto <strong>n\u00e3o \u00e9 substituir a carne convencional, mas ampliar as alternativas de produ\u00e7\u00e3o de prote\u00ednas<\/strong>. \u201cSabemos que a demanda por prote\u00ednas vai aumentar significativamente nos pr\u00f3ximos anos e, por isso, vamos ampliar essas op\u00e7\u00f5es com menor impacto ambiental e maior respeito ao bem-estar animal\u201d, afirma.\u00a0<\/p>\n<p>Ela ressalta ainda que a tecnologia tem potencial para, no futuro, ajustar a composi\u00e7\u00e3o nutricional da carne, tornando o produto mais saud\u00e1vel e adaptado a necessidades alimentares espec\u00edficas.<\/p>\n<p>Apesar dos avan\u00e7os e do reconhecimento, <strong>o produto ainda n\u00e3o est\u00e1 pronto para o mercado<\/strong>. A pesquisadora ressalta que <strong>o projeto segue em fase de desenvolvimento<\/strong>. \u201cAinda n\u00e3o temos dados consolidados sobre perfil nutricional ou sobre a parte sensorial, como sabor e textura deste produto. Essas an\u00e1lises fazem parte das pr\u00f3ximas etapas do projeto\u201d, explica.<\/p>\n<p>Estudos conduzidos por grupos internacionais, no entanto, j\u00e1 indicam que a carne cultivada pode ter composi\u00e7\u00e3o nutricional semelhante \u00e0 convencional e boa aceita\u00e7\u00e3o do p\u00fablico em termos de sabor. \u201cEm alguns pa\u00edses, inclusive, esse produto j\u00e1 est\u00e1 sendo comercializado em pequena escala\u201d, observa Dourado.<\/p>\n<table border=\"1\" cellpadding=\"1\" cellspacing=\"1\" style=\"width:600px\">\n<tbody>\n<tr>\n<td><img decoding=\"async\" style=\"width:100%\" alt=\"Foto: SENAI CIMATEC\/Divulga\u00e7\u00e3o\" src=\"\/\/s3-sa-east-1.amazonaws.com\/agencia-radio-arb\/6613\/content_carne2.jpg\" title=\"Foto: SENAI CIMATEC\/Divulga\u00e7\u00e3o\" \/><\/td>\n<td><img decoding=\"async\" style=\"width:100%\" alt=\"Foto: SENAI CIMATEC\/Divulga\u00e7\u00e3o\" src=\"\/\/s3-sa-east-1.amazonaws.com\/agencia-radio-arb\/6614\/content_carne3.jpg\" title=\"Foto: SENAI CIMATEC\/Divulga\u00e7\u00e3o\" \/><\/td>\n<\/tr>\n<\/tbody>\n<\/table>\n<h2>Alto custo ainda \u00e9 desafio<\/h2>\n<p>Hoje, um dos maiores obst\u00e1culos para a produ\u00e7\u00e3o da carne cultivada em laborat\u00f3rio \u00e9 o <strong>alto custo da tecnologia<\/strong>, justamente por ainda estar<strong> em fase de desenvolvimento<\/strong>.<\/p>\n<p>\u201cOs nutrientes, os equipamentos e muitos desses insumos utilizados para produ\u00e7\u00e3o ainda v\u00eam da ind\u00fastria farmac\u00eautica. Ent\u00e3o, ainda precisamos trabalhar no desenvolvimento de insumos mais acess\u00edveis em termos de custo, para que o custo do produto final tamb\u00e9m seja mais compat\u00edvel com o que a ind\u00fastria aliment\u00edcia precisa\u201d, explica a pesquisadora do CIMATEC.<\/p>\n<h2>Regulamenta\u00e7\u00e3o no Brasil<\/h2>\n<p>No campo regulat\u00f3rio, o Brasil j\u00e1 deu passos importantes. Em 2024, entrou em vigor a Resolu\u00e7\u00e3o <a href=\"https:\/\/www.in.gov.br\/en\/web\/dou\/-\/resolucao-rdc-n-839-de-14-de-dezembro-de-2023-531394967\" target=\"_blank\">RDC 839\/2023<\/a>, da Ag\u00eancia Nacional de Vigil\u00e2ncia Sanit\u00e1ria (Anvisa), que moderniza as regras para a avalia\u00e7\u00e3o de seguran\u00e7a e autoriza\u00e7\u00e3o de novos alimentos e ingredientes.<\/p>\n<p>Apesar disso, Dourado afirma que<strong> ainda \u00e9 necess\u00e1rio fazer algumas defini\u00e7\u00f5es e ajustes na norma para regulamentar a produ\u00e7\u00e3o e comercializa\u00e7\u00e3o de carne cultivada em laborat\u00f3rio<\/strong>. \u201cExiste um di\u00e1logo entre pesquisadores e \u00f3rg\u00e3os reguladores para que possamos estar juntos nesse processo de constru\u00e7\u00e3o de tudo que precisa para regulamentar a comercializa\u00e7\u00e3o e a pesquisa da carne cultivada\u201d, afirma.<\/p>\n<h2>Incentivo \u00e0 ci\u00eancia e \u00e0 inova\u00e7\u00e3o<\/h2>\n<p>Para a pesquisadora, o pr\u00eamio Finep Nordeste de Inova\u00e7\u00e3o 2025 refor\u00e7a a import\u00e2ncia do projeto. \u201cEsse reconhecimento mostra que a<strong> ci\u00eancia desenvolvida aqui est\u00e1 alinhada com os grandes desafios globais<\/strong> e que temos a capacidade de desenvolver tecnologias de ponta dentro do nosso pr\u00f3prio ecossistema\u201d, afirma. \u201cIsso fortalece a confian\u00e7a, tanto dos nossos parceiros, quanto da ind\u00fastria e da sociedade em geral no trabalho que estamos fazendo\u201d, conclui.<\/p>\n<p><strong>VEJA MAIS:<\/strong><\/p>\n<ul>\n<li><a href=\"https:\/\/brasil61.com\/n\/app-chatbot-e-rede-mei-saiba-mais-sobre-as-novas-iniciativas-digitais-lancadas-para-microempreendedores-bras2515317\" target=\"_blank\">App, Chatbot e Rede MEI: saiba mais sobre as novas iniciativas digitais lan\u00e7adas para microempreendedores<\/a><\/li>\n<li><a href=\"https:\/\/brasil61.com\/n\/iel-abre-1-5-mil-vagas-de-estagio-em-todo-o-pais-bolsas-chegam-a-r-2-5-mil-pind254710\" target=\"_blank\">IEL abre 1,5 mil vagas de est\u00e1gio em todo o pa\u00eds; bolsas chegam a R$ 2,5 mil<\/a><\/li>\n<li><a href=\"https:\/\/brasil61.com\/n\/jornada-nacional-de-inovacao-avanca-pelo-pais-e-reforca-potencial-regional-da-industria-pind254705\" target=\"_blank\">Jornada Nacional de Inova\u00e7\u00e3o avan\u00e7a pelo pa\u00eds e refor\u00e7a potencial regional da ind\u00fastria<\/a><\/li>\n<\/ul>\n<p>\t\t\t\t\t\t\t\t\t<img loading=\"lazy\" decoding=\"async\" src=\"https:\/\/brasil61.com\/api\/v1\/serve_pixel\/17677\/86489\" alt=\"Pixel Brasil 61\" class=\"b61_pixel\" width=\"0\" height=\"0\"><\/p>\n<input type=\"hidden\" id=\"baseurl\" value=\"https:\/\/noticiasdestaque.com.br\"><input type=\"hidden\" id=\"audio_nonce\" value=\"6a24ca502e\">","protected":false},"excerpt":{"rendered":"<p>Desenvolvida pelo SENAI CIMATEC, na Bahia, a carne cultivada em laborat\u00f3rio promete reduzir impactos ambientais e ampliar as op\u00e7\u00f5es de prote\u00edna<\/p>\n","protected":false},"author":1,"featured_media":48411,"comment_status":"open","ping_status":"open","sticky":false,"template":"","format":"standard","meta":{"fifu_image_url":"","fifu_image_alt":"","footnotes":""},"categories":[54],"tags":[],"class_list":["post-48406","post","type-post","status-publish","format-standard","has-post-thumbnail","hentry","category-tecnologia"],"distributor_meta":false,"distributor_terms":false,"distributor_media":false,"distributor_original_site_name":"Noticias em Destaque","distributor_original_site_url":"https:\/\/noticiasdestaque.com.br","push-errors":false,"_links":{"self":[{"href":"https:\/\/noticiasdestaque.com.br\/index.php\/wp-json\/wp\/v2\/posts\/48406","targetHints":{"allow":["GET"]}}],"collection":[{"href":"https:\/\/noticiasdestaque.com.br\/index.php\/wp-json\/wp\/v2\/posts"}],"about":[{"href":"https:\/\/noticiasdestaque.com.br\/index.php\/wp-json\/wp\/v2\/types\/post"}],"author":[{"embeddable":true,"href":"https:\/\/noticiasdestaque.com.br\/index.php\/wp-json\/wp\/v2\/users\/1"}],"replies":[{"embeddable":true,"href":"https:\/\/noticiasdestaque.com.br\/index.php\/wp-json\/wp\/v2\/comments?post=48406"}],"version-history":[{"count":1,"href":"https:\/\/noticiasdestaque.com.br\/index.php\/wp-json\/wp\/v2\/posts\/48406\/revisions"}],"predecessor-version":[{"id":48410,"href":"https:\/\/noticiasdestaque.com.br\/index.php\/wp-json\/wp\/v2\/posts\/48406\/revisions\/48410"}],"wp:featuredmedia":[{"embeddable":true,"href":"https:\/\/noticiasdestaque.com.br\/index.php\/wp-json\/wp\/v2\/media\/48411"}],"wp:attachment":[{"href":"https:\/\/noticiasdestaque.com.br\/index.php\/wp-json\/wp\/v2\/media?parent=48406"}],"wp:term":[{"taxonomy":"category","embeddable":true,"href":"https:\/\/noticiasdestaque.com.br\/index.php\/wp-json\/wp\/v2\/categories?post=48406"},{"taxonomy":"post_tag","embeddable":true,"href":"https:\/\/noticiasdestaque.com.br\/index.php\/wp-json\/wp\/v2\/tags?post=48406"}],"curies":[{"name":"wp","href":"https:\/\/api.w.org\/{rel}","templated":true}]}}