{"id":48400,"date":"2025-12-17T04:25:00","date_gmt":"2025-12-17T07:25:00","guid":{"rendered":"https:\/\/noticiasdestaque.com.br\/index.php\/2025\/12\/17\/gripe-k-nova-variante-preocupa-oms-e-acende-alerta-global-para-2026\/"},"modified":"2025-12-17T04:25:00","modified_gmt":"2025-12-17T07:25:00","slug":"gripe-k-nova-variante-preocupa-oms-e-acende-alerta-global-para-2026","status":"publish","type":"post","link":"https:\/\/noticiasdestaque.com.br\/index.php\/2025\/12\/17\/gripe-k-nova-variante-preocupa-oms-e-acende-alerta-global-para-2026\/","title":{"rendered":"Gripe K: nova variante preocupa OMS e acende alerta global para 2026"},"content":{"rendered":"<p>\t\t\t\t\t\t\t\t\t\t\t<audio controls class=\"b61_audio_player\" data-noticia=\"86491\" src=\"https:\/\/brasil61.com\/rails\/active_storage\/blobs\/eyJfcmFpbHMiOnsibWVzc2FnZSI6IkJBaHBBMjdYQXc9PSIsImV4cCI6bnVsbCwicHVyIjoiYmxvYl9pZCJ9fQ==--d067873b157e1d17d8cc4c170dd5e1c989e512a4\/BRAS2515349A\"><\/audio><\/p>\n<p>Uma nova variante do v\u00edrus da gripe recebeu aten\u00e7\u00e3o especial das autoridades de sa\u00fade globais. Trata-se do subclado K do v\u00edrus influenza A(H3N2), que vem circulando em v\u00e1rios pa\u00edses e motivou um alerta da <strong>Organiza\u00e7\u00e3o Mundial da Sa\u00fade<\/strong> (<a href=\"https:\/\/www.who.int\/pt\/about\">OMS<\/a>) e da <strong>Organiza\u00e7\u00e3o Pan-Americana da Sa\u00fade<\/strong> (<a href=\"https:\/\/www.paho.org\/pt\/brasil\">OPAS<\/a>) para a temporada de 2026.\u00a0<\/p>\n<\/p>\n<p dir=\"ltr\">Segundo os organismos de sa\u00fade, embora ainda n\u00e3o haja evid\u00eancia de que a variante cause doen\u00e7a mais grave do que outras formas de influenza, sua dissemina\u00e7\u00e3o tem sido mais r\u00e1pida em regi\u00f5es da Europa, \u00c1sia e Am\u00e9rica do Norte, levantando preocupa\u00e7\u00e3o sobre uma poss\u00edvel antecipa\u00e7\u00e3o e maior intensidade da temporada de gripes no pr\u00f3ximo ano.<\/p>\n<p dir=\"ltr\">Os sintomas associados \u00e0 Gripe K s\u00e3o similares aos da gripe sazonal tradicional, incluindo febre, tosse, dor de garganta, dores no corpo, mal-estar e fadiga, caracter\u00edsticas t\u00edpicas da influenza.\u00a0<\/p>\n<p dir=\"ltr\">A <a href=\"https:\/\/www.paho.org\/pt\/brasil\">OPAS<\/a> refor\u00e7a que a evolu\u00e7\u00e3o gen\u00e9tica observada nos v\u00edrus \u00e9 parte natural da din\u00e2mica da influenza e n\u00e3o indica necessariamente maior severidade, mas exige fortalecimento da vigil\u00e2ncia gen\u00f4mica e preparo dos sistemas de sa\u00fade para resposta r\u00e1pida.\u00a0<\/p>\n<h2 dir=\"ltr\">Entre as recomenda\u00e7\u00f5es est\u00e3o:<\/h2>\n<ul dir=\"ltr\">\n<li>Amplia\u00e7\u00e3o da cobertura vacinal, especialmente entre idosos, gestantes, crian\u00e7as pequenas e pessoas com doen\u00e7as cr\u00f4nicas.<\/li>\n<li>Diagn\u00f3stico e tratamento oportunos dos casos.\u00a0<\/li>\n<li>Medidas individuais de preven\u00e7\u00e3o, como lavar as m\u00e3os, cobrir boca e nariz ao tossir e evitar contato pr\u00f3ximo quando com sintomas respirat\u00f3rios.<\/li>\n<\/ul>\n<p dir=\"ltr\">Autoridades de sa\u00fade alertam que a vacina\u00e7\u00e3o continua sendo a ferramenta mais eficaz para reduzir casos graves, interna\u00e7\u00f5es e mortes relacionadas \u00e0 influenza na pr\u00f3xima temporada.\u00a0<\/p>\n<p>\t\t\t\t\t\t\t\t\t\t<img loading=\"lazy\" decoding=\"async\" src=\"https:\/\/brasil61.com\/api\/v1\/serve_pixel\/17677\/86491\" alt=\"Pixel Brasil 61\" class=\"b61_pixel\" width=\"0\" height=\"0\"><\/p>\n<input type=\"hidden\" id=\"baseurl\" value=\"https:\/\/noticiasdestaque.com.br\"><input type=\"hidden\" id=\"audio_nonce\" value=\"6f73a554f1\">","protected":false},"excerpt":{"rendered":"<p>A Organiza\u00e7\u00e3o Mundial da Sa\u00fade (OMS) e a Organiza\u00e7\u00e3o Pan-Americana da Sa\u00fade (OPAS) emitiram alerta sobre a r\u00e1pida circula\u00e7\u00e3o global do v\u00edrus influenza A(H3N2) subclado K (J.2.4.1), potencialmente antecipando uma temporada de gripe mais intensa j\u00e1 no final de 2025 e in\u00edcio de 2026<\/p>\n","protected":false},"author":1,"featured_media":48401,"comment_status":"open","ping_status":"open","sticky":false,"template":"","format":"standard","meta":{"fifu_image_url":"","fifu_image_alt":"","footnotes":""},"categories":[48],"tags":[],"class_list":["post-48400","post","type-post","status-publish","format-standard","has-post-thumbnail","hentry","category-mundo"],"distributor_meta":false,"distributor_terms":false,"distributor_media":false,"distributor_original_site_name":"Noticias em Destaque","distributor_original_site_url":"https:\/\/noticiasdestaque.com.br","push-errors":false,"_links":{"self":[{"href":"https:\/\/noticiasdestaque.com.br\/index.php\/wp-json\/wp\/v2\/posts\/48400","targetHints":{"allow":["GET"]}}],"collection":[{"href":"https:\/\/noticiasdestaque.com.br\/index.php\/wp-json\/wp\/v2\/posts"}],"about":[{"href":"https:\/\/noticiasdestaque.com.br\/index.php\/wp-json\/wp\/v2\/types\/post"}],"author":[{"embeddable":true,"href":"https:\/\/noticiasdestaque.com.br\/index.php\/wp-json\/wp\/v2\/users\/1"}],"replies":[{"embeddable":true,"href":"https:\/\/noticiasdestaque.com.br\/index.php\/wp-json\/wp\/v2\/comments?post=48400"}],"version-history":[{"count":0,"href":"https:\/\/noticiasdestaque.com.br\/index.php\/wp-json\/wp\/v2\/posts\/48400\/revisions"}],"wp:featuredmedia":[{"embeddable":true,"href":"https:\/\/noticiasdestaque.com.br\/index.php\/wp-json\/wp\/v2\/media\/48401"}],"wp:attachment":[{"href":"https:\/\/noticiasdestaque.com.br\/index.php\/wp-json\/wp\/v2\/media?parent=48400"}],"wp:term":[{"taxonomy":"category","embeddable":true,"href":"https:\/\/noticiasdestaque.com.br\/index.php\/wp-json\/wp\/v2\/categories?post=48400"},{"taxonomy":"post_tag","embeddable":true,"href":"https:\/\/noticiasdestaque.com.br\/index.php\/wp-json\/wp\/v2\/tags?post=48400"}],"curies":[{"name":"wp","href":"https:\/\/api.w.org\/{rel}","templated":true}]}}