{"id":48396,"date":"2025-12-17T04:30:00","date_gmt":"2025-12-17T07:30:00","guid":{"rendered":"https:\/\/noticiasdestaque.com.br\/index.php\/2025\/12\/17\/ipc-s-sobe-024-na-2a-quadrissemana-de-dezembro-e-sinaliza-desaceleracao-da-inflacao\/"},"modified":"2025-12-17T07:24:02","modified_gmt":"2025-12-17T10:24:02","slug":"ipc-s-sobe-024-na-2a-quadrissemana-de-dezembro-e-sinaliza-desaceleracao-da-inflacao","status":"publish","type":"post","link":"https:\/\/noticiasdestaque.com.br\/index.php\/2025\/12\/17\/ipc-s-sobe-024-na-2a-quadrissemana-de-dezembro-e-sinaliza-desaceleracao-da-inflacao\/","title":{"rendered":"IPC-S sobe 0,24% na 2\u00aa quadrissemana de dezembro e sinaliza desacelera\u00e7\u00e3o da infla\u00e7\u00e3o"},"content":{"rendered":"<p>\t\t\t\t\t\t\t\t\t\t<audio controls class=\"b61_audio_player\" data-noticia=\"86493\" src=\"https:\/\/brasil61.com\/rails\/active_storage\/blobs\/eyJfcmFpbHMiOnsibWVzc2FnZSI6IkJBaHBBMzdYQXc9PSIsImV4cCI6bnVsbCwicHVyIjoiYmxvYl9pZCJ9fQ==--2537e439d4d9dc3ad20e62027ba1b338ce3e1896\/BRAS2515350A\"><\/audio><\/p>\n<p>Divulgado pela <strong>Funda\u00e7\u00e3o Get\u00falio Vargas<\/strong> (<a href=\"https:\/\/portalibre.fgv.br\/\">FGV<\/a>) nesta <strong>ter\u00e7a-feira (16)<\/strong>, o <strong>\u00cdndice de Pre\u00e7os ao Consumidor &#8211; Semanal (IPC-S)<\/strong> da segunda quadrissemana de dezembro de 2025 <strong>subiu 0,24%<\/strong> e <strong>acumula alta de 3,97% nos \u00faltimos 12 meses<\/strong>. A primeira quadrissemana do m\u00eas apresentou <strong>aumento de 0,26%<\/strong>. O per\u00edodo avaliado pelo \u00edndice corresponde \u00e0s quatro semanas entre os dias 16 de novembro e 15 de dezembro de 2025.<\/p>\n<p>O <strong>IPC-S <\/strong>atua como um <strong>medidor a curto prazo da infla\u00e7\u00e3o<\/strong> para fam\u00edlias de <strong>renda entre um e 33 sal\u00e1rios m\u00ednimos<\/strong>, e pode auxiliar na identifica\u00e7\u00e3o de tend\u00eancias. Em uma compara\u00e7\u00e3o da varia\u00e7\u00e3o acumulada em 12 meses, por exemplo, o resultado da segunda quadrissemana de dezembro mostrou<strong> desacelera\u00e7\u00e3o da infla\u00e7\u00e3o <\/strong>em rela\u00e7\u00e3o \u00e0s quadrissemanas anteriores.<\/p>\n<p>\u00a0<\/p>\n<h2>Evolu\u00e7\u00e3o quadrissemanal em 12 meses:<\/h2>\n<ul>\n<li>11\/25 (Q2): +3,99%<\/li>\n<li>11\/25 (Q3): +3,98%<\/li>\n<li>11\/25 (Q4): +4,03%<\/li>\n<li>12\/25 (Q1): +3,99%<\/li>\n<li>11\/25 (Q2): <strong>+3,97%<\/strong><\/li>\n<\/ul>\n<p>\u00a0<\/p>\n<p>Dentre as oito classes de despesas que comp\u00f5em o c\u00e1lculo do \u00edndice, tr\u00eas registraram decr\u00e9scimo em suas taxas de varia\u00e7\u00e3o. A maior contribui\u00e7\u00e3o veio da classe <b>Educa\u00e7\u00e3o, Leitura e Recrea\u00e7\u00e3o<\/b>, cuja taxa reduziu de <strong>2,21%<\/strong>, na primeira quadrissemana de dezembro, para <strong>1,88%<\/strong> na segunda. <b>Sa\u00fade e Cuidados Pessoais<\/b> e <b>Comunica\u00e7\u00e3o<\/b> foram as outras classes com decr\u00e9scimo, caindo de<strong> 0,17%<\/strong> para <strong>0,03%<\/strong> e de <strong>0,10%<\/strong> para <strong>0,06%,\u00a0<\/strong>respectivamente.<\/p>\n<p>Em contrapartida, as taxas de varia\u00e7\u00e3o apresentaram <strong>aumento<\/strong> entre as duas quadrissemanas nas classes de <b>Vestu\u00e1rio<\/b> (<strong>-1,33%<\/strong> para <strong>-1,13%<\/strong>), <b>Transportes<\/b> (<strong>0,10%<\/strong> para <strong>0,18%<\/strong>), <b>Alimenta\u00e7\u00e3o<\/b> (<strong>-0,10%<\/strong> para <strong>-0,07%<\/strong>), <b>Despesas<\/b> <b>Diversas<\/b> (<strong>0,01%<\/strong> para <strong>0,04%<\/strong>) e <b>Habita\u00e7\u00e3o<\/b> (<strong>0,36%<\/strong> para <strong>0,37%<\/strong>).<\/p>\n<p>\u00a0<\/p>\n<h3>Itens com maiores influ\u00eancias positivas (<strong>Q1 &#8211; Q2<\/strong>):<\/h3>\n<ul>\n<li>Passagem a\u00e9rea: 16,28% \u2014 13,43%;<\/li>\n<li>Tarifa de eletricidade residencial: 2,25% \u2014 2,20%;<\/li>\n<li>Aluguel residencial: 0,56% \u2014 0,54%;<\/li>\n<li>Refei\u00e7\u00f5es em bares e restaurantes: 0,76% \u2014 0,59%;<\/li>\n<li>Plano e seguro de sa\u00fade: 0,44% \u2014 0,44%.<\/li>\n<\/ul>\n<p>\u00a0<\/p>\n<h3>Itens com maiores influ\u00eancias negativas (<strong>Q1 &#8211; Q2<\/strong>):<\/h3>\n<ul>\n<li>Perfume: -3,77% \u2014 -5,18%;<\/li>\n<li>Tomate: -16,60% \u2014 -16,64%;<\/li>\n<li>Leite tipo longa vida: -5,93% \u2014 -5,16%;<\/li>\n<li>Tarifa de \u00f4nibus urbano: -1,22% \u2014 -1,22%;<\/li>\n<li>Aparelho telef\u00f4nico celular: -1,64% \u2014 -1,59%.<\/li>\n<\/ul>\n<p>\u00a0<\/p>\n<p>Os dados s\u00e3o da <a href=\"https:\/\/portalibre.fgv.br\/system\/files\/divulgacao\/noticias\/mat-complementar\/2025-12\/IPC-S_1105%20FGV%20press%20release_0.pdf\">FGV<\/a>.<\/p>\n<p>\t\t\t\t\t\t\t\t\t<img loading=\"lazy\" decoding=\"async\" src=\"https:\/\/brasil61.com\/api\/v1\/serve_pixel\/17677\/86493\" alt=\"Pixel Brasil 61\" class=\"b61_pixel\" width=\"0\" height=\"0\"><\/p>\n<input type=\"hidden\" id=\"baseurl\" value=\"https:\/\/noticiasdestaque.com.br\"><input type=\"hidden\" id=\"audio_nonce\" value=\"6f73a554f1\">","protected":false},"excerpt":{"rendered":"<p>\u00cdndice foi menor do que o de 0,26% da quadrissemana anterior; varia\u00e7\u00e3o acumulada de 12 meses tamb\u00e9m mostra queda<\/p>\n","protected":false},"author":1,"featured_media":48409,"comment_status":"open","ping_status":"open","sticky":false,"template":"","format":"standard","meta":{"fifu_image_url":"","fifu_image_alt":"","footnotes":""},"categories":[59],"tags":[],"class_list":["post-48396","post","type-post","status-publish","format-standard","has-post-thumbnail","hentry","category-economia"],"distributor_meta":false,"distributor_terms":false,"distributor_media":false,"distributor_original_site_name":"Noticias em Destaque","distributor_original_site_url":"https:\/\/noticiasdestaque.com.br","push-errors":false,"_links":{"self":[{"href":"https:\/\/noticiasdestaque.com.br\/index.php\/wp-json\/wp\/v2\/posts\/48396","targetHints":{"allow":["GET"]}}],"collection":[{"href":"https:\/\/noticiasdestaque.com.br\/index.php\/wp-json\/wp\/v2\/posts"}],"about":[{"href":"https:\/\/noticiasdestaque.com.br\/index.php\/wp-json\/wp\/v2\/types\/post"}],"author":[{"embeddable":true,"href":"https:\/\/noticiasdestaque.com.br\/index.php\/wp-json\/wp\/v2\/users\/1"}],"replies":[{"embeddable":true,"href":"https:\/\/noticiasdestaque.com.br\/index.php\/wp-json\/wp\/v2\/comments?post=48396"}],"version-history":[{"count":1,"href":"https:\/\/noticiasdestaque.com.br\/index.php\/wp-json\/wp\/v2\/posts\/48396\/revisions"}],"predecessor-version":[{"id":48408,"href":"https:\/\/noticiasdestaque.com.br\/index.php\/wp-json\/wp\/v2\/posts\/48396\/revisions\/48408"}],"wp:featuredmedia":[{"embeddable":true,"href":"https:\/\/noticiasdestaque.com.br\/index.php\/wp-json\/wp\/v2\/media\/48409"}],"wp:attachment":[{"href":"https:\/\/noticiasdestaque.com.br\/index.php\/wp-json\/wp\/v2\/media?parent=48396"}],"wp:term":[{"taxonomy":"category","embeddable":true,"href":"https:\/\/noticiasdestaque.com.br\/index.php\/wp-json\/wp\/v2\/categories?post=48396"},{"taxonomy":"post_tag","embeddable":true,"href":"https:\/\/noticiasdestaque.com.br\/index.php\/wp-json\/wp\/v2\/tags?post=48396"}],"curies":[{"name":"wp","href":"https:\/\/api.w.org\/{rel}","templated":true}]}}