{"id":48376,"date":"2025-12-16T11:00:00","date_gmt":"2025-12-16T14:00:00","guid":{"rendered":"https:\/\/noticiasdestaque.com.br\/index.php\/2025\/12\/16\/opas-alerta-que-proxima-temporada-de-gripe-pode-ser-mais-intensa-nas-americas\/"},"modified":"2025-12-16T11:00:00","modified_gmt":"2025-12-16T14:00:00","slug":"opas-alerta-que-proxima-temporada-de-gripe-pode-ser-mais-intensa-nas-americas","status":"publish","type":"post","link":"https:\/\/noticiasdestaque.com.br\/index.php\/2025\/12\/16\/opas-alerta-que-proxima-temporada-de-gripe-pode-ser-mais-intensa-nas-americas\/","title":{"rendered":"OPAS alerta que pr\u00f3xima temporada de gripe pode ser mais intensa nas Am\u00e9ricas"},"content":{"rendered":"<p>\t\t\t\t\t\t\t\t\t\t\t<audio controls class=\"b61_audio_player\" data-noticia=\"86460\" src=\"https:\/\/brasil61.com\/rails\/active_storage\/blobs\/eyJfcmFpbHMiOnsibWVzc2FnZSI6IkJBaHBBMC9XQXc9PSIsImV4cCI6bnVsbCwicHVyIjoiYmxvYl9pZCJ9fQ==--8dd5180fe587cf76cab28116c304bebff89fca9e\/BRAS2515340A\"><\/audio><\/p>\n<p>\u00a0<\/p>\n<\/p>\n<p dir=\"ltr\">A <strong>Organiza\u00e7\u00e3o Pan-Americana da Sa\u00fade<\/strong> (<a href=\"https:\/\/www.paho.org\/pt\/brasil\">OPAS<\/a>) alertou os pa\u00edses das Am\u00e9ricas para a possibilidade de uma <strong>temporada de gripe mais intensa ou antecipada em 2026<\/strong>. De acordo com a entidade, a maior circula\u00e7\u00e3o de v\u00edrus respirat\u00f3rios pode aumentar o n\u00famero de <strong>casos graves, interna\u00e7\u00f5es e pressionar os sistemas de sa\u00fade, especialmente durante os per\u00edodos de pico<\/strong>.<\/p>\n<p dir=\"ltr\">Segundo a <a href=\"http:\/\/https:\/\/www.paho.org\/pt\/brasil\">OPAS<\/a>, a experi\u00eancia recente com a retomada da <strong>circula\u00e7\u00e3o de v\u00edrus respirat\u00f3rios ap\u00f3s a pandemia de covid-19 indica a necessidade de planejamento antecipado<\/strong>. A organiza\u00e7\u00e3o destaca que os pa\u00edses devem fortalecer a vigil\u00e2ncia epidemiol\u00f3gica e laboratorial, garantindo a identifica\u00e7\u00e3o precoce dos v\u00edrus em circula\u00e7\u00e3o e o monitoramento de poss\u00edveis mudan\u00e7as no padr\u00e3o da doen\u00e7a.<\/p>\n<p dir=\"ltr\">Entre as principais <strong>recomenda\u00e7\u00f5es <\/strong>est\u00e1 o <strong>refor\u00e7o das campanhas de vacina\u00e7\u00e3o contra a influenza<\/strong>, sobretudo para os grupos mais vulner\u00e1veis, como idosos, crian\u00e7as pequenas, gestantes, profissionais de sa\u00fade e pessoas com doen\u00e7as cr\u00f4nicas. A <a href=\"https:\/\/www.paho.org\/pt\/brasil\">OPAS<\/a> ressalta que a vacina\u00e7\u00e3o continua sendo a forma mais eficaz de prevenir casos graves, complica\u00e7\u00f5es e \u00f3bitos associados \u00e0 gripe.<\/p>\n<p dir=\"ltr\">A entidade tamb\u00e9m orienta que os sistemas de sa\u00fade estejam preparados para um poss\u00edvel aumento da demanda por atendimentos, com planejamento de estoques de insumos, organiza\u00e7\u00e3o da rede assistencial e capacita\u00e7\u00e3o das equipes de sa\u00fade. Medidas simples de preven\u00e7\u00e3o, como higiene das m\u00e3os, uso de m\u00e1scaras em ambientes de risco e isolamento de pessoas com sintomas, tamb\u00e9m s\u00e3o refor\u00e7adas.<\/p>\n<p dir=\"ltr\">Para a <a href=\"https:\/\/www.paho.org\/pt\/brasil\">OPAS<\/a>, a ado\u00e7\u00e3o dessas a\u00e7\u00f5es de forma coordenada pode reduzir impactos sobre a popula\u00e7\u00e3o e evitar a sobrecarga dos servi\u00e7os de sa\u00fade durante a pr\u00f3xima temporada de gripe.<\/p>\n<p>\t\t\t\t\t\t\t\t\t\t<img loading=\"lazy\" decoding=\"async\" src=\"https:\/\/brasil61.com\/api\/v1\/serve_pixel\/17677\/86460\" alt=\"Pixel Brasil 61\" class=\"b61_pixel\" width=\"0\" height=\"0\"><\/p>\n<input type=\"hidden\" id=\"baseurl\" value=\"https:\/\/noticiasdestaque.com.br\"><input type=\"hidden\" id=\"audio_nonce\" value=\"6f73a554f1\">","protected":false},"excerpt":{"rendered":"<p>Organiza\u00e7\u00e3o recomenda refor\u00e7o da vacina\u00e7\u00e3o, vigil\u00e2ncia epidemiol\u00f3gica e prepara\u00e7\u00e3o dos sistemas de sa\u00fade<\/p>\n","protected":false},"author":1,"featured_media":48377,"comment_status":"open","ping_status":"open","sticky":false,"template":"","format":"standard","meta":{"fifu_image_url":"","fifu_image_alt":"","footnotes":""},"categories":[48],"tags":[],"class_list":["post-48376","post","type-post","status-publish","format-standard","has-post-thumbnail","hentry","category-mundo"],"distributor_meta":false,"distributor_terms":false,"distributor_media":false,"distributor_original_site_name":"Noticias em Destaque","distributor_original_site_url":"https:\/\/noticiasdestaque.com.br","push-errors":false,"_links":{"self":[{"href":"https:\/\/noticiasdestaque.com.br\/index.php\/wp-json\/wp\/v2\/posts\/48376","targetHints":{"allow":["GET"]}}],"collection":[{"href":"https:\/\/noticiasdestaque.com.br\/index.php\/wp-json\/wp\/v2\/posts"}],"about":[{"href":"https:\/\/noticiasdestaque.com.br\/index.php\/wp-json\/wp\/v2\/types\/post"}],"author":[{"embeddable":true,"href":"https:\/\/noticiasdestaque.com.br\/index.php\/wp-json\/wp\/v2\/users\/1"}],"replies":[{"embeddable":true,"href":"https:\/\/noticiasdestaque.com.br\/index.php\/wp-json\/wp\/v2\/comments?post=48376"}],"version-history":[{"count":0,"href":"https:\/\/noticiasdestaque.com.br\/index.php\/wp-json\/wp\/v2\/posts\/48376\/revisions"}],"wp:featuredmedia":[{"embeddable":true,"href":"https:\/\/noticiasdestaque.com.br\/index.php\/wp-json\/wp\/v2\/media\/48377"}],"wp:attachment":[{"href":"https:\/\/noticiasdestaque.com.br\/index.php\/wp-json\/wp\/v2\/media?parent=48376"}],"wp:term":[{"taxonomy":"category","embeddable":true,"href":"https:\/\/noticiasdestaque.com.br\/index.php\/wp-json\/wp\/v2\/categories?post=48376"},{"taxonomy":"post_tag","embeddable":true,"href":"https:\/\/noticiasdestaque.com.br\/index.php\/wp-json\/wp\/v2\/tags?post=48376"}],"curies":[{"name":"wp","href":"https:\/\/api.w.org\/{rel}","templated":true}]}}