{"id":48366,"date":"2025-12-16T04:15:00","date_gmt":"2025-12-16T07:15:00","guid":{"rendered":"https:\/\/noticiasdestaque.com.br\/index.php\/2025\/12\/16\/plataforma-da-nota-fiscal-de-servicos-eletronica-alcanca-adesao-de-5-mil-municipios\/"},"modified":"2025-12-17T23:07:10","modified_gmt":"2025-12-18T02:07:10","slug":"plataforma-da-nota-fiscal-de-servicos-eletronica-alcanca-adesao-de-5-mil-municipios","status":"publish","type":"post","link":"https:\/\/noticiasdestaque.com.br\/index.php\/2025\/12\/16\/plataforma-da-nota-fiscal-de-servicos-eletronica-alcanca-adesao-de-5-mil-municipios\/","title":{"rendered":"Plataforma da Nota Fiscal de Servi\u00e7os Eletr\u00f4nica alcan\u00e7a ades\u00e3o de 5 mil munic\u00edpios"},"content":{"rendered":"<p>\t\t\t\t\t\t\t\t\t\t<audio controls class=\"b61_audio_player\" data-noticia=\"86461\" src=\"https:\/\/brasil61.com\/rails\/active_storage\/blobs\/eyJfcmFpbHMiOnsibWVzc2FnZSI6IkJBaHBBMDdXQXc9PSIsImV4cCI6bnVsbCwicHVyIjoiYmxvYl9pZCJ9fQ==--e6ef695f3cebd66a5987717ae38e75ad86d10c9c\/BRAS2515341A\"><\/audio><\/p>\n<p>Cerca de <strong>5 mil munic\u00edpios brasileiros j\u00e1 aderiram \u00e0 plataforma da <a href=\"https:\/\/www.gov.br\/nfse\/pt-br\" target=\"_blank\">Nota Fiscal de Servi\u00e7os Eletr\u00f4nica (NFS-e)<\/a> de padr\u00e3o nacional<\/strong>, segundo dados da <a href=\"https:\/\/www.gov.br\/receitafederal\/pt-br\" target=\"_blank\">Receita Federal<\/a>. A ades\u00e3o municipal representa apenas a <strong>primeira etapa do processo<\/strong>. Na sequ\u00eancia, cada prefeitura precisa <strong>ativar o conv\u00eanio com o governo federal<\/strong> para integrar o <strong>Sistema de NFS-e<\/strong>.<\/p>\n<p>Segundo a Receita Federal, a amplia\u00e7\u00e3o da plataforma \u2014 que j\u00e1 alcan\u00e7a <strong>quase a totalidade dos munic\u00edpios do pa\u00eds <\/strong>\u2014 representa um <strong>avan\u00e7o estrat\u00e9gico para a implementa\u00e7\u00e3o da Reforma Tribut\u00e1ria sobre o Consumo<\/strong>. A reforma prev\u00ea maior padroniza\u00e7\u00e3o dos documentos fiscais e integra\u00e7\u00e3o entre Uni\u00e3o, estados e munic\u00edpios.<\/p>\n<p>Algumas unidades da federa\u00e7\u00e3o j\u00e1 alcan\u00e7aram <strong>100% de munic\u00edpios conveniados<\/strong> \u00e0 plataforma nacional. \u00c9 o caso dos estados de <strong>Rio de Janeiro, Santa Catarina, Mato Grosso, Rond\u00f4nia, Roraima e Goi\u00e1s<\/strong>.<\/p>\n<h2>Plataforma fortalece a gest\u00e3o tribut\u00e1ria<\/h2>\n<p>A plataforma da NFS-e oferece <strong>produtos e funcionalidades <\/strong>que permitem aos munic\u00edpios<strong> melhorar a gest\u00e3o tribut\u00e1ria e o controle fiscal<\/strong>. Para os contribuintes, o sistema facilita o cumprimento das <strong>obriga\u00e7\u00f5es acess\u00f3rias<\/strong>, como emitir notas, manter cadastro atualizado, prestar informa\u00e7\u00f5es ao fisco, entre outras. Segundo a Receita Federal, esses benef\u00edcios t\u00eam sido determinantes para o avan\u00e7o das ades\u00f5es.<\/p>\n<h2>Atualiza\u00e7\u00e3o do layout da NFS-e<\/h2>\n<p>Como parte das adequa\u00e7\u00f5es necess\u00e1rias para a operacionaliza\u00e7\u00e3o da <strong>Reforma Tribut\u00e1ria sobre o Consumo<\/strong>, foi divulgado no \u00faltimo dia 10 de dezembro o<strong> novo layout da Nota Fiscal de Servi\u00e7os Eletr\u00f4nica (NFS-e)<\/strong>, aplic\u00e1vel tanto a <strong>empresas <\/strong>quanto a <strong>munic\u00edpios<\/strong>.<\/p>\n<p>As especifica\u00e7\u00f5es t\u00e9cnicas e demais detalhes est\u00e3o dispon\u00edveis no <a href=\"https:\/\/www.gov.br\/nfse\/pt-br\/noticias\/nfs-e-nova-nota-tecnica\" target=\"_blank\">Portal da Nota Fiscal de Servi\u00e7os Eletr\u00f4nica<\/a>.<\/p>\n<p><strong>VEJA MAIS:<\/strong><\/p>\n<ul>\n<li><a href=\"https:\/\/brasil61.com\/n\/congresso-se-prepara-para-semana-com-votacoes-sobre-orcamento-seguranca-publica-e-pl-antifaccao-bras2515322\" target=\"_blank\">Congresso se prepara para semana com vota\u00e7\u00f5es sobre or\u00e7amento, seguran\u00e7a p\u00fablica e PL Antifac\u00e7\u00e3o<\/a><\/li>\n<li><a href=\"https:\/\/brasil61.com\/n\/falta-de-vagas-em-creches-atinge-mais-de-50-das-redes-municipais-bras2515328\" target=\"_blank\">Falta de vagas em creches atinge mais de 50% das redes municipais<\/a><\/li>\n<\/ul>\n<p>\t\t\t\t\t\t\t\t\t<img loading=\"lazy\" decoding=\"async\" src=\"https:\/\/brasil61.com\/api\/v1\/serve_pixel\/17677\/86461\" alt=\"Pixel Brasil 61\" class=\"b61_pixel\" width=\"0\" height=\"0\"><\/p>\n<input type=\"hidden\" id=\"baseurl\" value=\"https:\/\/noticiasdestaque.com.br\"><input type=\"hidden\" id=\"audio_nonce\" value=\"6f73a554f1\">","protected":false},"excerpt":{"rendered":"<p>Amplia\u00e7\u00e3o representa avan\u00e7o na implementa\u00e7\u00e3o da Reforma Tribut\u00e1ria sobre o Consumo e padroniza\u00e7\u00e3o dos documentos fiscais no pa\u00eds<\/p>\n","protected":false},"author":1,"featured_media":48425,"comment_status":"open","ping_status":"open","sticky":false,"template":"","format":"standard","meta":{"fifu_image_url":"","fifu_image_alt":"","footnotes":""},"categories":[48],"tags":[],"class_list":["post-48366","post","type-post","status-publish","format-standard","has-post-thumbnail","hentry","category-mundo"],"distributor_meta":false,"distributor_terms":false,"distributor_media":false,"distributor_original_site_name":"Noticias em Destaque","distributor_original_site_url":"https:\/\/noticiasdestaque.com.br","push-errors":false,"_links":{"self":[{"href":"https:\/\/noticiasdestaque.com.br\/index.php\/wp-json\/wp\/v2\/posts\/48366","targetHints":{"allow":["GET"]}}],"collection":[{"href":"https:\/\/noticiasdestaque.com.br\/index.php\/wp-json\/wp\/v2\/posts"}],"about":[{"href":"https:\/\/noticiasdestaque.com.br\/index.php\/wp-json\/wp\/v2\/types\/post"}],"author":[{"embeddable":true,"href":"https:\/\/noticiasdestaque.com.br\/index.php\/wp-json\/wp\/v2\/users\/1"}],"replies":[{"embeddable":true,"href":"https:\/\/noticiasdestaque.com.br\/index.php\/wp-json\/wp\/v2\/comments?post=48366"}],"version-history":[{"count":1,"href":"https:\/\/noticiasdestaque.com.br\/index.php\/wp-json\/wp\/v2\/posts\/48366\/revisions"}],"predecessor-version":[{"id":48424,"href":"https:\/\/noticiasdestaque.com.br\/index.php\/wp-json\/wp\/v2\/posts\/48366\/revisions\/48424"}],"wp:featuredmedia":[{"embeddable":true,"href":"https:\/\/noticiasdestaque.com.br\/index.php\/wp-json\/wp\/v2\/media\/48425"}],"wp:attachment":[{"href":"https:\/\/noticiasdestaque.com.br\/index.php\/wp-json\/wp\/v2\/media?parent=48366"}],"wp:term":[{"taxonomy":"category","embeddable":true,"href":"https:\/\/noticiasdestaque.com.br\/index.php\/wp-json\/wp\/v2\/categories?post=48366"},{"taxonomy":"post_tag","embeddable":true,"href":"https:\/\/noticiasdestaque.com.br\/index.php\/wp-json\/wp\/v2\/tags?post=48366"}],"curies":[{"name":"wp","href":"https:\/\/api.w.org\/{rel}","templated":true}]}}