{"id":4836,"date":"2022-11-30T16:44:52","date_gmt":"2022-11-30T19:44:52","guid":{"rendered":"https:\/\/noticiasdestaque.com.br\/index.php\/2022\/11\/30\/selos-para-incentivar-a-vacinacao-esgotam-na-loja-virtual-dos-correios\/"},"modified":"2022-11-30T16:44:52","modified_gmt":"2022-11-30T19:44:52","slug":"selos-para-incentivar-a-vacinacao-esgotam-na-loja-virtual-dos-correios","status":"publish","type":"post","link":"https:\/\/noticiasdestaque.com.br\/index.php\/2022\/11\/30\/selos-para-incentivar-a-vacinacao-esgotam-na-loja-virtual-dos-correios\/","title":{"rendered":"Selos para incentivar a vacina\u00e7\u00e3o esgotam na loja virtual dos Correios"},"content":{"rendered":"<style> bloco.meta {font-style: italic; color: #666;font-weight: 600;font-size: .8em; \/* line-height: .3em; *\/}  text h2 { font-weight: 700 !important;  color: #062f46 !important;} text img { width: none; left: none;}<\/style>\n<\/p>\n<p>Em menos de um uma semana, os selos comemorativos desenvolvidos pelos Correios em parceria com a Funda\u00e7\u00e3o Oswaldo Cruz (Fiocruz) para incentivar a vacina\u00e7\u00e3o esgotaram na <a href=\"https:\/\/www.correios.com.br\/comprar\" target=\"_blank\" rel=\"noopener\">loja online<\/a> dos Correios.<\/p>\n<p>O bloco comemorativo com seis selos foi lan\u00e7ado durante o evento Vacinas: da hist\u00f3ria e cobertura vacinal \u00e0 divulga\u00e7\u00e3o cient\u00edfica, promovido Instituto Oswaldo Cruz\/Fiocruz, no \u00faltimo dia 22. O objetivo da a\u00e7\u00e3o \u00e9 aproximar a comunidade cient\u00edfica da popula\u00e7\u00e3o e chamar aten\u00e7\u00e3o para a baixa cobertura vacinal de diversas doen\u00e7as, como a poliomielite, o sarampo e a covid-19, que tem sido motivo de preocupa\u00e7\u00e3o. <\/p>\n<p>Segundo os Correios, a venda do bloco comemorativo pela internet ser\u00e1 retomada em breve. Os selos tamb\u00e9m ser\u00e3o enviados \u00e0s principais ag\u00eancias do pa\u00eds onde poder\u00e3o ser adquiridos. <\/p>\n<p>As pe\u00e7as s\u00e3o inspiradas no livro <em>Vacinas<\/em>, publicado pela Editora Fiocruz e vencedor do 8\u00ba Pr\u00eamio Abeu. As estampas trazem ilustra\u00e7\u00f5es aplicadas sobre as cores da bandeira brasileira, com refer\u00eancia a aspectos hist\u00f3ricos do desenvolvimento das vacinas e conquistas da vacina\u00e7\u00e3o no Brasil.<\/p>\n<p>Os selos foram criados pelo artista Alan Magalh\u00e3es com tiragem de 14 mil blocos. Cada bloco composto de seis selos pode ser adquirido por R$ 14,10. O exemplar de cada estampa tem o valor de 1\u00ba Porte da Carta, R$ 2,35. <\/p>\n<h2>Livro<\/h2>\n<p>O livro <em>Vacinas<\/em> foi escrito pelos p\u00f3s-doutorandos do Instituto Oswaldo Cruz (IOC\/Fiocruz) Jorlan Fernandes, do Laborat\u00f3rio de Hantaviroses e Rickettsioses, Nat\u00e1lia Maria Lanzarini, do Laborat\u00f3rio de Virologia Comparada e Ambiental; o assessor cient\u00edfico s\u00eanior de Biomanguinhos, Akira Homma; e a pesquisadora do Laborat\u00f3rio de Hantaviroses e Rickettsioses do IOC, Elba Lemos.<\/p>\n<p>Com seis cap\u00edtulos, a <a href=\"https:\/\/editorafiocruz.commercesuite.com.br\/colecoes\/temas-em-saude\/vacinas\" target=\"_blank\" rel=\"noopener\">obra<\/a> aborda diferentes \u00e1reas que permeiam a vacina\u00e7\u00e3o, contemplando desde a defini\u00e7\u00e3o, a hist\u00f3ria e a relev\u00e2ncia das vacinas, passando pelos desafios e perspectivas sobre o assunto e incluindo a compreens\u00e3o atual das vacinas e das estrat\u00e9gias de imuniza\u00e7\u00e3o.<\/p>\n<p>O destaque do livro \u00e9 o Programa Nacional de Imuniza\u00e7\u00f5es (PNI) do Sistema \u00danico de Sa\u00fade (SUS), um dos programas mais completos do mundo e refer\u00eancia internacional de pol\u00edtica p\u00fablica de sa\u00fade bem-sucedida.<\/p>\n<h2>Curiosidades<\/h2>\n<p>No bloco comemorativo, primeiro selo faz refer\u00eancia ao m\u00e9dico Edward Jenner, que desenvolveu a primeira vacina, em 1796, inoculando o germe da var\u00edola bovina em uma crian\u00e7a, que ficou protegida contra a doen\u00e7a humana. A hist\u00f3ria deu origem \u00e0 palavra vacina, a partir do termo em latim <em>vaccinus<\/em>, que significa derivado da vaca. J\u00e1 o segundo selo tem ilustra\u00e7\u00f5es que representam as diversas vacinas dispon\u00edveis no PNI. <\/p>\n<p>Na segunda fileira, o desenho chama aten\u00e7\u00e3o para vacina\u00e7\u00e3o infantil, com imagens da caderneta de vacina\u00e7\u00e3o de meninas e meninos e o calend\u00e1rio de imuniza\u00e7\u00e3o das crian\u00e7as. Ao lado, uma fam\u00edlia admirando as m\u00e3os que preparam uma seringa para a vacina\u00e7\u00e3o, apontando que a imuniza\u00e7\u00e3o \u00e9 uma conquista de todos. <\/p>\n<p>Na \u00faltima fileira, o selo da esquerda ilustra a imuniza\u00e7\u00e3o com uma pistola similar \u00e0 utilizada na campanha de erradica\u00e7\u00e3o da var\u00edola e um casal de idosos que remete \u00e0 popula\u00e7\u00e3o vacinada no passado. Por \u00faltimo, a estampa da vacina\u00e7\u00e3o com a gotinha contra a poliomielite e dois jovens beneficiados pelas campanhas de imuniza\u00e7\u00e3o.<\/p>\n<p class=\"alt-font font-italic my-2 small text-info\">\n                                                Edi\u00e7\u00e3o:   L\u00edlian Beraldo                    <\/p>\n<p>            <!-- blog End --><\/p>\n<p>            <!-- tag and share --><\/p>\n<p> Fonte: EBC <\/p>\n<input type=\"hidden\" id=\"baseurl\" value=\"https:\/\/noticiasdestaque.com.br\"><input type=\"hidden\" id=\"audio_nonce\" value=\"62ca87eee3\">","protected":false},"excerpt":{"rendered":"<p>Bloco comemorativo foi lan\u00e7ado h\u00e1 uma semana<\/p>\n","protected":false},"author":1,"featured_media":4837,"comment_status":"open","ping_status":"open","sticky":false,"template":"","format":"standard","meta":{"fifu_image_url":"","fifu_image_alt":"","footnotes":""},"categories":[58],"tags":[],"class_list":["post-4836","post","type-post","status-publish","format-standard","has-post-thumbnail","hentry","category-cotidiano"],"distributor_meta":false,"distributor_terms":false,"distributor_media":false,"distributor_original_site_name":"Portal de Recupera\u00e7\u00e3o","distributor_original_site_url":"https:\/\/portalderecuperacao.com","push-errors":false,"_links":{"self":[{"href":"https:\/\/noticiasdestaque.com.br\/index.php\/wp-json\/wp\/v2\/posts\/4836","targetHints":{"allow":["GET"]}}],"collection":[{"href":"https:\/\/noticiasdestaque.com.br\/index.php\/wp-json\/wp\/v2\/posts"}],"about":[{"href":"https:\/\/noticiasdestaque.com.br\/index.php\/wp-json\/wp\/v2\/types\/post"}],"author":[{"embeddable":true,"href":"https:\/\/noticiasdestaque.com.br\/index.php\/wp-json\/wp\/v2\/users\/1"}],"replies":[{"embeddable":true,"href":"https:\/\/noticiasdestaque.com.br\/index.php\/wp-json\/wp\/v2\/comments?post=4836"}],"version-history":[{"count":0,"href":"https:\/\/noticiasdestaque.com.br\/index.php\/wp-json\/wp\/v2\/posts\/4836\/revisions"}],"wp:featuredmedia":[{"embeddable":true,"href":"https:\/\/noticiasdestaque.com.br\/index.php\/wp-json\/wp\/v2\/media\/4837"}],"wp:attachment":[{"href":"https:\/\/noticiasdestaque.com.br\/index.php\/wp-json\/wp\/v2\/media?parent=4836"}],"wp:term":[{"taxonomy":"category","embeddable":true,"href":"https:\/\/noticiasdestaque.com.br\/index.php\/wp-json\/wp\/v2\/categories?post=4836"},{"taxonomy":"post_tag","embeddable":true,"href":"https:\/\/noticiasdestaque.com.br\/index.php\/wp-json\/wp\/v2\/tags?post=4836"}],"curies":[{"name":"wp","href":"https:\/\/api.w.org\/{rel}","templated":true}]}}