{"id":48345,"date":"2025-12-15T18:40:00","date_gmt":"2025-12-15T21:40:00","guid":{"rendered":"https:\/\/noticiasdestaque.com.br\/index.php\/2025\/12\/15\/previsao-do-tempo-chuvas-fortes-e-possibilidade-de-granizo-na-regiao-sul-nesta-terca-feira-16\/"},"modified":"2025-12-15T18:40:00","modified_gmt":"2025-12-15T21:40:00","slug":"previsao-do-tempo-chuvas-fortes-e-possibilidade-de-granizo-na-regiao-sul-nesta-terca-feira-16","status":"publish","type":"post","link":"https:\/\/noticiasdestaque.com.br\/index.php\/2025\/12\/15\/previsao-do-tempo-chuvas-fortes-e-possibilidade-de-granizo-na-regiao-sul-nesta-terca-feira-16\/","title":{"rendered":"PREVIS\u00c3O DO TEMPO: Chuvas fortes e possibilidade de granizo na Regi\u00e3o Sul nesta ter\u00e7a-feira (16)"},"content":{"rendered":"<p>\t\t\t\t\t\t\t\t\t\t\t<audio controls class=\"b61_audio_player\" data-noticia=\"86458\" src=\"https:\/\/brasil61.com\/rails\/active_storage\/blobs\/eyJfcmFpbHMiOnsibWVzc2FnZSI6IkJBaHBBMHZXQXc9PSIsImV4cCI6bnVsbCwicHVyIjoiYmxvYl9pZCJ9fQ==--cb4b6792acfa1175aeb1e9b225b51f6f91959c53\/PTRS254163A\"><\/audio><\/p>\n<p>A <strong>previs\u00e3o do tempo <\/strong>para o <strong>Sul<\/strong> do pa\u00eds, nesta <strong>ter\u00e7a-feira (16)<\/strong>, indica <strong>possibilidade de chuvas<\/strong> para toda a regi\u00e3o ao longo do dia, com <strong>maior intensidade<\/strong> pela manh\u00e3. H\u00e1 <strong>possibilidade de queda de granizo<\/strong> no Paran\u00e1, onde deve <strong>chover com maior intensidade<\/strong> durante todo o dia.<\/p>\n<p>Pela <strong>manh\u00e3<\/strong>, a previs\u00e3o \u00e9 de <strong>muitas nuvens <\/strong>para toda a regi\u00e3o, com exce\u00e7\u00e3o do sudoeste do Rio Grande do Sul, que deve <strong>amanhecer<\/strong> sob <strong>poucas nuvens<\/strong>. O Paran\u00e1, Santa Catarina e o nordeste ga\u00facho amanhecem <strong>sob chuvas<\/strong>, que devem ser <strong>mais intensas e acompanhadas de trovoadas<\/strong> em todos os dois primeiros estados e no extremo-norte do Rio Grande do Sul. Na por\u00e7\u00e3o centro-oeste e noroeste do Paran\u00e1 e na divisa entre Santa Catarina e o Rio Grande do Sul \u2014 no entorno do munic\u00edpio de Lages \u2014, h\u00e1 <strong>chance de queda de granizo<\/strong>.<\/p>\n<p>Durante a <strong>tarde<\/strong>, as <strong>chuvas<\/strong> <strong>perdem intensidade<\/strong> e deixam o extremo-sudoeste paranaense, o oeste de Santa Catarina e a maior parte do Rio Grande do Sul,<strong> se restringindo<\/strong> ao nordeste e ao litoral nordeste do estado. As <strong>chuvas mais intensas e com trovoadas se<\/strong> <strong>restringem<\/strong> ao nordeste do Paran\u00e1.<\/p>\n<p>\u00c0 <strong>noite<\/strong>, as <strong>chuvas<\/strong> devem deixar o estado ga\u00facho e a maior parte de Santa Catarina, <strong>se<\/strong> <strong>restringindo<\/strong> ao extremo-nordeste do litoral do estado e ao centro-norte do Paran\u00e1, mas <strong>ainda intensas e acompanhadas de trovoadas<\/strong> nessas \u00e1reas.<\/p>\n<p>O <b>Instituto Nacional de Meteorologia<\/b> (<a href=\"https:\/\/portal.inmet.gov.br\/\">Inmet<\/a>) emitiu alerta para <strong>perigo potencial de tempestades<\/strong> para toda a regi\u00e3o e alerta de <strong>perigo de tempestade<\/strong> para toda a por\u00e7\u00e3o centro-oeste do Paran\u00e1 e de Santa Catarina e todo o centro-norte do Rio Grande do Sul.<\/p>\n<p>Entre as <strong>capitais<\/strong>, a <strong>temperatura m\u00ednima<\/strong> prevista \u00e9 de<strong> 20\u00b0C<\/strong>, em <strong>Curitiba<\/strong> e <strong>Porto Alegre<\/strong>. J\u00e1 a <strong>m\u00e1xima<\/strong> pode chegar at\u00e9 <strong>28\u00b0C<\/strong>, tamb\u00e9m em <strong>Porto Alegre<\/strong>. A <strong>umidade relativa do ar<\/strong> varia entre<strong> 35%<\/strong> e <strong>100%<\/strong>.<\/p>\n<p>\u00a0<\/p>\n<h2>5 motivos para acompanhar as previs\u00f5es do tempo<\/h2>\n<ul>\n<li>Agricultura: garantia de uma boa colheita;<\/li>\n<li>Marinha: prote\u00e7\u00e3o de marinheiros, navios e passageiros;<\/li>\n<li>Aeron\u00e1utica: seguran\u00e7a de pilotos, aeronaves e passageiros;<\/li>\n<li>Pesca: condi\u00e7\u00f5es favor\u00e1veis e seguras para a atividade;<\/li>\n<li>Turismo: garantia de passeios e viagens tranquilas e agrad\u00e1veis.<\/li>\n<\/ul>\n<h2>Import\u00e2ncia das observa\u00e7\u00f5es meteorol\u00f3gicas no INMET<\/h2>\n<p>As observa\u00e7\u00f5es meteorol\u00f3gicas do INMET s\u00e3o essenciais para previs\u00f5es em tempo real, estat\u00edsticas clim\u00e1ticas e coopera\u00e7\u00e3o internacional. Esses dados precisos ajudam a estudar o clima passado e a produzir Normais Climatol\u00f3gicas conforme a Organiza\u00e7\u00e3o Meteorol\u00f3gica Mundial (<a href=\"https:\/\/worldweather.wmo.int\/pt\/home.html\">OMM<\/a>).<\/p>\n<p>As informa\u00e7\u00f5es s\u00e3o do Instituto Nacional de Meteorologia (<a href=\"https:\/\/portal.inmet.gov.br\">Inmet<\/a>).<\/p>\n<p>\t\t\t\t\t\t\t\t\t\t<img loading=\"lazy\" decoding=\"async\" src=\"https:\/\/brasil61.com\/api\/v1\/serve_pixel\/17677\/86458\" alt=\"Pixel Brasil 61\" class=\"b61_pixel\" width=\"0\" height=\"0\"><\/p>\n<input type=\"hidden\" id=\"baseurl\" value=\"https:\/\/noticiasdestaque.com.br\"><input type=\"hidden\" id=\"audio_nonce\" value=\"6a24ca502e\">","protected":false},"excerpt":{"rendered":"<p>Chuvas devem iniciar o dia mais intensas, com possibilidade de queda de granizo nos tr\u00eas estados; temperaturas variam entre 16\u00b0C e 30\u00b0C<\/p>\n","protected":false},"author":1,"featured_media":48346,"comment_status":"open","ping_status":"open","sticky":false,"template":"","format":"standard","meta":{"fifu_image_url":"","fifu_image_alt":"","footnotes":""},"categories":[58],"tags":[],"class_list":["post-48345","post","type-post","status-publish","format-standard","has-post-thumbnail","hentry","category-cotidiano"],"distributor_meta":false,"distributor_terms":false,"distributor_media":false,"distributor_original_site_name":"Noticias em Destaque","distributor_original_site_url":"https:\/\/noticiasdestaque.com.br","push-errors":false,"_links":{"self":[{"href":"https:\/\/noticiasdestaque.com.br\/index.php\/wp-json\/wp\/v2\/posts\/48345","targetHints":{"allow":["GET"]}}],"collection":[{"href":"https:\/\/noticiasdestaque.com.br\/index.php\/wp-json\/wp\/v2\/posts"}],"about":[{"href":"https:\/\/noticiasdestaque.com.br\/index.php\/wp-json\/wp\/v2\/types\/post"}],"author":[{"embeddable":true,"href":"https:\/\/noticiasdestaque.com.br\/index.php\/wp-json\/wp\/v2\/users\/1"}],"replies":[{"embeddable":true,"href":"https:\/\/noticiasdestaque.com.br\/index.php\/wp-json\/wp\/v2\/comments?post=48345"}],"version-history":[{"count":0,"href":"https:\/\/noticiasdestaque.com.br\/index.php\/wp-json\/wp\/v2\/posts\/48345\/revisions"}],"wp:featuredmedia":[{"embeddable":true,"href":"https:\/\/noticiasdestaque.com.br\/index.php\/wp-json\/wp\/v2\/media\/48346"}],"wp:attachment":[{"href":"https:\/\/noticiasdestaque.com.br\/index.php\/wp-json\/wp\/v2\/media?parent=48345"}],"wp:term":[{"taxonomy":"category","embeddable":true,"href":"https:\/\/noticiasdestaque.com.br\/index.php\/wp-json\/wp\/v2\/categories?post=48345"},{"taxonomy":"post_tag","embeddable":true,"href":"https:\/\/noticiasdestaque.com.br\/index.php\/wp-json\/wp\/v2\/tags?post=48345"}],"curies":[{"name":"wp","href":"https:\/\/api.w.org\/{rel}","templated":true}]}}