{"id":48335,"date":"2025-12-15T04:15:00","date_gmt":"2025-12-15T07:15:00","guid":{"rendered":"https:\/\/noticiasdestaque.com.br\/index.php\/2025\/12\/15\/congresso-se-prepara-para-semana-com-votacoes-sobre-orcamento-seguranca-publica-e-pl-antifaccao\/"},"modified":"2025-12-15T04:15:00","modified_gmt":"2025-12-15T07:15:00","slug":"congresso-se-prepara-para-semana-com-votacoes-sobre-orcamento-seguranca-publica-e-pl-antifaccao","status":"publish","type":"post","link":"https:\/\/noticiasdestaque.com.br\/index.php\/2025\/12\/15\/congresso-se-prepara-para-semana-com-votacoes-sobre-orcamento-seguranca-publica-e-pl-antifaccao\/","title":{"rendered":"Congresso se prepara para semana com vota\u00e7\u00f5es sobre or\u00e7amento, seguran\u00e7a p\u00fablica e PL Antifac\u00e7\u00e3o"},"content":{"rendered":"<p>\t\t\t\t\t\t\t\t\t\t\t<audio controls class=\"b61_audio_player\" data-noticia=\"86409\" src=\"https:\/\/brasil61.com\/rails\/active_storage\/blobs\/eyJfcmFpbHMiOnsibWVzc2FnZSI6IkJBaHBBMXZWQXc9PSIsImV4cCI6bnVsbCwicHVyIjoiYmxvYl9pZCJ9fQ==--c130e7aeee6bcbbe650d6c602483c909e1a55e42\/BRAS2515322A\"><\/audio><\/p>\n<p>O presidente do Congresso, Davi Alcolumbre, confirmou que a Lei Or\u00e7ament\u00e1ria Anual (LOA) de 2026 deve ser votada na pr\u00f3xima quinta-feira, dia 18. A sess\u00e3o conjunta est\u00e1 marcada para 9h, mas Alcolumbre n\u00e3o descartou antecipar a an\u00e1lise para o dia 17. Antes disso, o texto ainda precisa passar pela Comiss\u00e3o Mista de Or\u00e7amento.<\/p>\n<p>Na C\u00e2mara, o presidente Hugo Motta afirmou que a defini\u00e7\u00e3o da data para votar o PL Antifac\u00e7\u00e3o ser\u00e1 tomada nesta semana. O projeto voltou da aprecia\u00e7\u00e3o no Senado com ajustes, entre eles a manuten\u00e7\u00e3o do aux\u00edlio-reclus\u00e3o e o direito ao voto para presos preventivos. As reuni\u00f5es de l\u00edderes, que costumam ocorrer \u00e0s ter\u00e7as, dever\u00e3o consolidar a decis\u00e3o.<\/p>\n<p>Tamb\u00e9m na ter\u00e7a-feira, 16, o plen\u00e1rio deve votar o relat\u00f3rio substitutivo da PEC 18\/2025, que trata da seguran\u00e7a p\u00fablica.<\/p>\n<p>No Senado, a Comiss\u00e3o de Constitui\u00e7\u00e3o e Justi\u00e7a (CCJ) tem como \u00fanico item de pauta o Projeto de Lei da Dosimetria (PL 2.162\/2023), cuja an\u00e1lise est\u00e1 marcada para quarta-feira, 17, \u00e0s 9h. O relator, senador Esperidi\u00e3o Amin, disse que ouvir\u00e1 os l\u00edderes antes de apresentar seu parecer e n\u00e3o descartou manter a proposta de anistia irrestrita aos envolvidos nos atos de 8 de janeiro \u2014 ponto considerado inconstitucional por governistas.<br \/>\n\u00a0<\/p>\n<p>\t\t\t\t\t\t\t\t\t\t<img loading=\"lazy\" decoding=\"async\" src=\"https:\/\/brasil61.com\/api\/v1\/serve_pixel\/17677\/86409\" alt=\"Pixel Brasil 61\" class=\"b61_pixel\" width=\"0\" height=\"0\"><\/p>\n<input type=\"hidden\" id=\"baseurl\" value=\"https:\/\/noticiasdestaque.com.br\"><input type=\"hidden\" id=\"audio_nonce\" value=\"6a24ca502e\">","protected":false},"excerpt":{"rendered":"<p>LOA de 2026 deve ser analisada em sess\u00e3o conjunta; C\u00e2mara discute datas para o PL Antifac\u00e7\u00e3o e vota PEC da Seguran\u00e7a; no Senado, CCJ analisa projeto da dosimetria com debate sobre anistia<\/p>\n","protected":false},"author":1,"featured_media":48336,"comment_status":"open","ping_status":"open","sticky":false,"template":"","format":"standard","meta":{"fifu_image_url":"","fifu_image_alt":"","footnotes":""},"categories":[50],"tags":[],"class_list":["post-48335","post","type-post","status-publish","format-standard","has-post-thumbnail","hentry","category-politica"],"distributor_meta":false,"distributor_terms":false,"distributor_media":false,"distributor_original_site_name":"Noticias em Destaque","distributor_original_site_url":"https:\/\/noticiasdestaque.com.br","push-errors":false,"_links":{"self":[{"href":"https:\/\/noticiasdestaque.com.br\/index.php\/wp-json\/wp\/v2\/posts\/48335","targetHints":{"allow":["GET"]}}],"collection":[{"href":"https:\/\/noticiasdestaque.com.br\/index.php\/wp-json\/wp\/v2\/posts"}],"about":[{"href":"https:\/\/noticiasdestaque.com.br\/index.php\/wp-json\/wp\/v2\/types\/post"}],"author":[{"embeddable":true,"href":"https:\/\/noticiasdestaque.com.br\/index.php\/wp-json\/wp\/v2\/users\/1"}],"replies":[{"embeddable":true,"href":"https:\/\/noticiasdestaque.com.br\/index.php\/wp-json\/wp\/v2\/comments?post=48335"}],"version-history":[{"count":0,"href":"https:\/\/noticiasdestaque.com.br\/index.php\/wp-json\/wp\/v2\/posts\/48335\/revisions"}],"wp:featuredmedia":[{"embeddable":true,"href":"https:\/\/noticiasdestaque.com.br\/index.php\/wp-json\/wp\/v2\/media\/48336"}],"wp:attachment":[{"href":"https:\/\/noticiasdestaque.com.br\/index.php\/wp-json\/wp\/v2\/media?parent=48335"}],"wp:term":[{"taxonomy":"category","embeddable":true,"href":"https:\/\/noticiasdestaque.com.br\/index.php\/wp-json\/wp\/v2\/categories?post=48335"},{"taxonomy":"post_tag","embeddable":true,"href":"https:\/\/noticiasdestaque.com.br\/index.php\/wp-json\/wp\/v2\/tags?post=48335"}],"curies":[{"name":"wp","href":"https:\/\/api.w.org\/{rel}","templated":true}]}}