{"id":48331,"date":"2025-12-14T18:30:00","date_gmt":"2025-12-14T21:30:00","guid":{"rendered":"https:\/\/noticiasdestaque.com.br\/index.php\/2025\/12\/14\/previsao-do-tempo-centro-oeste-tem-pancadas-de-chuvas-e-risco-de-granizo-nesta-segunda-feira-15\/"},"modified":"2025-12-14T18:30:00","modified_gmt":"2025-12-14T21:30:00","slug":"previsao-do-tempo-centro-oeste-tem-pancadas-de-chuvas-e-risco-de-granizo-nesta-segunda-feira-15","status":"publish","type":"post","link":"https:\/\/noticiasdestaque.com.br\/index.php\/2025\/12\/14\/previsao-do-tempo-centro-oeste-tem-pancadas-de-chuvas-e-risco-de-granizo-nesta-segunda-feira-15\/","title":{"rendered":"PREVIS\u00c3O DO TEMPO:  Centro-Oeste tem pancadas de chuvas e risco de granizo nesta segunda-feira (15)"},"content":{"rendered":"<p>\t\t\t\t\t\t\t\t\t\t\t<audio controls class=\"b61_audio_player\" data-noticia=\"86414\" src=\"https:\/\/brasil61.com\/rails\/active_storage\/blobs\/eyJfcmFpbHMiOnsibWVzc2FnZSI6IkJBaHBBelBWQXc9PSIsImV4cCI6bnVsbCwicHVyIjoiYmxvYl9pZCJ9fQ==--4f6c5578fa742e371c30ad4fce44f5f35000193d\/PTCO254296A\"><\/audio><\/p>\n<p>\u00a0<\/p>\n<\/p>\n<p>A segunda-feira (15) ser\u00e1 marcada por <strong>instabilidade<\/strong> em toda a Regi\u00e3o Centro-Oeste.<\/p>\n<p>Em Mato Grosso, <strong>muitas nuvens<\/strong> favorecem pancadas de <strong>chuva isoladas e trovoadas<\/strong>, especialmente em C\u00e1ceres, Brasnorte, Comodoro e na capital Cuiab\u00e1.<\/p>\n<p>Em Mato Grosso do Sul, as <strong>chuvas atingem o estado com intensidade <\/strong>ao longo do dia. Na regi\u00e3o Sudoeste, h\u00e1 risco de queda de granizo, com possibilidade de impacto em munic\u00edpios como Porto Murtinho, Caracol e Bonito.<\/p>\n<p>No Distrito Federal e em Goi\u00e1s, a <strong>previs\u00e3o <\/strong>\u00e9 de <strong>chuva intensa durante todo o dia<\/strong>, com c\u00e9u fechado e risco de raios.<\/p>\n<p>Entre as capitais, a temperatura m\u00ednima prevista \u00e9 de 20\u00b0C, em Bras\u00edlia. J\u00e1 a m\u00e1xima deve chegar a 34\u00b0C, em Cuiab\u00e1. A umidade relativa do ar varia entre 50% e 100%.<\/p>\n<p><strong>O QUE \u00c9 GRANIZO?\u00a0<\/strong><\/p>\n<p>Precipita\u00e7\u00e3o originada de nuvens convectivas, sobretudo cumulonimbus, que atinge o solo em forma de esferas ou fragmentos irregulares de gelo. Quando o di\u00e2metro das part\u00edculas \u00e9 \u2265 5 mm, classificam-se como granizo; part\u00edculas menores s\u00e3o classificadas como granizo mi\u00fado e\/ou neve granulada (graupel). Em boletins METAR, utiliza-se \u2018GR\u2019 para granizo e \u2018GS\u2019 para granizo mi\u00fado\/neve granulada. Unidades isoladas s\u00e3o chamadas de \u2018pedras de granizo\u2019.<\/p>\n<h2>5 motivos para acompanhar as previs\u00f5es do tempo<\/h2>\n<ul>\n<li>Agricultura: garantia de uma boa colheita;<\/li>\n<li>Marinha: prote\u00e7\u00e3o de marinheiros, navios e passageiros;<\/li>\n<li>Aeron\u00e1utica: seguran\u00e7a de pilotos, aeronaves e passageiros;<\/li>\n<li>Pesca: condi\u00e7\u00f5es favor\u00e1veis e seguras para a atividade;<\/li>\n<li>Turismo: garantia de passeios e viagens tranquilas e agrad\u00e1veis.<\/li>\n<\/ul>\n<h2>Import\u00e2ncia das observa\u00e7\u00f5es meteorol\u00f3gicas no INMET<\/h2>\n<p>As observa\u00e7\u00f5es meteorol\u00f3gicas do <a href=\"https:\/\/portal.inmet.gov.br\/\">INMET<\/a> s\u00e3o essenciais para previs\u00f5es em tempo real, estat\u00edsticas clim\u00e1ticas e coopera\u00e7\u00e3o internacional. Esses dados precisos ajudam a estudar o clima passado e a produzir Normais Climatol\u00f3gicas conforme a <strong>Organiza\u00e7\u00e3o Meteorol\u00f3gica Mundial<\/strong> (<a href=\"https:\/\/worldweather.wmo.int\/pt\/home.html\">OMM<\/a>).<\/p>\n<p>As informa\u00e7\u00f5es s\u00e3o do <strong>Instituto Nacional de Meteorologia<\/strong> (<a href=\"https:\/\/portal.inmet.gov.br\/\">Inmet<\/a>).<br \/>\n\u00a0<\/p>\n<p>\t\t\t\t\t\t\t\t\t\t<img loading=\"lazy\" decoding=\"async\" src=\"https:\/\/brasil61.com\/api\/v1\/serve_pixel\/17677\/86414\" alt=\"Pixel Brasil 61\" class=\"b61_pixel\" width=\"0\" height=\"0\"><\/p>\n<input type=\"hidden\" id=\"baseurl\" value=\"https:\/\/noticiasdestaque.com.br\"><input type=\"hidden\" id=\"audio_nonce\" value=\"6a24ca502e\">","protected":false},"excerpt":{"rendered":"<p>Em Mato Grosso, muitas nuvens favorecem pancadas de chuva isoladas e trovoadas, especialmente em C\u00e1ceres, Brasnorte, Comodoro e na capital Cuiab\u00e1<\/p>\n","protected":false},"author":1,"featured_media":48332,"comment_status":"open","ping_status":"open","sticky":false,"template":"","format":"standard","meta":{"fifu_image_url":"","fifu_image_alt":"","footnotes":""},"categories":[58],"tags":[],"class_list":["post-48331","post","type-post","status-publish","format-standard","has-post-thumbnail","hentry","category-cotidiano"],"distributor_meta":false,"distributor_terms":false,"distributor_media":false,"distributor_original_site_name":"Noticias em Destaque","distributor_original_site_url":"https:\/\/noticiasdestaque.com.br","push-errors":false,"_links":{"self":[{"href":"https:\/\/noticiasdestaque.com.br\/index.php\/wp-json\/wp\/v2\/posts\/48331","targetHints":{"allow":["GET"]}}],"collection":[{"href":"https:\/\/noticiasdestaque.com.br\/index.php\/wp-json\/wp\/v2\/posts"}],"about":[{"href":"https:\/\/noticiasdestaque.com.br\/index.php\/wp-json\/wp\/v2\/types\/post"}],"author":[{"embeddable":true,"href":"https:\/\/noticiasdestaque.com.br\/index.php\/wp-json\/wp\/v2\/users\/1"}],"replies":[{"embeddable":true,"href":"https:\/\/noticiasdestaque.com.br\/index.php\/wp-json\/wp\/v2\/comments?post=48331"}],"version-history":[{"count":0,"href":"https:\/\/noticiasdestaque.com.br\/index.php\/wp-json\/wp\/v2\/posts\/48331\/revisions"}],"wp:featuredmedia":[{"embeddable":true,"href":"https:\/\/noticiasdestaque.com.br\/index.php\/wp-json\/wp\/v2\/media\/48332"}],"wp:attachment":[{"href":"https:\/\/noticiasdestaque.com.br\/index.php\/wp-json\/wp\/v2\/media?parent=48331"}],"wp:term":[{"taxonomy":"category","embeddable":true,"href":"https:\/\/noticiasdestaque.com.br\/index.php\/wp-json\/wp\/v2\/categories?post=48331"},{"taxonomy":"post_tag","embeddable":true,"href":"https:\/\/noticiasdestaque.com.br\/index.php\/wp-json\/wp\/v2\/tags?post=48331"}],"curies":[{"name":"wp","href":"https:\/\/api.w.org\/{rel}","templated":true}]}}