{"id":48329,"date":"2025-12-14T18:20:00","date_gmt":"2025-12-14T21:20:00","guid":{"rendered":"https:\/\/noticiasdestaque.com.br\/index.php\/2025\/12\/14\/previsao-do-tempo-sudeste-tem-chuva-intensa-nesta-segunda-feira-15\/"},"modified":"2025-12-14T18:20:00","modified_gmt":"2025-12-14T21:20:00","slug":"previsao-do-tempo-sudeste-tem-chuva-intensa-nesta-segunda-feira-15","status":"publish","type":"post","link":"https:\/\/noticiasdestaque.com.br\/index.php\/2025\/12\/14\/previsao-do-tempo-sudeste-tem-chuva-intensa-nesta-segunda-feira-15\/","title":{"rendered":"PREVIS\u00c3O DO TEMPO: Sudeste tem chuva intensa nesta segunda-feira (15)"},"content":{"rendered":"<p>\t\t\t\t\t\t\t\t\t\t\t<audio controls class=\"b61_audio_player\" data-noticia=\"86412\" src=\"https:\/\/brasil61.com\/rails\/active_storage\/blobs\/eyJfcmFpbHMiOnsibWVzc2FnZSI6IkJBaHBBekRWQXc9PSIsImV4cCI6bnVsbCwicHVyIjoiYmxvYl9pZCJ9fQ==--56b4774602bdde9db137792390ecc82ea19e7f6c\/PTSD254281A\"><\/audio><\/p>\n<p>\u00a0<\/p>\n<\/p>\n<p>A segunda-feira (15) ser\u00e1 marcada por <strong>chuva intensa<\/strong> nos quatro estados da Regi\u00e3o Sudeste.<\/p>\n<p>Em S\u00e3o Paulo, os <strong>acumulados mais elevados<\/strong> devem se concentrar em Agudos, Marab\u00e1 Paulista e Tarum\u00e3, onde a <strong>instabilidade<\/strong> ganha for\u00e7a ao longo do dia.<\/p>\n<p>Em Minas Gerais, as <strong>precipita\u00e7\u00f5es<\/strong> se espalham desde a regi\u00e3o Norte at\u00e9 a regi\u00e3o Central, atingindo munic\u00edpios como Montes Claros, Buen\u00f3polis e Curvelo.<\/p>\n<p>No Rio de Janeiro e no Esp\u00edrito Santo, a previs\u00e3o indica <strong>chuva persistente<\/strong> nas regi\u00f5es serranas, com forte intensidade nas \u00e1reas litor\u00e2neas, onde n\u00e3o se descarta volume elevado em curto per\u00edodo de tempo.<\/p>\n<p>Entre as capitais, a temperatura m\u00ednima prevista \u00e9 de 19\u00b0C, em Belo Horizonte. J\u00e1 a m\u00e1xima pode chegar at\u00e9 34\u00b0C, no Rio de Janeiro. A \u00a0umidade relativa do ar varia entre 40% e 100%.<\/p>\n<h2>5 motivos para acompanhar as previs\u00f5es do tempo<\/h2>\n<ul>\n<li>Agricultura: garantia de uma boa colheita;<\/li>\n<li>Marinha: prote\u00e7\u00e3o de marinheiros, navios e passageiros;<\/li>\n<li>Aeron\u00e1utica: seguran\u00e7a de pilotos, aeronaves e passageiros;<\/li>\n<li>Pesca: condi\u00e7\u00f5es favor\u00e1veis e seguras para a atividade;<\/li>\n<li>Turismo: garantia de passeios e viagens tranquilas e agrad\u00e1veis.<\/li>\n<li>\n<h2>Import\u00e2ncia das observa\u00e7\u00f5es meteorol\u00f3gicas no INMET<\/h2>\n<\/li>\n<\/ul>\n<p>As observa\u00e7\u00f5es meteorol\u00f3gicas do <a href=\"https:\/\/portal.inmet.gov.br\/\">INMET<\/a> s\u00e3o essenciais para previs\u00f5es em tempo real, estat\u00edsticas clim\u00e1ticas e coopera\u00e7\u00e3o internacional. Esses dados precisos ajudam a estudar o clima passado e a produzir Normais Climatol\u00f3gicas conforme a <strong>Organiza\u00e7\u00e3o Meteorol\u00f3gica Mundial<\/strong> (<a href=\"https:\/\/worldweather.wmo.int\/pt\/home.html\">OMM<\/a>).<\/p>\n<p>As informa\u00e7\u00f5es s\u00e3o do <strong>Instituto Nacional de Meteorologia<\/strong> (<a href=\"https:\/\/portal.inmet.gov.br\/\">Inmet<\/a>).<br \/>\n\u00a0<\/p>\n<p>\t\t\t\t\t\t\t\t\t\t<img loading=\"lazy\" decoding=\"async\" src=\"https:\/\/brasil61.com\/api\/v1\/serve_pixel\/17677\/86412\" alt=\"Pixel Brasil 61\" class=\"b61_pixel\" width=\"0\" height=\"0\"><\/p>\n<input type=\"hidden\" id=\"baseurl\" value=\"https:\/\/noticiasdestaque.com.br\"><input type=\"hidden\" id=\"audio_nonce\" value=\"6a24ca502e\">","protected":false},"excerpt":{"rendered":"<p>Em Minas Gerais, as precipita\u00e7\u00f5es se espalham desde a regi\u00e3o Norte at\u00e9 a regi\u00e3o Central, atingindo munic\u00edpios como Montes Claros, Buen\u00f3polis e Curvelo<\/p>\n","protected":false},"author":1,"featured_media":48330,"comment_status":"open","ping_status":"open","sticky":false,"template":"","format":"standard","meta":{"fifu_image_url":"","fifu_image_alt":"","footnotes":""},"categories":[58],"tags":[],"class_list":["post-48329","post","type-post","status-publish","format-standard","has-post-thumbnail","hentry","category-cotidiano"],"distributor_meta":false,"distributor_terms":false,"distributor_media":false,"distributor_original_site_name":"Noticias em Destaque","distributor_original_site_url":"https:\/\/noticiasdestaque.com.br","push-errors":false,"_links":{"self":[{"href":"https:\/\/noticiasdestaque.com.br\/index.php\/wp-json\/wp\/v2\/posts\/48329","targetHints":{"allow":["GET"]}}],"collection":[{"href":"https:\/\/noticiasdestaque.com.br\/index.php\/wp-json\/wp\/v2\/posts"}],"about":[{"href":"https:\/\/noticiasdestaque.com.br\/index.php\/wp-json\/wp\/v2\/types\/post"}],"author":[{"embeddable":true,"href":"https:\/\/noticiasdestaque.com.br\/index.php\/wp-json\/wp\/v2\/users\/1"}],"replies":[{"embeddable":true,"href":"https:\/\/noticiasdestaque.com.br\/index.php\/wp-json\/wp\/v2\/comments?post=48329"}],"version-history":[{"count":0,"href":"https:\/\/noticiasdestaque.com.br\/index.php\/wp-json\/wp\/v2\/posts\/48329\/revisions"}],"wp:featuredmedia":[{"embeddable":true,"href":"https:\/\/noticiasdestaque.com.br\/index.php\/wp-json\/wp\/v2\/media\/48330"}],"wp:attachment":[{"href":"https:\/\/noticiasdestaque.com.br\/index.php\/wp-json\/wp\/v2\/media?parent=48329"}],"wp:term":[{"taxonomy":"category","embeddable":true,"href":"https:\/\/noticiasdestaque.com.br\/index.php\/wp-json\/wp\/v2\/categories?post=48329"},{"taxonomy":"post_tag","embeddable":true,"href":"https:\/\/noticiasdestaque.com.br\/index.php\/wp-json\/wp\/v2\/tags?post=48329"}],"curies":[{"name":"wp","href":"https:\/\/api.w.org\/{rel}","templated":true}]}}