{"id":48323,"date":"2025-12-14T04:05:00","date_gmt":"2025-12-14T07:05:00","guid":{"rendered":"https:\/\/noticiasdestaque.com.br\/index.php\/2025\/12\/14\/educacao-pne-2024-2034-avanca-no-congresso-com-previsao-de-r-280-bilhoes-para-estados-e-municipios\/"},"modified":"2025-12-14T04:05:00","modified_gmt":"2025-12-14T07:05:00","slug":"educacao-pne-2024-2034-avanca-no-congresso-com-previsao-de-r-280-bilhoes-para-estados-e-municipios","status":"publish","type":"post","link":"https:\/\/noticiasdestaque.com.br\/index.php\/2025\/12\/14\/educacao-pne-2024-2034-avanca-no-congresso-com-previsao-de-r-280-bilhoes-para-estados-e-municipios\/","title":{"rendered":"Educa\u00e7\u00e3o: PNE 2024-2034 avan\u00e7a no Congresso com previs\u00e3o de R$ 280 bilh\u00f5es para estados e munic\u00edpios"},"content":{"rendered":"<p>\t\t\t\t\t\t\t\t\t\t\t<audio controls class=\"b61_audio_player\" data-noticia=\"86427\" src=\"https:\/\/brasil61.com\/rails\/active_storage\/blobs\/eyJfcmFpbHMiOnsibWVzc2FnZSI6IkJBaHBBem5WQXc9PSIsImV4cCI6bnVsbCwicHVyIjoiYmxvYl9pZCJ9fQ==--7bde88262a648cb24b9f55d808b37df44f7c87fd\/BRAS2515325A\"><\/audio><\/p>\n<p>A <strong>Comiss\u00e3o Especial<\/strong> da <a href=\"https:\/\/www.camara.leg.br\/\">C\u00e2mara dos Deputados<\/a> <strong>aprovou<\/strong>, por unanimidade, o parecer final do <strong>Plano Nacional de Educa\u00e7\u00e3o (PNE) 2024-2034<\/strong> na \u00faltima quarta-feira (10). O relat\u00f3rio, sob a relatoria do deputado Moses Rodrigues (Uni\u00e3o-CE), agora segue para an\u00e1lise no Senado Federal.\u00a0<\/p>\n<\/p>\n<p>O novo PNE <strong>estabelece as diretrizes, metas e estrat\u00e9gias da pol\u00edtica educacional brasileira<\/strong> para a pr\u00f3xima d\u00e9cada e substitui o plano vigente (Lei 13.005\/14). Um dos pontos de maior impacto para <strong>estados e munic\u00edpios<\/strong> \u00e9 o <strong>financiamento do plano<\/strong>, que prev\u00ea investimentos p\u00fablicos em educa\u00e7\u00e3o que podem totalizar aproximadamente R$ 280 bilh\u00f5es ao longo do dec\u00eanio, com o objetivo de elevar o total aplicado em educa\u00e7\u00e3o a at\u00e9 10% do Produto Interno Bruto (PIB) ao final do per\u00edodo.\u00a0<\/p>\n<p>A vers\u00e3o aprovada organiza o PNE em\u00a0objetivos estrat\u00e9gicos que abrangem desde a educa\u00e7\u00e3o infantil at\u00e9 o ensino superior, com \u00eanfase na universaliza\u00e7\u00e3o do atendimento, na qualidade do ensino, na equidade e na infraestrutura educacional. O relat\u00f3rio tamb\u00e9m refor\u00e7a a valoriza\u00e7\u00e3o dos profissionais da educa\u00e7\u00e3o e mecanismos de financiamento como parte essencial para alcan\u00e7ar as metas propostas.\u00a0<\/p>\n<h2>Principais metas aprovadas<\/h2>\n<p>O<strong> novo PNE inclui objetivos e metas que contemplam, entre outros:<\/strong><\/p>\n<ol>\n<li>Universalizar a educa\u00e7\u00e3o infantil e ampliar a oferta de creches e pr\u00e9-escolas.<\/li>\n<li>Garantir a alfabetiza\u00e7\u00e3o no tempo certo, at\u00e9 o final do 2\u00ba ano do ensino fundamental.<\/li>\n<li>Universalizar o acesso e a conclus\u00e3o do ensino fundamental e m\u00e9dio.<\/li>\n<li>Ampliar a educa\u00e7\u00e3o integral e a conectividade nas escolas.<\/li>\n<li>Fortalecer a educa\u00e7\u00e3o profissional e tecnol\u00f3gica, ampliando matr\u00edculas.<\/li>\n<li>Aumentar o acesso ao ensino superior e a forma\u00e7\u00e3o de mestres e doutores.<\/li>\n<li>Assegurar educa\u00e7\u00e3o inclusiva, ind\u00edgena, quilombola e no campo.<\/li>\n<li>Melhorar a infraestrutura escolar e forma\u00e7\u00e3o docente.<\/li>\n<li>Promover equidade e redu\u00e7\u00e3o de desigualdades educacionais.<\/li>\n<\/ol>\n<p>A aprova\u00e7\u00e3o do parecer representa um passo importante para consolidar o PNE como instrumento de planejamento de pol\u00edticas p\u00fablicas educacionais para os pr\u00f3ximos dez anos, com forte destaque para a perspectiva or\u00e7ament\u00e1ria e sua execu\u00e7\u00e3o em todas as esferas de governo.\u00a0<\/p>\n<p>As informa\u00e7\u00f5es s\u00e3o da <a href=\"https:\/\/www.camara.leg.br\/\">C\u00e2mara dos Deputados<\/a>.<br \/>\n\u00a0<\/p>\n<p>\t\t\t\t\t\t\t\t\t\t<img loading=\"lazy\" decoding=\"async\" src=\"https:\/\/brasil61.com\/api\/v1\/serve_pixel\/17677\/86427\" alt=\"Pixel Brasil 61\" class=\"b61_pixel\" width=\"0\" height=\"0\"><\/p>\n<input type=\"hidden\" id=\"baseurl\" value=\"https:\/\/noticiasdestaque.com.br\"><input type=\"hidden\" id=\"audio_nonce\" value=\"6a24ca502e\">","protected":false},"excerpt":{"rendered":"<p>Comiss\u00e3o Especial da C\u00e2mara aprova parecer final do novo Plano Nacional de Educa\u00e7\u00e3o, com destaque para o or\u00e7amento e metas decenais<\/p>\n","protected":false},"author":1,"featured_media":48324,"comment_status":"open","ping_status":"open","sticky":false,"template":"","format":"standard","meta":{"fifu_image_url":"","fifu_image_alt":"","footnotes":""},"categories":[48],"tags":[],"class_list":["post-48323","post","type-post","status-publish","format-standard","has-post-thumbnail","hentry","category-mundo"],"distributor_meta":false,"distributor_terms":false,"distributor_media":false,"distributor_original_site_name":"Noticias em Destaque","distributor_original_site_url":"https:\/\/noticiasdestaque.com.br","push-errors":false,"_links":{"self":[{"href":"https:\/\/noticiasdestaque.com.br\/index.php\/wp-json\/wp\/v2\/posts\/48323","targetHints":{"allow":["GET"]}}],"collection":[{"href":"https:\/\/noticiasdestaque.com.br\/index.php\/wp-json\/wp\/v2\/posts"}],"about":[{"href":"https:\/\/noticiasdestaque.com.br\/index.php\/wp-json\/wp\/v2\/types\/post"}],"author":[{"embeddable":true,"href":"https:\/\/noticiasdestaque.com.br\/index.php\/wp-json\/wp\/v2\/users\/1"}],"replies":[{"embeddable":true,"href":"https:\/\/noticiasdestaque.com.br\/index.php\/wp-json\/wp\/v2\/comments?post=48323"}],"version-history":[{"count":0,"href":"https:\/\/noticiasdestaque.com.br\/index.php\/wp-json\/wp\/v2\/posts\/48323\/revisions"}],"wp:featuredmedia":[{"embeddable":true,"href":"https:\/\/noticiasdestaque.com.br\/index.php\/wp-json\/wp\/v2\/media\/48324"}],"wp:attachment":[{"href":"https:\/\/noticiasdestaque.com.br\/index.php\/wp-json\/wp\/v2\/media?parent=48323"}],"wp:term":[{"taxonomy":"category","embeddable":true,"href":"https:\/\/noticiasdestaque.com.br\/index.php\/wp-json\/wp\/v2\/categories?post=48323"},{"taxonomy":"post_tag","embeddable":true,"href":"https:\/\/noticiasdestaque.com.br\/index.php\/wp-json\/wp\/v2\/tags?post=48323"}],"curies":[{"name":"wp","href":"https:\/\/api.w.org\/{rel}","templated":true}]}}