{"id":48321,"date":"2025-12-14T04:00:00","date_gmt":"2025-12-14T07:00:00","guid":{"rendered":"https:\/\/noticiasdestaque.com.br\/index.php\/2025\/12\/14\/infogripe-influenza-a-avanca-em-estados-do-norte-e-nordeste\/"},"modified":"2025-12-14T04:00:00","modified_gmt":"2025-12-14T07:00:00","slug":"infogripe-influenza-a-avanca-em-estados-do-norte-e-nordeste","status":"publish","type":"post","link":"https:\/\/noticiasdestaque.com.br\/index.php\/2025\/12\/14\/infogripe-influenza-a-avanca-em-estados-do-norte-e-nordeste\/","title":{"rendered":"InfoGripe: Influenza A avan\u00e7a em estados do Norte e Nordeste"},"content":{"rendered":"<p>\t\t\t\t\t\t\t\t\t\t\t<audio controls class=\"b61_audio_player\" data-noticia=\"86411\" src=\"https:\/\/brasil61.com\/rails\/active_storage\/blobs\/eyJfcmFpbHMiOnsibWVzc2FnZSI6IkJBaHBBeWpWQXc9PSIsImV4cCI6bnVsbCwicHVyIjoiYmxvYl9pZCJ9fQ==--d2beae7c75273fc86d2a706192357c7b06edac84\/BRAS2515324A\"><\/audio><\/p>\n<p>O novo <strong><a href=\"https:\/\/agencia.fiocruz.br\/sites\/agencia.fiocruz.br\/files\/Resumo_InfoGripe_2025_49.pdf\" target=\"_blank\">Boletim InfoGripe<\/a><\/strong>, divulgado nesta sexta-feira (12) pela Funda\u00e7\u00e3o Oswaldo Cruz (Fiocruz), alerta para o <strong>crescimento do n\u00famero de hospitaliza\u00e7\u00f5es por influenza A em alguns estados da Regi\u00e3o Norte<\/strong> \u2014 Amazonas, Par\u00e1 e Tocantins \u2014 e <strong>Nordeste <\/strong>\u2014 Bahia, Piau\u00ed e Cear\u00e1 \u2014, al\u00e9m de <strong>Santa Catarina<\/strong>. J\u00e1 no <strong>Sudeste<\/strong>, a tend\u00eancia \u00e9 de <strong>queda<\/strong>, embora em ritmo mais lento no Esp\u00edrito Santo e no Rio de Janeiro.<\/p>\n<p>Diante do cen\u00e1rio, a pesquisadora <strong>Tatiana Portella<\/strong>, do Programa de Computa\u00e7\u00e3o Cient\u00edfica da Fiocruz, refor\u00e7a a<strong> import\u00e2ncia da vacina\u00e7\u00e3o para os grupos de risco<\/strong> dessas localidades. &#8220;Qualquer sinal de piora dos sintomas da gripe, como febre persistente ou desconforto respirat\u00f3rio, o recomendado \u00e9 procurar atendimento m\u00e9dico\u201d, orienta.\u00a0<\/p>\n<h2>Queda geral nos casos de SRAG<\/h2>\n<p>De forma geral, os <strong>casos de S\u00edndrome Respirat\u00f3ria Aguda Grave (SRAG) seguem em queda no pa\u00eds<\/strong>. O boletim indica que nenhuma unidade federativa apresentou incid\u00eancia em n\u00edvel de alerta, risco ou alto risco nas \u00faltimas duas semanas, com tend\u00eancia de crescimento na tend\u00eancia de longo prazo (\u00faltimas seis semanas).<\/p>\n<p>Apenas quatro estados apresentam n\u00edveis de incid\u00eancia de SRAG classificados como alerta, risco ou alto risco, embora sem tend\u00eancia de crescimento no longo prazo: <strong>Amazonas, Esp\u00edrito Santo, Par\u00e1 e Roraima<\/strong>.<\/p>\n<p>Entre as capitais, apenas <strong>Boa Vista (Roraima)<\/strong> registra n\u00edveis de atividade de SRAG em risco, com sinal de crescimento de SRAG na tend\u00eancia de longo prazo.<\/p>\n<h2>V\u00edrus associados \u00e0 SRAG<\/h2>\n<p>O <strong>rinov\u00edrus continua sendo a principal causa de hospitaliza\u00e7\u00e3o por SRAG em crian\u00e7as e adolescentes at\u00e9 14 anos<\/strong>. O boletim tamb\u00e9m indica leve aumento de casos associados ao metapneumov\u00edrus em crian\u00e7as de at\u00e9 dois anos.<\/p>\n<p>A <strong>Covid-19<\/strong>, mesmo em n\u00edveis baixos em todos os estados, segue entre as <strong>principais causas de interna\u00e7\u00e3o por SRAG em idosos <\/strong>nas \u00faltimas semanas.<\/p>\n<h2>Preval\u00eancia dos v\u00edrus entre casos e \u00f3bitos<\/h2>\n<p>Nas \u00faltimas quatro semanas epidemiol\u00f3gicas, entre os casos positivos de SRAG, a preval\u00eancia foi de:<\/p>\n<ul>\n<li><strong>41,1%<\/strong> \u2013 rinov\u00edrus<\/li>\n<li><strong>22,9%<\/strong> \u2013 influenza A<\/li>\n<li><strong>12,1% <\/strong>\u2013 Covid-19<\/li>\n<li><strong>4,8% <\/strong>\u2013 v\u00edrus sincicial respirat\u00f3rio (VSR)<\/li>\n<li><strong>2,4%<\/strong> \u2013 influenza B<\/li>\n<\/ul>\n<p>Entre os \u00f3bitos confirmados no per\u00edodo, os n\u00fameros indicam:<\/p>\n<ul>\n<li><strong>40,5%<\/strong> \u2013 Covid-19<\/li>\n<li><strong>33%<\/strong> \u2013 influenza A<\/li>\n<li><strong>14,6%<\/strong> \u2013 rinov\u00edrus<\/li>\n<li><strong>1,6%<\/strong> \u2013 VSR<\/li>\n<li><strong>3,2% <\/strong>\u2013 influenza B<\/li>\n<\/ul>\n<p>O levantamento do<strong> InfoGripe<\/strong> tem como base os dados inseridos no Sistema de Informa\u00e7\u00e3o da Vigil\u00e2ncia Epidemiol\u00f3gica da Gripe, atualizados at\u00e9 6 de dezembro, e \u00e9 referente \u00e0 Semana Epidemiol\u00f3gica (SE) 49. Confira outros detalhes no <a href=\"https:\/\/agencia.fiocruz.br\/infogripe-cresce-numero-de-hospitalizacoes-por-influenza-no-norte-e-nordeste\" target=\"_blank\">link<\/a>.<\/p>\n<p><strong>VEJA MAIS:<\/strong><\/p>\n<ul>\n<li><a href=\"https:\/\/brasil61.com\/n\/infogripe-alta-nos-casos-de-vsr-reforca-importancia-da-vacinacao-bras2515280\" target=\"_blank\">InfoGripe: alta nos casos de VSR refor\u00e7a import\u00e2ncia da vacina\u00e7\u00e3o<\/a><\/li>\n<li><a href=\"https:\/\/brasil61.com\/n\/brasil-registra-menor-numero-de-mortes-por-aids-em-32-anos-e-inaugura-exposicao-sobre-40-anos-de-combate-a-doenca-pind254701\" target=\"_blank\">Brasil registra menor n\u00famero de mortes por Aids em 32 anos e inaugura exposi\u00e7\u00e3o sobre 40 anos de combate \u00e0 doen\u00e7a<\/a><\/li>\n<li><a href=\"https:\/\/brasil61.com\/n\/primeira-vacina-100-nacional-contra-a-dengue-e-aprovada-pela-anvisa-bras2515226\" target=\"_blank\">Primeira vacina 100% nacional contra a dengue \u00e9 aprovada pela Anvisa<\/a><\/li>\n<\/ul>\n<p>\t\t\t\t\t\t\t\t\t\t<img loading=\"lazy\" decoding=\"async\" src=\"https:\/\/brasil61.com\/api\/v1\/serve_pixel\/17677\/86411\" alt=\"Pixel Brasil 61\" class=\"b61_pixel\" width=\"0\" height=\"0\"><\/p>\n<input type=\"hidden\" id=\"baseurl\" value=\"https:\/\/noticiasdestaque.com.br\"><input type=\"hidden\" id=\"audio_nonce\" value=\"6a24ca502e\">","protected":false},"excerpt":{"rendered":"<p>Boletim da Fiocruz aponta aumento de hospitaliza\u00e7\u00f5es nessas regi\u00f5es e refor\u00e7a a import\u00e2ncia da vacina\u00e7\u00e3o para grupos de risco<\/p>\n","protected":false},"author":1,"featured_media":48322,"comment_status":"open","ping_status":"open","sticky":false,"template":"","format":"standard","meta":{"fifu_image_url":"","fifu_image_alt":"","footnotes":""},"categories":[51],"tags":[],"class_list":["post-48321","post","type-post","status-publish","format-standard","has-post-thumbnail","hentry","category-saude"],"distributor_meta":false,"distributor_terms":false,"distributor_media":false,"distributor_original_site_name":"Noticias em Destaque","distributor_original_site_url":"https:\/\/noticiasdestaque.com.br","push-errors":false,"_links":{"self":[{"href":"https:\/\/noticiasdestaque.com.br\/index.php\/wp-json\/wp\/v2\/posts\/48321","targetHints":{"allow":["GET"]}}],"collection":[{"href":"https:\/\/noticiasdestaque.com.br\/index.php\/wp-json\/wp\/v2\/posts"}],"about":[{"href":"https:\/\/noticiasdestaque.com.br\/index.php\/wp-json\/wp\/v2\/types\/post"}],"author":[{"embeddable":true,"href":"https:\/\/noticiasdestaque.com.br\/index.php\/wp-json\/wp\/v2\/users\/1"}],"replies":[{"embeddable":true,"href":"https:\/\/noticiasdestaque.com.br\/index.php\/wp-json\/wp\/v2\/comments?post=48321"}],"version-history":[{"count":0,"href":"https:\/\/noticiasdestaque.com.br\/index.php\/wp-json\/wp\/v2\/posts\/48321\/revisions"}],"wp:featuredmedia":[{"embeddable":true,"href":"https:\/\/noticiasdestaque.com.br\/index.php\/wp-json\/wp\/v2\/media\/48322"}],"wp:attachment":[{"href":"https:\/\/noticiasdestaque.com.br\/index.php\/wp-json\/wp\/v2\/media?parent=48321"}],"wp:term":[{"taxonomy":"category","embeddable":true,"href":"https:\/\/noticiasdestaque.com.br\/index.php\/wp-json\/wp\/v2\/categories?post=48321"},{"taxonomy":"post_tag","embeddable":true,"href":"https:\/\/noticiasdestaque.com.br\/index.php\/wp-json\/wp\/v2\/tags?post=48321"}],"curies":[{"name":"wp","href":"https:\/\/api.w.org\/{rel}","templated":true}]}}