{"id":4826,"date":"2022-11-29T20:55:45","date_gmt":"2022-11-29T23:55:45","guid":{"rendered":"https:\/\/noticiasdestaque.com.br\/index.php\/2022\/11\/29\/sc-joinville-decreta-situacao-de-emergencia-por-causa-da-chuva\/"},"modified":"2022-11-29T20:55:45","modified_gmt":"2022-11-29T23:55:45","slug":"sc-joinville-decreta-situacao-de-emergencia-por-causa-da-chuva","status":"publish","type":"post","link":"https:\/\/noticiasdestaque.com.br\/index.php\/2022\/11\/29\/sc-joinville-decreta-situacao-de-emergencia-por-causa-da-chuva\/","title":{"rendered":"SC: Joinville decreta situa\u00e7\u00e3o de emerg\u00eancia por causa da chuva\u00a0"},"content":{"rendered":"<style> bloco.meta {font-style: italic; color: #666;font-weight: 600;font-size: .8em; \/* line-height: .3em; *\/}  text h2 { font-weight: 700 !important;  color: #062f46 !important;} text img { width: none; left: none;}<\/style>\n<\/p>\n<p>A forte chuva que atingiu o Sul do pa\u00eds deixou 145 pessoas desabrigadas em Joinville (SC), de acordo com informa\u00e7\u00f5es da prefeitura divulgadas na tarde desta ter\u00e7a-feira (29). <\/p>\n<p>Ontem, a cidade decretou Situa\u00e7\u00e3o de Emerg\u00eancia e tr\u00eas escolas est\u00e3o sendo utilizadas como abrigos para a popula\u00e7\u00e3o. As aulas est\u00e3o temporariamente suspensas na Escola Municipal Dr. Ruben Roberto Schmidlin, no Morro do Meio, devido \u00e0 quantidade de pessoas acolhidas. Na Escola Municipal Professor Avelino Marcante, no Bom Retiro, e na Escola Agr\u00edcola Municipal Carlos Heins Funke, em Pirabeiraba, as aulas est\u00e3o mantidas.<\/p>\n<p>Desde s\u00e1bado (26), o acumulado de chuvas em Joinville ultrapassou os 400 mil\u00edmetros de precipita\u00e7\u00e3o. A prefeitura orienta que em caso de emerg\u00eancia a popula\u00e7\u00e3o procure a Defesa Civil, pelo telefone 199, ou com os Bombeiros Volunt\u00e1rios, pelo 193.<\/p>\n<p>A prefeitura de Joinville liberou um local para arrecada\u00e7\u00e3o de itens que ser\u00e3o entregues \u00e0s fam\u00edlias atingidas pela enchente. A Central Solid\u00e1ria vai funcionar no Expocentro Edmundo Doubrawa (anexo ao Centreventos Cau Hansen), a partir desta quarta-feira (30) at\u00e9 a  sexta-feira (2), das 8h30 \u00e0s 19h30.<\/p>\n<p>Os principais itens que precisam ser arrecadados s\u00e3o \u00e1gua mineral, alimentos n\u00e3o perec\u00edveis e produtos de higiene e limpeza. <\/p>\n<h2>Paran\u00e1 <\/h2>\n<p>Um deslizamento de terra na BR-376, na altura de Guaratuba, no Paran\u00e1, <a href=\"https:\/\/agenciabrasil.ebc.com.br\/geral\/noticia\/2022-11\/deslizamento-de-terra-em-rodovia-no-parana-soterra-carros-e-caminhoes\" target=\"_blank\" rel=\"noopener\">soterrou carros e caminh\u00f5es<\/a> na noite de segunda-feira (28) e vem mobilizando, desde ent\u00e3o, os esfor\u00e7os de equipes de resgate do Corpo de Bombeiros do estado. At\u00e9 o momento, uma morte foi confirmada. Ainda n\u00e3o se sabe quantas pessoas estavam dentro dos ve\u00edculos atingidos.<\/p>\n<h2>Mais chuvas <\/h2>\n<p>As fortes chuvas que atingem Santa Catarina e o Paran\u00e1 v\u00eam sendo monitoradas pela Defesa Civil Nacional. De acordo com Instituto Nacional de Meteorologia (Inmet), v\u00e1rias regi\u00f5es dos dois estados est\u00e3o sob alerta vermelho, indicando grande perigo de acumulado de chuvas at\u00e9 a noite de quarta-feira (30).<\/p>\n<p>As chuvas<a href=\"https:\/\/agenciabrasil.ebc.com.br\/geral\/noticia\/2022-11\/defesa-civil-alerta-para-chuvas-intensas-em-santa-catarina-e-no-parana\" target=\"_blank\" rel=\"noopener\"> podem superar 100 mil\u00edmetros<\/a> por dia, informa o Inmet. \u201cO risco de alagamentos, deslizamentos de encostas e transbordamentos de rios em algumas regi\u00f5es \u00e9 elevado\u201d. <\/p>\n<p class=\"alt-font font-italic my-2 small text-info\">\n                                                Edi\u00e7\u00e3o:   Bruna Saniele                    <\/p>\n<p>            <!-- blog End --><\/p>\n<p>            <!-- tag and share --><\/p>\n<p> Fonte: EBC <\/p>\n<input type=\"hidden\" id=\"baseurl\" value=\"https:\/\/noticiasdestaque.com.br\"><input type=\"hidden\" id=\"audio_nonce\" value=\"62ca87eee3\">","protected":false},"excerpt":{"rendered":"<p>Mais de 140 moradores est\u00e3o desabrigados\u00a0<\/p>\n","protected":false},"author":1,"featured_media":4827,"comment_status":"open","ping_status":"open","sticky":false,"template":"","format":"standard","meta":{"fifu_image_url":"","fifu_image_alt":"","footnotes":""},"categories":[48],"tags":[],"class_list":["post-4826","post","type-post","status-publish","format-standard","has-post-thumbnail","hentry","category-mundo"],"distributor_meta":false,"distributor_terms":false,"distributor_media":false,"distributor_original_site_name":"Portal de Recupera\u00e7\u00e3o","distributor_original_site_url":"https:\/\/portalderecuperacao.com","push-errors":false,"_links":{"self":[{"href":"https:\/\/noticiasdestaque.com.br\/index.php\/wp-json\/wp\/v2\/posts\/4826","targetHints":{"allow":["GET"]}}],"collection":[{"href":"https:\/\/noticiasdestaque.com.br\/index.php\/wp-json\/wp\/v2\/posts"}],"about":[{"href":"https:\/\/noticiasdestaque.com.br\/index.php\/wp-json\/wp\/v2\/types\/post"}],"author":[{"embeddable":true,"href":"https:\/\/noticiasdestaque.com.br\/index.php\/wp-json\/wp\/v2\/users\/1"}],"replies":[{"embeddable":true,"href":"https:\/\/noticiasdestaque.com.br\/index.php\/wp-json\/wp\/v2\/comments?post=4826"}],"version-history":[{"count":0,"href":"https:\/\/noticiasdestaque.com.br\/index.php\/wp-json\/wp\/v2\/posts\/4826\/revisions"}],"wp:featuredmedia":[{"embeddable":true,"href":"https:\/\/noticiasdestaque.com.br\/index.php\/wp-json\/wp\/v2\/media\/4827"}],"wp:attachment":[{"href":"https:\/\/noticiasdestaque.com.br\/index.php\/wp-json\/wp\/v2\/media?parent=4826"}],"wp:term":[{"taxonomy":"category","embeddable":true,"href":"https:\/\/noticiasdestaque.com.br\/index.php\/wp-json\/wp\/v2\/categories?post=4826"},{"taxonomy":"post_tag","embeddable":true,"href":"https:\/\/noticiasdestaque.com.br\/index.php\/wp-json\/wp\/v2\/tags?post=4826"}],"curies":[{"name":"wp","href":"https:\/\/api.w.org\/{rel}","templated":true}]}}