{"id":4824,"date":"2022-11-29T20:53:23","date_gmt":"2022-11-29T23:53:23","guid":{"rendered":"https:\/\/noticiasdestaque.com.br\/index.php\/2022\/11\/29\/neymar-danilo-e-alex-sandro-nao-enfrentam-camaroes\/"},"modified":"2022-11-29T20:53:23","modified_gmt":"2022-11-29T23:53:23","slug":"neymar-danilo-e-alex-sandro-nao-enfrentam-camaroes","status":"publish","type":"post","link":"https:\/\/noticiasdestaque.com.br\/index.php\/2022\/11\/29\/neymar-danilo-e-alex-sandro-nao-enfrentam-camaroes\/","title":{"rendered":"Neymar, Danilo e Alex Sandro n\u00e3o enfrentam Camar\u00f5es"},"content":{"rendered":"<style> bloco.meta {font-style: italic; color: #666;font-weight: 600;font-size: .8em; \/* line-height: .3em; *\/}  text h2 { font-weight: 700 !important;  color: #062f46 !important;} text img { width: none; left: none;}<\/style>\n<\/p>\n<p>Alex Sandro se juntou a Neymar e Danilo no departamento m\u00e9dico da equipe do Brasil. O m\u00e9dico da sele\u00e7\u00e3o brasileira, Rodrigo Lasmar, informou nesta ter\u00e7a-feira (29) que o lateral-esquerdo sofreu uma les\u00e3o no m\u00fasculo do quadril esquerdo durante a vit\u00f3ria de 1 a 0 da equipe canarinho sobre a Su\u00ed\u00e7a na Copa do Catar.<\/p>\n<p>\u201cSobre o jogo de ontem [segunda-feira], Alex Sandro sentiu dores no quadril esquerdo, ele n\u00e3o teve condi\u00e7\u00f5es de continuar na partida. Hoje [ter\u00e7a-feira] pela manh\u00e3 foi reavaliado, n\u00f3s pedimos exame de imagem, uma resson\u00e2ncia magn\u00e9tica. Ela evidenciou les\u00e3o no m\u00fasculo do quadril esquerdo. O atleta n\u00e3o ter\u00e1 condi\u00e7\u00f5es na pr\u00f3xima partida contra Camar\u00f5es. Ele segue em tratamento para a que possamos recuper\u00e1-lo o quanto antes\u201d, declarou o m\u00e9dico em v\u00eddeo divulgado pela Confedera\u00e7\u00e3o Brasileira de Futebol (CBF).<\/p>\n<p>Na mensagem, Lasmar tamb\u00e9m atualizou as situa\u00e7\u00f5es do atacante Neymar e do lateral Danilo, que n\u00e3o defenderam o Brasil na partida contra a Su\u00ed\u00e7a: \u201cDanilo e Neymar continuam no processo de recupera\u00e7\u00e3o de suas les\u00f5es no tornozelo. Cada um com uma abordagem diferente, pois s\u00e3o les\u00f5es diferentes. Isso \u00e9 importante salientar. O Neymar apresentou um epis\u00f3dio de febre, que j\u00e1 est\u00e1 controlado. Isso n\u00e3o interfere no processo de recupera\u00e7\u00e3o de seu tornozelo. E hoje, na nossa reuni\u00e3o di\u00e1ria com a comiss\u00e3o t\u00e9cnica, n\u00f3s passamos que esses tr\u00eas atletas n\u00e3o estar\u00e3o dispon\u00edveis para o nosso pr\u00f3ximo jogo contra Camar\u00f5es\u201d.<\/p>\n<p>Brasil e Camar\u00f5es medem for\u00e7as, pela terceira rodada do Grupo G do Mundial, a partir das 16h (hor\u00e1rio de Bras\u00edlia) da pr\u00f3xima sexta-feira (2).<\/p>\n<p class=\"alt-font font-italic my-2 small text-info\">\n                                                Edi\u00e7\u00e3o:   F\u00e1bio Lisboa                    <\/p>\n<p>            <!-- blog End --><\/p>\n<p>            <!-- tag and share --><\/p>\n<p> Fonte: EBC <\/p>\n<input type=\"hidden\" id=\"baseurl\" value=\"https:\/\/noticiasdestaque.com.br\"><input type=\"hidden\" id=\"audio_nonce\" value=\"62ca87eee3\">","protected":false},"excerpt":{"rendered":"<p>Lateral-esquerdo (foto) sentiu o quadril na vit\u00f3ria sobre a Su\u00ed\u00e7a<\/p>\n","protected":false},"author":1,"featured_media":4825,"comment_status":"open","ping_status":"open","sticky":false,"template":"","format":"standard","meta":{"fifu_image_url":"","fifu_image_alt":"","footnotes":""},"categories":[47],"tags":[],"class_list":["post-4824","post","type-post","status-publish","format-standard","has-post-thumbnail","hentry","category-esportes"],"distributor_meta":false,"distributor_terms":false,"distributor_media":false,"distributor_original_site_name":"Portal de Recupera\u00e7\u00e3o","distributor_original_site_url":"https:\/\/portalderecuperacao.com","push-errors":false,"_links":{"self":[{"href":"https:\/\/noticiasdestaque.com.br\/index.php\/wp-json\/wp\/v2\/posts\/4824","targetHints":{"allow":["GET"]}}],"collection":[{"href":"https:\/\/noticiasdestaque.com.br\/index.php\/wp-json\/wp\/v2\/posts"}],"about":[{"href":"https:\/\/noticiasdestaque.com.br\/index.php\/wp-json\/wp\/v2\/types\/post"}],"author":[{"embeddable":true,"href":"https:\/\/noticiasdestaque.com.br\/index.php\/wp-json\/wp\/v2\/users\/1"}],"replies":[{"embeddable":true,"href":"https:\/\/noticiasdestaque.com.br\/index.php\/wp-json\/wp\/v2\/comments?post=4824"}],"version-history":[{"count":0,"href":"https:\/\/noticiasdestaque.com.br\/index.php\/wp-json\/wp\/v2\/posts\/4824\/revisions"}],"wp:featuredmedia":[{"embeddable":true,"href":"https:\/\/noticiasdestaque.com.br\/index.php\/wp-json\/wp\/v2\/media\/4825"}],"wp:attachment":[{"href":"https:\/\/noticiasdestaque.com.br\/index.php\/wp-json\/wp\/v2\/media?parent=4824"}],"wp:term":[{"taxonomy":"category","embeddable":true,"href":"https:\/\/noticiasdestaque.com.br\/index.php\/wp-json\/wp\/v2\/categories?post=4824"},{"taxonomy":"post_tag","embeddable":true,"href":"https:\/\/noticiasdestaque.com.br\/index.php\/wp-json\/wp\/v2\/tags?post=4824"}],"curies":[{"name":"wp","href":"https:\/\/api.w.org\/{rel}","templated":true}]}}