{"id":4823,"date":"2022-11-28T18:09:44","date_gmt":"2022-11-28T21:09:44","guid":{"rendered":"https:\/\/noticiasdestaque.com.br\/index.php\/2022\/11\/28\/es-pm-abre-investigacao-sobre-acesso-de-atirador-as-armas-do-pai\/"},"modified":"2022-11-28T18:09:44","modified_gmt":"2022-11-28T21:09:44","slug":"es-pm-abre-investigacao-sobre-acesso-de-atirador-as-armas-do-pai","status":"publish","type":"post","link":"https:\/\/noticiasdestaque.com.br\/index.php\/2022\/11\/28\/es-pm-abre-investigacao-sobre-acesso-de-atirador-as-armas-do-pai\/","title":{"rendered":"ES: PM abre investiga\u00e7\u00e3o sobre acesso de atirador \u00e0s armas do pai"},"content":{"rendered":"<style> bloco.meta {font-style: italic; color: #666;font-weight: 600;font-size: .8em; \/* line-height: .3em; *\/}  text h2 { font-weight: 700 !important;  color: #062f46 !important;} text img { width: none; left: none;}<\/style>\n<p>A Corregedoria da Pol\u00edcia Militar do Esp\u00edrito Santo abriu, hoje (28), procedimento administrativo para apurar as circunst\u00e2ncias em que o adolescente de 16 anos de idade teve acesso \u00e0s armas do pai para provocar o ataque em duas escolas no distrito de Coqueiral, em Aracruz, na manh\u00e3 de sexta-feira (25). Ele \u00e9 filho de um policial militar e usou duas armas de responsabilidade do pai, um rev\u00f3lver de calibre 38 de propriedade privada, e uma pistola 40 pertencente \u00e0 Pol\u00edcia Militar.<\/p>\n<p>A Pol\u00edcia Civil tamb\u00e9m est\u00e1 investigando a conduta ou omiss\u00e3o dos pais sobre a atua\u00e7\u00e3o do atirador. Eles ser\u00e3o interrogados hoje. <a href=\"https:\/\/agenciabrasil.ebc.com.br\/geral\/noticia\/2022-11\/policia-prende-suspeito-de-ser-atirador-no-espirito-santo\" target=\"_blank\" rel=\"noopener\">O adolescente foi apreendido<\/a> e informou \u00e0 pol\u00edcia que sempre que tinha oportunidade de ficar sozinho em casa manuseava as armas do pai.<\/p>\n<p>Em entrevista coletiva na manh\u00e3 desta segunda-feira, as autoridades policiais informaram que as armas estavam escondidas no quarto dos pais do adolescente, uma delas com um cadeado. Ap\u00f3s os ataques, o jovem voltou para casa, devolveu as armas para o mesmo lugar e fingiu que nada tinha acontecido at\u00e9 a chegada dos policiais.<\/p>\n<p>Os ataques ocorreram na Escola Estadual Primo Bitti e no Centro Educacional Praia de Coqueiral, uma escola particular. De acordo com a pol\u00edcia, o atirador escolheu os locais pela proximidade com a sua casa.<\/p>\n<p>Durante o atentado <a href=\"https:\/\/agenciabrasil.ebc.com.br\/geral\/noticia\/2022-11\/es-adolescente-usa-arma-do-pai-e-simbolo-nazista-em-ataque-escolas\" target=\"_blank\" rel=\"noopener\">o adolescente usava s\u00edmbolos nazistas<\/a>. Tamb\u00e9m foram encontrados conte\u00fados semelhantes em seu celular. Segundo as investiga\u00e7\u00f5es, apesar de o atirador ser simpatizante de ideias nazistas, n\u00e3o h\u00e1 confirma\u00e7\u00e3o de que fazia parte de qualquer grupo organizado. \u00c0 pol\u00edcia, ele disse que planejou o ataque porque sofria bullying. O jovem era considerado introspectivo, fazia tratamento psiqui\u00e1trico e psicol\u00f3gico e havia abandonado a escola h\u00e1 6 meses.<\/p>\n<p>O secret\u00e1rio de Seguran\u00e7a P\u00fablica e Defesa Social do Esp\u00edrito Santo, Marcio Celante, refor\u00e7ou que foi um fato isolado e pediu tranquilidade \u00e0 popula\u00e7\u00e3o. \u201cN\u00f3s conseguimos apreender o adolescente que executou o ato criminoso, as investiga\u00e7\u00f5es est\u00e3o avan\u00e7ando, pedimos essa tranquilidade \u00e0 popula\u00e7\u00e3o e confian\u00e7a nas for\u00e7as de seguran\u00e7a\u201d, disse.<\/p>\n<h2>V\u00edtimas<\/h2>\n<p><a href=\"https:\/\/agenciabrasil.ebc.com.br\/geral\/noticia\/2022-11\/es-morre-quarta-vitima-de-ataques-escolas-de-aracruz\" target=\"_blank\" rel=\"noopener\">Quatro pessoas morreram no ataque<\/a>, tr\u00eas professoras e uma estudante de 12 anos de idade. Ao todo foram atendidas 16 v\u00edtimas, com tr\u00eas mortes nos locais do ataque, duas professoras e a estudante.<\/p>\n<p>A Secretaria de Sa\u00fade do Esp\u00edrito Santo informou que cinco pessoas permanecem internadas. Elas s\u00e3o atendidos em tr\u00eas institui\u00e7\u00f5es hospitalares da rede estadual.<\/p>\n<p>Duas professoras, de 45 e 52 anos, est\u00e3o em estado grave na UTI do Hospital Estadual Doutor Jayme dos Santos Neves, em Serra. Outra professora, de 58 anos, est\u00e1 sendo atendida em Vit\u00f3ria, no Hospital Estadual de Urg\u00eancia e Emerg\u00eancia S\u00e3o Lucas. O estado de sa\u00fade dela \u00e9 est\u00e1vel e aguarda melhora de feridas em membro inferior para ser submetida \u00e0 nova cirurgia.<\/p>\n<p>Tamb\u00e9m na capital capixaba, dois alunos seguem internados no Hospital Estadual Infantil Nossa Senhora da Gl\u00f3ria. Segundo a secretaria, um menino de 11 anos que estava em estado grave evoluiu para est\u00e1vel e foi transferido para uma unidade semi-intensiva. Uma menina de 14 anos segue entubada na UTI, e o estado de sa\u00fade \u00e9 muito grave.<\/p>\n<p class=\"alt-font font-italic my-2 small text-info\">\n                                                Edi\u00e7\u00e3o:   Fernando Fraga<\/p>\n<p>            <!-- blog End --><\/p>\n<p><!-- tag and share --><\/p>\n<p>Fonte: EBC<\/p>\n<input type=\"hidden\" id=\"baseurl\" value=\"https:\/\/noticiasdestaque.com.br\"><input type=\"hidden\" id=\"audio_nonce\" value=\"62ca87eee3\">","protected":false},"excerpt":{"rendered":"<p>Pais do adolescente de Aracruz ser\u00e3o ouvidos hoje<\/p>\n","protected":false},"author":1,"featured_media":0,"comment_status":"open","ping_status":"open","sticky":false,"template":"","format":"standard","meta":{"fifu_image_url":"","fifu_image_alt":"","footnotes":""},"categories":[48],"tags":[],"class_list":["post-4823","post","type-post","status-publish","format-standard","hentry","category-mundo"],"distributor_meta":false,"distributor_terms":false,"distributor_media":false,"distributor_original_site_name":"Portal de Recupera\u00e7\u00e3o","distributor_original_site_url":"https:\/\/portalderecuperacao.com","push-errors":false,"_links":{"self":[{"href":"https:\/\/noticiasdestaque.com.br\/index.php\/wp-json\/wp\/v2\/posts\/4823","targetHints":{"allow":["GET"]}}],"collection":[{"href":"https:\/\/noticiasdestaque.com.br\/index.php\/wp-json\/wp\/v2\/posts"}],"about":[{"href":"https:\/\/noticiasdestaque.com.br\/index.php\/wp-json\/wp\/v2\/types\/post"}],"author":[{"embeddable":true,"href":"https:\/\/noticiasdestaque.com.br\/index.php\/wp-json\/wp\/v2\/users\/1"}],"replies":[{"embeddable":true,"href":"https:\/\/noticiasdestaque.com.br\/index.php\/wp-json\/wp\/v2\/comments?post=4823"}],"version-history":[{"count":0,"href":"https:\/\/noticiasdestaque.com.br\/index.php\/wp-json\/wp\/v2\/posts\/4823\/revisions"}],"wp:attachment":[{"href":"https:\/\/noticiasdestaque.com.br\/index.php\/wp-json\/wp\/v2\/media?parent=4823"}],"wp:term":[{"taxonomy":"category","embeddable":true,"href":"https:\/\/noticiasdestaque.com.br\/index.php\/wp-json\/wp\/v2\/categories?post=4823"},{"taxonomy":"post_tag","embeddable":true,"href":"https:\/\/noticiasdestaque.com.br\/index.php\/wp-json\/wp\/v2\/tags?post=4823"}],"curies":[{"name":"wp","href":"https:\/\/api.w.org\/{rel}","templated":true}]}}