{"id":4817,"date":"2022-11-27T13:08:37","date_gmt":"2022-11-27T16:08:37","guid":{"rendered":"https:\/\/noticiasdestaque.com.br\/index.php\/2022\/11\/27\/apos-dois-anos-de-pandemia-parada-do-orgulho-lgbti-ocorre-no-rio\/"},"modified":"2022-11-27T13:08:37","modified_gmt":"2022-11-27T16:08:37","slug":"apos-dois-anos-de-pandemia-parada-do-orgulho-lgbti-ocorre-no-rio","status":"publish","type":"post","link":"https:\/\/noticiasdestaque.com.br\/index.php\/2022\/11\/27\/apos-dois-anos-de-pandemia-parada-do-orgulho-lgbti-ocorre-no-rio\/","title":{"rendered":"Ap\u00f3s dois anos de pandemia, 27\u00aa Parada do Orgulho LGBTI ocorre no Rio"},"content":{"rendered":"<style> bloco.meta {font-style: italic; color: #666;font-weight: 600;font-size: .8em; \/* line-height: .3em; *\/}  text h2 { font-weight: 700 !important;  color: #062f46 !important;} text img { width: none; left: none;}<\/style>\n<\/p>\n<p>Ap\u00f3s dois anos ocorrendo virtualmente, devido \u00e0 pandemia da covid-19, a 27\u00aa Parada do Orgulho LGBTI  Rio ocorre hoje (27), na Praia de Copacabana, com o tema Coragem pra ser feliz. O evento tem atividades desde as 11h na pista da orla no Posto 5 da Avenida Atl\u00e2ntica. O desfile est\u00e1 previsto para come\u00e7ar \u00e0s 14h com percurso pela orla at\u00e9 a Rua Rodolfo Dantas. <\/p>\n<p>Organizada pela ONG Grupo Arco-\u00cdris, a Parada do Orgulho LGBTI  Rio 2022 conta com dez trios el\u00e9tricos e com alas tem\u00e1ticas que refor\u00e7am a import\u00e2ncia da preserva\u00e7\u00e3o da Amaz\u00f4nia e do meio ambiente e homenagem \u00e0s v\u00edtimas da covid-19. <\/p>\n<p>Segundo os organizadores, a marcha re\u00fane diferentes grupos discriminados, como pessoas LGBTI , negras, mulheres, povos origin\u00e1rios, entre outros, com o objetivo de refor\u00e7ar a luta por um Brasil igualit\u00e1rio. <\/p>\n<p>\u201cEsta \u00e9 a parada do renascimento ap\u00f3s um per\u00edodo de dor e perdas em raz\u00e3o da covid-19 e especialmente pelo aumento do discurso de \u00f3dio em parte da sociedade contra nossa comunidade LGBTI  e do nosso renascimento como cidad\u00e3os de direitos\u201d, disse Cl\u00e1udio Nascimento, presidente do Grupo Arco-\u00cdris e coordenador geral da Parada do Orgulho LGBTI  Rio 2022. <\/p>\n<p>\u201cSabemos que retomar o caminho para o respeito \u00e0s nossas identidades exigir\u00e1 coragem para romper com os \u00faltimos anos de conservadorismo e com a tentativa de fazer o \u00f3dio imperar. Somos sempre pelo afeto e pelo di\u00e1logo. Porque, no final, o amor venceu e sempre vencer\u00e1\u201d, acrescentou Nascimento. <\/p>\n<p>Para demarcar as reivindica\u00e7\u00f5es da comunidade LGBTI  ser\u00e1 divulgada a Carta Por Um Brasil sem LGBTIfobia, endere\u00e7ada ao presidente eleito Luiz In\u00e1cio Lula da Silva, com propostas de pol\u00edticas p\u00fablicas nos campos da seguran\u00e7a, sa\u00fade, educa\u00e7\u00e3o, trabalho e renda, cultura, esporte e lazer, turismo, assist\u00eancia social e direitos humanos.<\/p>\n<p class=\"alt-font font-italic my-2 small text-info\">\n                                                Edi\u00e7\u00e3o:   Fernando Fraga                    <\/p>\n<p>            <!-- blog End --><\/p>\n<p>            <!-- tag and share --><\/p>\n<p> Fonte: EBC <\/p>\n<input type=\"hidden\" id=\"baseurl\" value=\"https:\/\/noticiasdestaque.com.br\"><input type=\"hidden\" id=\"audio_nonce\" value=\"62ca87eee3\">","protected":false},"excerpt":{"rendered":"<p>Passeata na Praia de Copacabana tem como tema Coragem pra ser feliz<\/p>\n","protected":false},"author":1,"featured_media":4818,"comment_status":"open","ping_status":"open","sticky":false,"template":"","format":"standard","meta":{"fifu_image_url":"","fifu_image_alt":"","footnotes":""},"categories":[48],"tags":[],"class_list":["post-4817","post","type-post","status-publish","format-standard","has-post-thumbnail","hentry","category-mundo"],"distributor_meta":false,"distributor_terms":false,"distributor_media":false,"distributor_original_site_name":"Portal de Recupera\u00e7\u00e3o","distributor_original_site_url":"https:\/\/portalderecuperacao.com","push-errors":false,"_links":{"self":[{"href":"https:\/\/noticiasdestaque.com.br\/index.php\/wp-json\/wp\/v2\/posts\/4817","targetHints":{"allow":["GET"]}}],"collection":[{"href":"https:\/\/noticiasdestaque.com.br\/index.php\/wp-json\/wp\/v2\/posts"}],"about":[{"href":"https:\/\/noticiasdestaque.com.br\/index.php\/wp-json\/wp\/v2\/types\/post"}],"author":[{"embeddable":true,"href":"https:\/\/noticiasdestaque.com.br\/index.php\/wp-json\/wp\/v2\/users\/1"}],"replies":[{"embeddable":true,"href":"https:\/\/noticiasdestaque.com.br\/index.php\/wp-json\/wp\/v2\/comments?post=4817"}],"version-history":[{"count":0,"href":"https:\/\/noticiasdestaque.com.br\/index.php\/wp-json\/wp\/v2\/posts\/4817\/revisions"}],"wp:featuredmedia":[{"embeddable":true,"href":"https:\/\/noticiasdestaque.com.br\/index.php\/wp-json\/wp\/v2\/media\/4818"}],"wp:attachment":[{"href":"https:\/\/noticiasdestaque.com.br\/index.php\/wp-json\/wp\/v2\/media?parent=4817"}],"wp:term":[{"taxonomy":"category","embeddable":true,"href":"https:\/\/noticiasdestaque.com.br\/index.php\/wp-json\/wp\/v2\/categories?post=4817"},{"taxonomy":"post_tag","embeddable":true,"href":"https:\/\/noticiasdestaque.com.br\/index.php\/wp-json\/wp\/v2\/tags?post=4817"}],"curies":[{"name":"wp","href":"https:\/\/api.w.org\/{rel}","templated":true}]}}