{"id":4815,"date":"2022-11-26T19:24:03","date_gmt":"2022-11-26T22:24:03","guid":{"rendered":"https:\/\/noticiasdestaque.com.br\/index.php\/2022\/11\/26\/es-morre-quarta-vitima-de-ataques-a-escolas-de-aracruz\/"},"modified":"2022-11-26T19:24:03","modified_gmt":"2022-11-26T22:24:03","slug":"es-morre-quarta-vitima-de-ataques-a-escolas-de-aracruz","status":"publish","type":"post","link":"https:\/\/noticiasdestaque.com.br\/index.php\/2022\/11\/26\/es-morre-quarta-vitima-de-ataques-a-escolas-de-aracruz\/","title":{"rendered":"ES: morre quarta v\u00edtima de ataques a escolas de Aracruz"},"content":{"rendered":"<style> bloco.meta {font-style: italic; color: #666;font-weight: 600;font-size: .8em; \/* line-height: .3em; *\/}  text h2 { font-weight: 700 !important;  color: #062f46 !important;} text img { width: none; left: none;}<\/style>\n<\/p>\n<p>Morreu hoje (26) mais uma v\u00edtima do ataque de um adolescente de 16 anos contra duas escolas no distrito de Coqueiral, em Aracruz (ES), na manh\u00e3 de ontem. A professora Fl\u00e1via Amboss Mer\u00e7on, de 38 anos, estava internada em estado grave, atingida por disparos feitos pelo adolescente. Ela lecionava na Escola Estadual Pl\u00ednio Bitti, onde o atirador arrombou o cadeado de um dos acessos e fez disparos na sala dos professores, provocando duas mortes na hora e deixando v\u00e1rios feridos. <\/p>\n<p>Ao todo, quatro pessoas morreram, tr\u00eas professoras e uma estudante. <a href=\"https:\/\/agenciabrasil.ebc.com.br\/geral\/noticia\/2022-11\/seis-pessoas-permanecem-internadas-apos-ataque-em-aracruz\" target=\"_blank\" rel=\"noopener\">Cinco pessoas permanecem internadas<\/a>, uma mulher de 52 anos e uma de 45 anos, que est\u00e3o em estado grave; uma mulher de 58 anos, que passou por cirurgia e est\u00e1 est\u00e1vel; um menino de 11 e uma menina de 14, que passaram por cirurgia e est\u00e3o em estado grave.<\/p>\n<p>Os corpos de duas professoras e da estudante foram velados na manh\u00e3 deste s\u00e1bado em Aracruz.<\/p>\n<p>No Twitter, o governador Renato Casagrande lamentou mais esta morte. &#8220;infelizmente a trag\u00e9dia em Aracruz ainda n\u00e3o chegou ao fim. Com profundo pesar confirmamos o falecimento de mais uma v\u00edtima, a professora Fl\u00e1via Amboss Mer\u00e7on, de apenas 38 anos. Nosso abra\u00e7o solid\u00e1rio \u00e0 fam\u00edlia e aos amigos&#8221;.<\/p>\n<h2>Ataque<\/h2>\n<p>A a\u00e7\u00e3o do adolescente teve in\u00edcio por volta das 9h30 desta sexta-feira e come\u00e7ou pela Escola Estadual Primo Bitti, onde ele arrombou o cadeado de um dos acessos e fez disparos na sala dos professores. Em seguida, o atirador entrou em um carro e se dirigiu ao Centro Educacional Praia de Coqueiral, uma institui\u00e7\u00e3o privada. No local, efetuou novos disparos, tirando a vida de uma aluna e ferindo outras v\u00edtimas.<\/p>\n<p>O autor dos disparos foi apreendido. Segundo a Pol\u00edcia, o adolescente usou<a href=\"https:\/\/agenciabrasil.ebc.com.br\/geral\/noticia\/2022-11\/es-adolescente-usa-arma-do-pai-e-simbolo-nazista-em-ataque-escolas\" target=\"_blank\" rel=\"noopener\"> duas armas<\/a> de responsabilidade do pai, policial militar.<\/p>\n<p class=\"alt-font font-italic my-2 small text-info\">\n                                                Edi\u00e7\u00e3o:   Aline Leal                    <\/p>\n<p>            <!-- blog End --><\/p>\n<p>            <!-- tag and share --><\/p>\n<p> Fonte: EBC <\/p>\n<input type=\"hidden\" id=\"baseurl\" value=\"https:\/\/noticiasdestaque.com.br\"><input type=\"hidden\" id=\"audio_nonce\" value=\"62ca87eee3\">","protected":false},"excerpt":{"rendered":"<p>Professora tinha 38 anos e lecionava na Escola Estadual Pl\u00ednio Biriti<\/p>\n","protected":false},"author":1,"featured_media":4816,"comment_status":"open","ping_status":"open","sticky":false,"template":"","format":"standard","meta":{"fifu_image_url":"","fifu_image_alt":"","footnotes":""},"categories":[48],"tags":[],"class_list":["post-4815","post","type-post","status-publish","format-standard","has-post-thumbnail","hentry","category-mundo"],"distributor_meta":false,"distributor_terms":false,"distributor_media":false,"distributor_original_site_name":"Portal de Recupera\u00e7\u00e3o","distributor_original_site_url":"https:\/\/portalderecuperacao.com","push-errors":false,"_links":{"self":[{"href":"https:\/\/noticiasdestaque.com.br\/index.php\/wp-json\/wp\/v2\/posts\/4815","targetHints":{"allow":["GET"]}}],"collection":[{"href":"https:\/\/noticiasdestaque.com.br\/index.php\/wp-json\/wp\/v2\/posts"}],"about":[{"href":"https:\/\/noticiasdestaque.com.br\/index.php\/wp-json\/wp\/v2\/types\/post"}],"author":[{"embeddable":true,"href":"https:\/\/noticiasdestaque.com.br\/index.php\/wp-json\/wp\/v2\/users\/1"}],"replies":[{"embeddable":true,"href":"https:\/\/noticiasdestaque.com.br\/index.php\/wp-json\/wp\/v2\/comments?post=4815"}],"version-history":[{"count":0,"href":"https:\/\/noticiasdestaque.com.br\/index.php\/wp-json\/wp\/v2\/posts\/4815\/revisions"}],"wp:featuredmedia":[{"embeddable":true,"href":"https:\/\/noticiasdestaque.com.br\/index.php\/wp-json\/wp\/v2\/media\/4816"}],"wp:attachment":[{"href":"https:\/\/noticiasdestaque.com.br\/index.php\/wp-json\/wp\/v2\/media?parent=4815"}],"wp:term":[{"taxonomy":"category","embeddable":true,"href":"https:\/\/noticiasdestaque.com.br\/index.php\/wp-json\/wp\/v2\/categories?post=4815"},{"taxonomy":"post_tag","embeddable":true,"href":"https:\/\/noticiasdestaque.com.br\/index.php\/wp-json\/wp\/v2\/tags?post=4815"}],"curies":[{"name":"wp","href":"https:\/\/api.w.org\/{rel}","templated":true}]}}