{"id":4813,"date":"2022-11-26T19:22:44","date_gmt":"2022-11-26T22:22:44","guid":{"rendered":"https:\/\/noticiasdestaque.com.br\/index.php\/2022\/11\/26\/em-treino-fechado-brasil-mantem-misterio-antes-de-pegar-suica\/"},"modified":"2022-11-26T19:22:44","modified_gmt":"2022-11-26T22:22:44","slug":"em-treino-fechado-brasil-mantem-misterio-antes-de-pegar-suica","status":"publish","type":"post","link":"https:\/\/noticiasdestaque.com.br\/index.php\/2022\/11\/26\/em-treino-fechado-brasil-mantem-misterio-antes-de-pegar-suica\/","title":{"rendered":"Em treino fechado, Brasil mant\u00e9m mist\u00e9rio antes de pegar Su\u00ed\u00e7a"},"content":{"rendered":"<style> bloco.meta {font-style: italic; color: #666;font-weight: 600;font-size: .8em; \/* line-height: .3em; *\/}  text h2 { font-weight: 700 !important;  color: #062f46 !important;} text img { width: none; left: none;}<\/style>\n<\/p>\n<p>O t\u00e9cnico Tite fechou \u00e0 imprensa o treinamento da sele\u00e7\u00e3o brasileira neste s\u00e1bado (26), no Est\u00e1dio Grand Hamad, em Doha. Foi a segunda atividade de prepara\u00e7\u00e3o para o jogo diante da Su\u00ed\u00e7a, na segunda-feira (28), \u00e0s 13h (hor\u00e1rio de Bras\u00edlia), pela segunda rodada do Grupo G da Copa do Mundo do Catar.<\/p>\n<p>Dos 26 jogadores convocados por Tite, 23 foram a campo. Al\u00e9m do lateral Danilo e de Neymar, ambos com les\u00f5es no tornozelo e que s\u00e3o desfalques certos na pr\u00f3xima rodada, outra aus\u00eancia foi a do tamb\u00e9m atacante Antony. Segundo a assessoria de imprensa da Confedera\u00e7\u00e3o Brasileira de Futebol (CBF), o jogador do Manchester United (Inglaterra) apresentou &#8220;mal estar&#8221;. Ele j\u00e1 havia ficado fora do treinamento de sexta-feira (25), quando somente os atletas que n\u00e3o atuaram como titulares na estreia participaram da movimenta\u00e7\u00e3o no gramado.<\/p>\n<p>No treino deste s\u00e1bado, Tite come\u00e7ou a trabalhar com a equipe que ser\u00e1 titular diante dos su\u00ed\u00e7os. Sem Danilo, Daniel Alves \u00e9 o favorito para sair jogando, com o zagueiro \u00c9der Milit\u00e3o (que pode ser improvisado no setor) correndo por fora. Para o lugar de Neymar, o t\u00e9cnico tem como op\u00e7\u00f5es os volantes Fred e Bruno Guimar\u00e3es, o meia Everton Ribeiro e o atacante Rodrygo.<\/p>\n<p>O Brasil lidera o Grupo G com os mesmos tr\u00eas pontos da Su\u00ed\u00e7a, mas com saldo positivo de dois gols, devido \u00e0 vit\u00f3ria por 2 a 0 sobre a S\u00e9rvia na \u00faltima quinta-feira (24), com dois gols de Richarlison. No mesmo dia, os su\u00ed\u00e7os bateram Camar\u00f5es por 1 a 0. O tamb\u00e9m atacante Breel Embolo (camaron\u00eas de nascimento e se naturalizou em 2014) marcou para a equipe europeia. Quem ganhar, assegura a classifica\u00e7\u00e3o \u00e0s oitavas de final por anteced\u00eancia.<\/p>\n<p class=\"alt-font font-italic my-2 small text-info\">\n                                                Edi\u00e7\u00e3o:   Cl\u00e1udia Soares Rodrigues                    <\/p>\n<p>            <!-- blog End --><\/p>\n<p>            <!-- tag and share --><\/p>\n<p> Fonte: EBC <\/p>\n<input type=\"hidden\" id=\"baseurl\" value=\"https:\/\/noticiasdestaque.com.br\"><input type=\"hidden\" id=\"audio_nonce\" value=\"62ca87eee3\">","protected":false},"excerpt":{"rendered":"<p>Al\u00e9m de Neymar e Danilo, Antony foi baixa pelo segundo dia seguido<\/p>\n","protected":false},"author":1,"featured_media":4814,"comment_status":"open","ping_status":"open","sticky":false,"template":"","format":"standard","meta":{"fifu_image_url":"","fifu_image_alt":"","footnotes":""},"categories":[47],"tags":[],"class_list":["post-4813","post","type-post","status-publish","format-standard","has-post-thumbnail","hentry","category-esportes"],"distributor_meta":false,"distributor_terms":false,"distributor_media":false,"distributor_original_site_name":"Portal de Recupera\u00e7\u00e3o","distributor_original_site_url":"https:\/\/portalderecuperacao.com","push-errors":false,"_links":{"self":[{"href":"https:\/\/noticiasdestaque.com.br\/index.php\/wp-json\/wp\/v2\/posts\/4813","targetHints":{"allow":["GET"]}}],"collection":[{"href":"https:\/\/noticiasdestaque.com.br\/index.php\/wp-json\/wp\/v2\/posts"}],"about":[{"href":"https:\/\/noticiasdestaque.com.br\/index.php\/wp-json\/wp\/v2\/types\/post"}],"author":[{"embeddable":true,"href":"https:\/\/noticiasdestaque.com.br\/index.php\/wp-json\/wp\/v2\/users\/1"}],"replies":[{"embeddable":true,"href":"https:\/\/noticiasdestaque.com.br\/index.php\/wp-json\/wp\/v2\/comments?post=4813"}],"version-history":[{"count":0,"href":"https:\/\/noticiasdestaque.com.br\/index.php\/wp-json\/wp\/v2\/posts\/4813\/revisions"}],"wp:featuredmedia":[{"embeddable":true,"href":"https:\/\/noticiasdestaque.com.br\/index.php\/wp-json\/wp\/v2\/media\/4814"}],"wp:attachment":[{"href":"https:\/\/noticiasdestaque.com.br\/index.php\/wp-json\/wp\/v2\/media?parent=4813"}],"wp:term":[{"taxonomy":"category","embeddable":true,"href":"https:\/\/noticiasdestaque.com.br\/index.php\/wp-json\/wp\/v2\/categories?post=4813"},{"taxonomy":"post_tag","embeddable":true,"href":"https:\/\/noticiasdestaque.com.br\/index.php\/wp-json\/wp\/v2\/tags?post=4813"}],"curies":[{"name":"wp","href":"https:\/\/api.w.org\/{rel}","templated":true}]}}