{"id":48093,"date":"2025-12-04T18:20:00","date_gmt":"2025-12-04T21:20:00","guid":{"rendered":"https:\/\/noticiasdestaque.com.br\/index.php\/2025\/12\/04\/previsao-do-tempo-norte-do-pais-tem-sexta-feira-5-com-acumulados-intensos-de-chuva\/"},"modified":"2025-12-04T18:20:00","modified_gmt":"2025-12-04T21:20:00","slug":"previsao-do-tempo-norte-do-pais-tem-sexta-feira-5-com-acumulados-intensos-de-chuva","status":"publish","type":"post","link":"https:\/\/noticiasdestaque.com.br\/index.php\/2025\/12\/04\/previsao-do-tempo-norte-do-pais-tem-sexta-feira-5-com-acumulados-intensos-de-chuva\/","title":{"rendered":"PREVIS\u00c3O DO TEMPO: Norte do pa\u00eds tem sexta-feira (5) com acumulados intensos de chuva"},"content":{"rendered":"<p>\t\t\t\t\t\t\t\t\t\t\t<audio controls class=\"b61_audio_player\" data-noticia=\"86240\" src=\"https:\/\/brasil61.com\/rails\/active_storage\/blobs\/eyJfcmFpbHMiOnsibWVzc2FnZSI6IkJBaHBBM3pQQXc9PSIsImV4cCI6bnVsbCwicHVyIjoiYmxvYl9pZCJ9fQ==--cffa4a1e81f470dfe68fd105349b05b65b86d2e2\/PTRN254633A\"><\/audio><\/p>\n<p>A previs\u00e3o do tempo para esta sexta-feira (5) indica <strong>acumulados intensos<\/strong> de chuva em quase toda a Regi\u00e3o Norte.\u00a0<\/p>\n<\/p>\n<p>No Amazonas, o tempo <strong>permanece inst\u00e1vel<\/strong>, com <strong>pancadas fortes<\/strong> atingindo munic\u00edpios como Manaus, Parintins e Tef\u00e9. No Acre, cidades como Rio Branco e Sena Madureira devem registrar chuva persistente desde as primeiras horas do dia.<\/p>\n<p>Em Rond\u00f4nia, a <strong>instabilidade avan\u00e7a<\/strong> sobre Porto Velho, Ji-Paran\u00e1 e regi\u00f5es pr\u00f3ximas, com risco de chuva volumosa.\u00a0<\/p>\n<p>No Par\u00e1, as <strong>precipita\u00e7\u00f5es se espalham<\/strong> por \u00e1reas como Bel\u00e9m, Marab\u00e1 e Santar\u00e9m, mantendo o alerta para temporais. Em Tocantins, munic\u00edpios do sul e do oeste do estado, como Palmas e Aragua\u00edna, tamb\u00e9m podem ter <strong>chuva forte<\/strong> ao longo do dia. Em Roraima, as pancadas atingem cidades como Boa Vista e Pacaraima.<\/p>\n<p>O Amap\u00e1 \u00e9 o \u00fanico estado da regi\u00e3o que <strong>n\u00e3o deve registrar chuva <\/strong>nesta sexta-feira, mantendo o tempo firme e com predom\u00ednio de sol.<\/p>\n<p>Entre as capitais, a temperatura m\u00ednima prevista \u00e9 de 23\u00b0C, em Rio Branco J\u00e1 a m\u00e1xima pode chegar a 33\u00b0C, em Boa Vista e Bel\u00e9m. A umidade relativa do ar varia entre 50% e 100%.<\/p>\n<h2>5 motivos para acompanhar as previs\u00f5es do tempo<\/h2>\n<ul>\n<li>Agricultura: garantia de uma boa colheita;<\/li>\n<li>Marinha: prote\u00e7\u00e3o de marinheiros, navios e passageiros;<\/li>\n<li>Aeron\u00e1utica: seguran\u00e7a de pilotos, aeronaves e passageiros;<\/li>\n<li>Pesca: condi\u00e7\u00f5es favor\u00e1veis e seguras para a atividade;<\/li>\n<li>Turismo: garantia de passeios e viagens tranquilas e agrad\u00e1veis.<\/li>\n<\/ul>\n<h2>Import\u00e2ncia das observa\u00e7\u00f5es meteorol\u00f3gicas no INMET<\/h2>\n<p>As observa\u00e7\u00f5es meteorol\u00f3gicas do <a href=\"https:\/\/portal.inmet.gov.br\/\">INMET<\/a> s\u00e3o essenciais para previs\u00f5es em tempo real, estat\u00edsticas clim\u00e1ticas e coopera\u00e7\u00e3o internacional. Esses dados precisos ajudam a estudar o clima passado e a produzir Normais Climatol\u00f3gicas conforme a <strong>Organiza\u00e7\u00e3o Meteorol\u00f3gica Mundial<\/strong> (<a href=\"https:\/\/worldweather.wmo.int\/pt\/home.html\">OMM<\/a>).<\/p>\n<p>As informa\u00e7\u00f5es s\u00e3o do <strong>Instituto Nacional de Meteorologia<\/strong> (<a href=\"https:\/\/portal.inmet.gov.br\/\">Inmet<\/a>).<br \/>\n\u00a0<\/p>\n<p>\t\t\t\t\t\t\t\t\t\t<img loading=\"lazy\" decoding=\"async\" src=\"https:\/\/brasil61.com\/api\/v1\/serve_pixel\/17677\/86240\" alt=\"Pixel Brasil 61\" class=\"b61_pixel\" width=\"0\" height=\"0\"><\/p>\n<input type=\"hidden\" id=\"baseurl\" value=\"https:\/\/noticiasdestaque.com.br\"><input type=\"hidden\" id=\"audio_nonce\" value=\"6f73a554f1\">","protected":false},"excerpt":{"rendered":"<p>Em Rond\u00f4nia, a instabilidade avan\u00e7a sobre Porto Velho, Ji-Paran\u00e1 e regi\u00f5es pr\u00f3ximas, com risco de chuva volumosa<\/p>\n","protected":false},"author":1,"featured_media":48094,"comment_status":"open","ping_status":"open","sticky":false,"template":"","format":"standard","meta":{"fifu_image_url":"","fifu_image_alt":"","footnotes":""},"categories":[58],"tags":[],"class_list":["post-48093","post","type-post","status-publish","format-standard","has-post-thumbnail","hentry","category-cotidiano"],"distributor_meta":false,"distributor_terms":false,"distributor_media":false,"distributor_original_site_name":"Noticias em Destaque","distributor_original_site_url":"https:\/\/noticiasdestaque.com.br","push-errors":false,"_links":{"self":[{"href":"https:\/\/noticiasdestaque.com.br\/index.php\/wp-json\/wp\/v2\/posts\/48093","targetHints":{"allow":["GET"]}}],"collection":[{"href":"https:\/\/noticiasdestaque.com.br\/index.php\/wp-json\/wp\/v2\/posts"}],"about":[{"href":"https:\/\/noticiasdestaque.com.br\/index.php\/wp-json\/wp\/v2\/types\/post"}],"author":[{"embeddable":true,"href":"https:\/\/noticiasdestaque.com.br\/index.php\/wp-json\/wp\/v2\/users\/1"}],"replies":[{"embeddable":true,"href":"https:\/\/noticiasdestaque.com.br\/index.php\/wp-json\/wp\/v2\/comments?post=48093"}],"version-history":[{"count":0,"href":"https:\/\/noticiasdestaque.com.br\/index.php\/wp-json\/wp\/v2\/posts\/48093\/revisions"}],"wp:featuredmedia":[{"embeddable":true,"href":"https:\/\/noticiasdestaque.com.br\/index.php\/wp-json\/wp\/v2\/media\/48094"}],"wp:attachment":[{"href":"https:\/\/noticiasdestaque.com.br\/index.php\/wp-json\/wp\/v2\/media?parent=48093"}],"wp:term":[{"taxonomy":"category","embeddable":true,"href":"https:\/\/noticiasdestaque.com.br\/index.php\/wp-json\/wp\/v2\/categories?post=48093"},{"taxonomy":"post_tag","embeddable":true,"href":"https:\/\/noticiasdestaque.com.br\/index.php\/wp-json\/wp\/v2\/tags?post=48093"}],"curies":[{"name":"wp","href":"https:\/\/api.w.org\/{rel}","templated":true}]}}