{"id":48075,"date":"2025-12-04T04:15:00","date_gmt":"2025-12-04T07:15:00","guid":{"rendered":"https:\/\/noticiasdestaque.com.br\/index.php\/2025\/12\/04\/reforma-tributaria-ibs-e-cbs-comecam-a-valer-em-2026-veja-o-que-muda\/"},"modified":"2025-12-04T04:15:00","modified_gmt":"2025-12-04T07:15:00","slug":"reforma-tributaria-ibs-e-cbs-comecam-a-valer-em-2026-veja-o-que-muda","status":"publish","type":"post","link":"https:\/\/noticiasdestaque.com.br\/index.php\/2025\/12\/04\/reforma-tributaria-ibs-e-cbs-comecam-a-valer-em-2026-veja-o-que-muda\/","title":{"rendered":"Reforma Tribut\u00e1ria: IBS e CBS come\u00e7am a valer em 2026; veja o que muda"},"content":{"rendered":"<p>\t\t\t\t\t\t\t\t\t\t\t<audio controls class=\"b61_audio_player\" data-noticia=\"86222\" src=\"https:\/\/brasil61.com\/rails\/active_storage\/blobs\/eyJfcmFpbHMiOnsibWVzc2FnZSI6IkJBaHBBK1hOQXc9PSIsImV4cCI6bnVsbCwicHVyIjoiYmxvYl9pZCJ9fQ==--daf029504f9bca4f0e65296fc0a3b16f006246ab\/BRAS2515267A\"><\/audio><\/p>\n<p>O <strong>Imposto sobre Bens e Servi\u00e7os (IBS)<\/strong> e a<strong> Contribui\u00e7\u00e3o sobre Bens e Servi\u00e7os (CBS) <\/strong>\u2014 novos tributos criados pela Reforma Tribut\u00e1ria do Consumo \u2014 entrar\u00e3o em vigor em <strong>1\u00ba de janeiro de 2026<\/strong>.<\/p>\n<p>O IBS substituir\u00e1 dois tributos antigos: o Imposto sobre Circula\u00e7\u00e3o de Mercadorias e Servi\u00e7os (<strong>ICMS<\/strong>), de compet\u00eancia estadual, e o Imposto sobre Servi\u00e7os (<strong>ISS<\/strong>), de \u00e2mbito municipal. J\u00e1 a CBS substituir\u00e1 a contribui\u00e7\u00e3o para o Programa de Integra\u00e7\u00e3o Social (<strong>PIS<\/strong>) e a Contribui\u00e7\u00e3o para o Financiamento da Seguridade Social (<strong>Cofins<\/strong>), ambas de compet\u00eancia da Uni\u00e3o.<\/p>\n<p>Com a proximidade da implanta\u00e7\u00e3o do novo sistema tribut\u00e1rio, estados e munic\u00edpios precisam se preparar para as mudan\u00e7as que impactar\u00e3o diretamente a arrecada\u00e7\u00e3o. Para orientar contribuintes e administra\u00e7\u00f5es p\u00fablicas, a <strong>Receita Federal <\/strong>e o <strong>Comit\u00ea Gestor do IBS<\/strong> divulgaram um <a href=\"https:\/\/www.gov.br\/receitafederal\/pt-br\/assuntos\/noticias\/2025\/dezembro\/comunicado-conjunto\" target=\"_blank\">comunicado conjunto<\/a> detalhando obriga\u00e7\u00f5es, prazos e procedimentos.<\/p>\n<h2>Principais obriga\u00e7\u00f5es a partir de 2026<\/h2>\n<p>A partir de 1\u00ba de janeiro de 2026, os contribuintes estar\u00e3o obrigados a:<\/p>\n<ul>\n<li>Emitir <strong>documentos fiscais eletr\u00f4nicos com os valores da CBS e do IBS destacados<\/strong> de forma individualizada por opera\u00e7\u00e3o, conforme as regras e leiautes definidos em Notas T\u00e9cnicas espec\u00edficas de cada documento;<\/li>\n<li>Apresentar, quando disponibilizadas, as <strong>Declara\u00e7\u00f5es dos Regimes Espec\u00edficos (DeRE)<\/strong>, conforme as regras e leiautes definidos em Documento T\u00e9cnico espec\u00edfico de cada documento;<\/li>\n<li>Apresentar, quando disponibilizadas, as <strong>declara\u00e7\u00f5es e\/ou documentos fiscais de plataformas digitais<\/strong>, conforme as regras e leiautes definidos em Documento T\u00e9cnico espec\u00edfico de cada documento.<\/li>\n<\/ul>\n<p>Al\u00e9m disso, a partir de<strong> julho de 2026, pessoas f\u00edsicas contribuintes do IBS e da CBS dever\u00e3o se inscrever no CNPJ<\/strong>. A inscri\u00e7\u00e3o n\u00e3o transforma a pessoa f\u00edsica em pessoa jur\u00eddica; ela servir\u00e1 apenas para facilitar a apura\u00e7\u00e3o dos novos tributos.<\/p>\n<h2>Obriga\u00e7\u00f5es acess\u00f3rias<\/h2>\n<p>A partir de 1\u00ba de janeiro de 2026, os seguintes documentos fiscais eletr\u00f4nicos dever\u00e3o ser emitidos com destaque da CBS e do IBS, e ser\u00e3o autorizados nos termos das Notas T\u00e9cnicas espec\u00edficas:<\/p>\n<ul>\n<li>Nota Fiscal Eletr\u00f4nica \u2013 <strong>NF-e<\/strong>;<\/li>\n<li>Nota Fiscal de Consumidor Eletr\u00f4nica \u2013 <strong>NFC-e<\/strong>;<\/li>\n<li>Conhecimento de Transporte Eletr\u00f4nico \u2013 <strong>CT-e<\/strong>;<\/li>\n<li>Conhecimento de Transporte Eletr\u00f4nico &#8211; Outros Servi\u00e7os &#8211; <strong>CT-e OS<\/strong>;<\/li>\n<li>Nota Fiscal de Servi\u00e7o Eletr\u00f4nica \u2013 <strong>NFS-e<\/strong>;<\/li>\n<li>Nota Fiscal de Servi\u00e7o Eletr\u00f4nica de Explora\u00e7\u00e3o de Via \u2013 <strong>NFS-e Via<\/strong>;<\/li>\n<li>Nota Fiscal Fatura de Servi\u00e7os de Comunica\u00e7\u00e3o Eletr\u00f4nica \u2013 <strong>NFCom<\/strong>;<\/li>\n<li>Nota Fiscal de Energia El\u00e9trica Eletr\u00f4nica \u2013 <strong>NF3e<\/strong>;<\/li>\n<li>Bilhete de Passagem Eletr\u00f4nico \u2013 <strong>BP-e<\/strong>;\u00a0<\/li>\n<li>Bilhete de Passagem Eletr\u00f4nico Transporte Metropolitano \u2013<strong> BP-e TM<\/strong>.<\/li>\n<\/ul>\n<p>Caso o contribuinte n\u00e3o consiga emitir os documentos \u00a0por responsabilidade \u00fanica e exclusiva do ente federativo, n\u00e3o ser\u00e1 considerado em descumprimento da obriga\u00e7\u00e3o acess\u00f3ria.<\/p>\n<h2>Leiautes definidos sem data de vig\u00eancia determinada<\/h2>\n<p>A <strong>Nota Fiscal de Aliena\u00e7\u00e3o de Bens Im\u00f3veis (NF-ABI)<\/strong>, a <strong>Nota Fiscal de \u00c1gua e Saneamento (NFAg)<\/strong> e o <strong>Bilhete de Passagem A\u00e9reo (BP-e A\u00e9reo) <\/strong>j\u00e1 possuem leiautes definidos e ter\u00e3o suas datas de vig\u00eancias determinadas em documento t\u00e9cnico ou ato conjunto do Comit\u00ea Gestor do IBS (CGIBS) e da Receita Federal do Brasil (RFB).<\/p>\n<h2>Leiautes em constru\u00e7\u00e3o<\/h2>\n<p>A <strong>Nota Fiscal de G\u00e1s (NF-e G\u00e1s) <\/strong>ter\u00e1 seus leiautes e datas de vig\u00eancias definidas em nota t\u00e9cnica ou ato conjunto do CGIBS e RFB.<\/p>\n<p>A <strong>Declara\u00e7\u00e3o dos Regimes Espec\u00edficos (DeRE) <\/strong>\u2014 em constru\u00e7\u00e3o para os regimes de Institui\u00e7\u00f5es Financeiras, Planos de Assist\u00eancia \u00e0 Sa\u00fade, Concurso de Progn\u00f3stico, Administra\u00e7\u00e3o de Cons\u00f3rcio, Seguro e Previd\u00eancia \u2014 ter\u00e1 seus leiautes e datas de vig\u00eancias definidas em nota t\u00e9cnica ou ato conjunto do CGIBS e da RFB.<\/p>\n<p>Outros fatos geradores que, atualmente, n\u00e3o exigem a emiss\u00e3o de documentos fiscais \u2014 e dever\u00e3o ser inclu\u00eddos em documentos fiscais eletr\u00f4nicos com destaque da CBS e do IBS \u2014 ter\u00e3o seus leiautes e datas de vig\u00eancias definidos em documento t\u00e9cnico ou ato conjunto do CGIBS e RFB.<\/p>\n<h2>Plataformas digitais<\/h2>\n<p>As regras para o envio de informa\u00e7\u00f5es por <strong>plataformas digitais <\/strong>\u2014 relativas a opera\u00e7\u00f5es e importa\u00e7\u00f5es intermediadas por esses servi\u00e7os \u2014 tamb\u00e9m ter\u00e3o leiautes e datas de vig\u00eancia definidos em ato t\u00e9cnico conjunto entre CGIBS e RFB.<\/p>\n<h2>Dispensa do recolhimento em 2026\u00a0<\/h2>\n<p>Considerando que o ano de 2026 ser\u00e1 o ano de teste da CBS e do IBS, o contribuinte que emitir documentos fiscais ou declara\u00e7\u00e3o de regimes espec\u00edficos, observando as normas e notas vigentes,\u00a0estar\u00e1 dispensado de recolhimento do IBS e da CBS.<\/p>\n<p>Tamb\u00e9m estar\u00e3o dispensados de recolhimento do IBS e da CBS os contribuintes para os quais n\u00e3o haja obriga\u00e7\u00e3o acess\u00f3ria definida.<\/p>\n<h2>Fundos de Compensa\u00e7\u00e3o de Benef\u00edcios Fiscais<\/h2>\n<p>A partir de janeiro de 2026, titulares de benef\u00edcios onerosos de ICMS poder\u00e3o solicitar habilita\u00e7\u00e3o para futuros direitos de compensa\u00e7\u00e3o, conforme o art. 384 da <a href=\"https:\/\/www.planalto.gov.br\/ccivil_03\/leis\/lcp\/lcp214.htm\" target=\"_blank\">Lei Complementar n\u00ba 214\/2025<\/a>.\u00a0<\/p>\n<p>Os requerimentos ser\u00e3o enviados pelo <a href=\"https:\/\/cav.receita.fazenda.gov.br\/autenticacao\/login\" target=\"_blank\">e-CAC<\/a>, em formul\u00e1rio eletr\u00f4nico dispon\u00edvel no <a href=\"https:\/\/www.sisen.receita.fazenda.gov.br\/sisen\/inicio.jsf\" target=\"_blank\">SISEN<\/a>, e dever\u00e3o ser apresentados individualmente para cada benef\u00edcio usufru\u00eddo.<\/p>\n<p><strong><a href=\"https:\/\/brasil61.com\/n\/domicilio-tributario-eletronico-dte-sera-obrigatorio-a-partir-de-2026-para-todas-as-empresas-bras2515252\" target=\"_blank\">Domic\u00edlio Tribut\u00e1rio Eletr\u00f4nico (DTE) ser\u00e1 obrigat\u00f3rio a partir de 2026 para todas as empresas<\/a><\/strong><\/p>\n<p><strong><a href=\"https:\/\/brasil61.com\/n\/regulamentacao-da-reforma-tributaria-falta-de-preparo-das-empresas-pode-causar-aumento-de-custos-e-afetar-competitividade-em-2026-cacb250083\" target=\"_blank\">Reforma tribut\u00e1ria: falta de preparo das empresas pode aumentar custos e afetar competitividade<\/a><\/strong><\/p>\n<h2>Orienta\u00e7\u00f5es complementares<\/h2>\n<p>Novos comunicados conjuntos da Receita Federal e do Comit\u00ea Gestor do IBS ser\u00e3o divulgados \u00e0 medida que avan\u00e7ar a implementa\u00e7\u00e3o da Reforma Tribut\u00e1ria do Consumo.<\/p>\n<p>\t\t\t\t\t\t\t\t\t\t<img loading=\"lazy\" decoding=\"async\" src=\"https:\/\/brasil61.com\/api\/v1\/serve_pixel\/17677\/86222\" alt=\"Pixel Brasil 61\" class=\"b61_pixel\" width=\"0\" height=\"0\"><\/p>\n<input type=\"hidden\" id=\"baseurl\" value=\"https:\/\/noticiasdestaque.com.br\"><input type=\"hidden\" id=\"audio_nonce\" value=\"6a24ca502e\">","protected":false},"excerpt":{"rendered":"<p>Mudan\u00e7as afetam emiss\u00e3o de notas fiscais, declara\u00e7\u00f5es e processos de arrecada\u00e7\u00e3o em todo o pa\u00eds<\/p>\n","protected":false},"author":1,"featured_media":48076,"comment_status":"open","ping_status":"open","sticky":false,"template":"","format":"standard","meta":{"fifu_image_url":"","fifu_image_alt":"","footnotes":""},"categories":[59],"tags":[],"class_list":["post-48075","post","type-post","status-publish","format-standard","has-post-thumbnail","hentry","category-economia"],"distributor_meta":false,"distributor_terms":false,"distributor_media":false,"distributor_original_site_name":"Noticias em Destaque","distributor_original_site_url":"https:\/\/noticiasdestaque.com.br","push-errors":false,"_links":{"self":[{"href":"https:\/\/noticiasdestaque.com.br\/index.php\/wp-json\/wp\/v2\/posts\/48075","targetHints":{"allow":["GET"]}}],"collection":[{"href":"https:\/\/noticiasdestaque.com.br\/index.php\/wp-json\/wp\/v2\/posts"}],"about":[{"href":"https:\/\/noticiasdestaque.com.br\/index.php\/wp-json\/wp\/v2\/types\/post"}],"author":[{"embeddable":true,"href":"https:\/\/noticiasdestaque.com.br\/index.php\/wp-json\/wp\/v2\/users\/1"}],"replies":[{"embeddable":true,"href":"https:\/\/noticiasdestaque.com.br\/index.php\/wp-json\/wp\/v2\/comments?post=48075"}],"version-history":[{"count":0,"href":"https:\/\/noticiasdestaque.com.br\/index.php\/wp-json\/wp\/v2\/posts\/48075\/revisions"}],"wp:featuredmedia":[{"embeddable":true,"href":"https:\/\/noticiasdestaque.com.br\/index.php\/wp-json\/wp\/v2\/media\/48076"}],"wp:attachment":[{"href":"https:\/\/noticiasdestaque.com.br\/index.php\/wp-json\/wp\/v2\/media?parent=48075"}],"wp:term":[{"taxonomy":"category","embeddable":true,"href":"https:\/\/noticiasdestaque.com.br\/index.php\/wp-json\/wp\/v2\/categories?post=48075"},{"taxonomy":"post_tag","embeddable":true,"href":"https:\/\/noticiasdestaque.com.br\/index.php\/wp-json\/wp\/v2\/tags?post=48075"}],"curies":[{"name":"wp","href":"https:\/\/api.w.org\/{rel}","templated":true}]}}