{"id":48027,"date":"2025-12-02T20:20:00","date_gmt":"2025-12-02T23:20:00","guid":{"rendered":"https:\/\/noticiasdestaque.com.br\/index.php\/2025\/12\/02\/previsao-do-tempo-chuvas-no-interior-nesta-quarta-feira-3-no-nordeste\/"},"modified":"2025-12-02T20:20:00","modified_gmt":"2025-12-02T23:20:00","slug":"previsao-do-tempo-chuvas-no-interior-nesta-quarta-feira-3-no-nordeste","status":"publish","type":"post","link":"https:\/\/noticiasdestaque.com.br\/index.php\/2025\/12\/02\/previsao-do-tempo-chuvas-no-interior-nesta-quarta-feira-3-no-nordeste\/","title":{"rendered":"PREVIS\u00c3O DO TEMPO: Chuvas no interior nesta quarta-feira (3) no Nordeste"},"content":{"rendered":"<p>\t\t\t\t\t\t\t\t\t\t\t<audio controls class=\"b61_audio_player\" data-noticia=\"86194\" src=\"https:\/\/brasil61.com\/rails\/active_storage\/blobs\/eyJfcmFpbHMiOnsibWVzc2FnZSI6IkJBaHBBK1RNQXc9PSIsImV4cCI6bnVsbCwicHVyIjoiYmxvYl9pZCJ9fQ==--115d329dbb366a049c98363ff9fef4b3cca552ee\/PTND254881A\"><\/audio><\/p>\n<p>A <strong>previs\u00e3o do tempo<\/strong> para a <strong>Regi\u00e3o Nordeste<\/strong> do pa\u00eds, nesta <strong>quarta-feira (3)<\/strong>, indica c\u00e9u de <strong>muitas nuvens<\/strong> para o interior oeste e <strong>poucas nuvens<\/strong> para o litoral leste da regi\u00e3o, com <strong>possibilidade de chuvas<\/strong> para o interior entre a Bahia e o Maranh\u00e3o.<\/p>\n<p>Pela <strong>manh\u00e3<\/strong>, a faixa litor\u00e2nea entre o Rio Grande do Norte e a Bahia amanhece sob <strong>poucas nuvens<\/strong>. O centro-oeste baiano, o Cear\u00e1, o Piau\u00ed e o Maranh\u00e3o amanhecem sob <strong>muitas nuvens<\/strong>, com <strong>possibilidades de chuvas<\/strong> no centro-oeste da Bahia e centro-sul do Piau\u00ed e do Maranh\u00e3o. As <strong>chuvas devem ter maior intensidade e vir acompanhadas de trovoadas<\/strong> no oeste baiano e no extremo-sul do Maranh\u00e3o e do Piau\u00ed.<\/p>\n<p>Durante a <strong>tarde<\/strong>, o <strong>c\u00e9u deve abrir<\/strong> no litoral leste, e a <strong>possibilidade de chuvas <\/strong>se restringe ao oeste baiano e sul do Piau\u00ed e do Maranh\u00e3o, mas <strong>com maior intensidade e acompanhada de trovoadas<\/strong>. Essas condi\u00e7\u00f5es devem se <strong>manter<\/strong> at\u00e9 a <strong>noite<\/strong>.<\/p>\n<p>O <b>Instituto Nacional de Meteorologia<\/b> (<a href=\"https:\/\/portal.inmet.gov.br\/\">Inmet<\/a>) emitiu alerta de<strong> perigo potencial de chuvas intensas<\/strong> para o centro-oeste da Bahia e centro-sul do Maranh\u00e3o e do Piau\u00ed, al\u00e9m de alerta de <strong>perigo potencial de tempestades<\/strong> para o extremo-sul da Bahia e alerta de <strong>perigo potencial de baixa umidade<\/strong> para o extremo-norte baiano, o noroeste de Sergipe, oeste de Alagoas, centro-oeste de Pernambuco e da Para\u00edba e sul do Rio Grande do Norte e do Cear\u00e1.<\/p>\n<p>Entre as <strong>capitais<\/strong>, a <strong>temperatura m\u00ednima<\/strong> prevista \u00e9 de <strong>22\u00b0C<\/strong> em <strong>Salvador<\/strong>. J\u00e1 a <strong>m\u00e1xima<\/strong> pode chegar at\u00e9 <strong>38\u00b0C<\/strong> em <strong>Teresina<\/strong>. A <strong>umidade relativa do ar <\/strong>varia entre <strong>40%<\/strong> e <strong>95%<\/strong>.<\/p>\n<p>\u00a0<\/p>\n<h2>5 motivos para acompanhar as previs\u00f5es do tempo<\/h2>\n<p>\u00a0<\/p>\n<ul>\n<li>Agricultura: garantia de uma boa colheita;<\/li>\n<li>Marinha: prote\u00e7\u00e3o de marinheiros, navios e passageiros;<\/li>\n<li>Aeron\u00e1utica: seguran\u00e7a de pilotos, aeronaves e passageiros;<\/li>\n<li>Pesca: condi\u00e7\u00f5es favor\u00e1veis e seguras para a atividade;<\/li>\n<li>Turismo: garantia de passeios e viagens tranquilas e agrad\u00e1veis.<\/li>\n<\/ul>\n<p>\u00a0<\/p>\n<h2>Import\u00e2ncia das observa\u00e7\u00f5es meteorol\u00f3gicas no INMET<\/h2>\n<p>\u00a0<\/p>\n<p>As observa\u00e7\u00f5es meteorol\u00f3gicas do INMET s\u00e3o essenciais para previs\u00f5es em tempo real, estat\u00edsticas clim\u00e1ticas e coopera\u00e7\u00e3o internacional. Esses dados precisos ajudam a estudar o clima passado e a produzir Normais Climatol\u00f3gicas conforme a Organiza\u00e7\u00e3o Meteorol\u00f3gica Mundial (<a href=\"https:\/\/worldweather.wmo.int\/pt\/home.html\">OMM<\/a>).<\/p>\n<p>\u00a0<\/p>\n<p>As informa\u00e7\u00f5es s\u00e3o do Instituto Nacional de Meteorologia (<a href=\"https:\/\/portal.inmet.gov.br\">Inmet<\/a>).<\/p>\n<p>\t\t\t\t\t\t\t\t\t\t<img loading=\"lazy\" decoding=\"async\" src=\"https:\/\/brasil61.com\/api\/v1\/serve_pixel\/17677\/86194\" alt=\"Pixel Brasil 61\" class=\"b61_pixel\" width=\"0\" height=\"0\"><\/p>\n<input type=\"hidden\" id=\"baseurl\" value=\"https:\/\/noticiasdestaque.com.br\"><input type=\"hidden\" id=\"audio_nonce\" value=\"9fd43fe80e\">","protected":false},"excerpt":{"rendered":"<p>H\u00e1 previs\u00e3o de chuvas fortes no interior oeste da regi\u00e3o; temperaturas variam entre 22\u00b0C e 38\u00b0C<\/p>\n","protected":false},"author":1,"featured_media":48028,"comment_status":"open","ping_status":"open","sticky":false,"template":"","format":"standard","meta":{"fifu_image_url":"","fifu_image_alt":"","footnotes":""},"categories":[58],"tags":[],"class_list":["post-48027","post","type-post","status-publish","format-standard","has-post-thumbnail","hentry","category-cotidiano"],"distributor_meta":false,"distributor_terms":false,"distributor_media":false,"distributor_original_site_name":"Noticias em Destaque","distributor_original_site_url":"https:\/\/noticiasdestaque.com.br","push-errors":false,"_links":{"self":[{"href":"https:\/\/noticiasdestaque.com.br\/index.php\/wp-json\/wp\/v2\/posts\/48027","targetHints":{"allow":["GET"]}}],"collection":[{"href":"https:\/\/noticiasdestaque.com.br\/index.php\/wp-json\/wp\/v2\/posts"}],"about":[{"href":"https:\/\/noticiasdestaque.com.br\/index.php\/wp-json\/wp\/v2\/types\/post"}],"author":[{"embeddable":true,"href":"https:\/\/noticiasdestaque.com.br\/index.php\/wp-json\/wp\/v2\/users\/1"}],"replies":[{"embeddable":true,"href":"https:\/\/noticiasdestaque.com.br\/index.php\/wp-json\/wp\/v2\/comments?post=48027"}],"version-history":[{"count":0,"href":"https:\/\/noticiasdestaque.com.br\/index.php\/wp-json\/wp\/v2\/posts\/48027\/revisions"}],"wp:featuredmedia":[{"embeddable":true,"href":"https:\/\/noticiasdestaque.com.br\/index.php\/wp-json\/wp\/v2\/media\/48028"}],"wp:attachment":[{"href":"https:\/\/noticiasdestaque.com.br\/index.php\/wp-json\/wp\/v2\/media?parent=48027"}],"wp:term":[{"taxonomy":"category","embeddable":true,"href":"https:\/\/noticiasdestaque.com.br\/index.php\/wp-json\/wp\/v2\/categories?post=48027"},{"taxonomy":"post_tag","embeddable":true,"href":"https:\/\/noticiasdestaque.com.br\/index.php\/wp-json\/wp\/v2\/tags?post=48027"}],"curies":[{"name":"wp","href":"https:\/\/api.w.org\/{rel}","templated":true}]}}