{"id":47961,"date":"2025-11-29T04:55:00","date_gmt":"2025-11-29T07:55:00","guid":{"rendered":"https:\/\/noticiasdestaque.com.br\/index.php\/2025\/11\/29\/brasil-amplia-presenca-global-do-agro-com-abertura-de-400-novos-mercados\/"},"modified":"2025-11-29T04:55:00","modified_gmt":"2025-11-29T07:55:00","slug":"brasil-amplia-presenca-global-do-agro-com-abertura-de-400-novos-mercados","status":"publish","type":"post","link":"https:\/\/noticiasdestaque.com.br\/index.php\/2025\/11\/29\/brasil-amplia-presenca-global-do-agro-com-abertura-de-400-novos-mercados\/","title":{"rendered":"Brasil amplia presen\u00e7a global do agro com abertura de 400 novos mercados"},"content":{"rendered":"<p>\t\t\t\t\t\t\t\t\t\t\t<audio controls class=\"b61_audio_player\" data-noticia=\"86159\" src=\"https:\/\/brasil61.com\/rails\/active_storage\/blobs\/eyJfcmFpbHMiOnsibWVzc2FnZSI6IkJBaHBBM2ZKQXc9PSIsImV4cCI6bnVsbCwicHVyIjoiYmxvYl9pZCJ9fQ==--9e156d3e1e1cf156bc1fe337b9cf365ebfdb86f0\/APEX250087A\"><\/audio><\/p>\n<p>Com foco na defini\u00e7\u00e3o de estrat\u00e9gias para ampliar as exporta\u00e7\u00f5es do agroneg\u00f3cio e refor\u00e7ar o acesso do setor aos mercados globais, o Encontro Nacional do Agro e dos Adidos Agr\u00edcolas encerrou sua programa\u00e7\u00e3o com perspectivas consideradas positivas pelos organizadores.<\/p>\n<p>O presidente da Ag\u00eancia Brasileira de Promo\u00e7\u00e3o de Exporta\u00e7\u00f5es e Investimentos <a href=\"https:\/\/apexbrasil.com.br\/\" target=\"_blank\">(ApexBrasil)<\/a>, Jorge Viana, destacou que, apenas em 2025, os Investimentos Estrangeiros Diretos (IED) no Brasil somaram US$74 bilh\u00f5es. Ele tamb\u00e9m lembrou que mais de 400 novos mercados internacionais foram abertos para produtos brasileiros desde 2023, movimento que, segundo Viana, tem potencial para impulsionar bilh\u00f5es de d\u00f3lares em exporta\u00e7\u00f5es.<\/p>\n<p>\u201cEsse ano foi extraordin\u00e1rio por v\u00e1rios aspectos e desafiador por outros. E o pr\u00f3ximo ser\u00e1 ainda melhor. O Brasil deu um novo salto de sua presen\u00e7a no mundo, ajudando a alimentar o mundo, ajudando a gerar emprego no mundo, ajudando a resolver problemas sociais dentro e fora do pa\u00eds, a fazer a transi\u00e7\u00e3o energ\u00e9tica, a reduzir desmatamento e enfrentando as crises\u201d, destacou.<\/p>\n<p>Viana tamb\u00e9m ressaltou que, a partir de uma parceria entre governo, setor privado e representantes brasileiros no exterior, \u00e9 poss\u00edvel criar mecanismos que ajudem o setor agro brasileiro a ser ainda mais fortificado no exterior. Para ele, trata-se de uma oportunidade de o pa\u00eds mostrar para o mundo as qualidades que det\u00e9m no campo aliment\u00edcio.<\/p>\n<p>O evento, realizado entre os dias 25 e 28 de novembro, em Bras\u00edlia, foi organizado pela ApexBrasil e pelo Minist\u00e9rio da Agricultura e Pecu\u00e1ria <a href=\"https:\/\/www.gov.br\/agricultura\/pt-br\" target=\"_blank\">(Mapa)<\/a>. Tamb\u00e9m houve participa\u00e7\u00e3o do Minist\u00e9rio das Rela\u00e7\u00f5es Exteriores <a href=\"https:\/\/www.gov.br\/mre\/pt-br\" target=\"_blank\">(MRE)<\/a> e do Minist\u00e9rio do Desenvolvimento, Ind\u00fastria, Com\u00e9rcio e Servi\u00e7os <a href=\"https:\/\/www.gov.br\/mdic\/pt-br\" target=\"_blank\">(MDIC).<\/a> \u00a0<\/p>\n<p>A \u00a0especialista da ger\u00eancia de Agroneg\u00f3cios da ApexBrasil, Deborah Rossoni, deu mais detalhes sobre o prop\u00f3sito do encontro e destacou o papel central da ApexBrasil na integra\u00e7\u00e3o entre governo, setor produtivo e adidos agr\u00edcolas para qualifica\u00e7\u00e3o dos produtos brasileiros apresentados no exterior. &#8220;Temos aqui representantes da adid\u00e2ncia agr\u00edcola do MAPA conversando com as nossas entidades setoriais sobre assuntos diversos de cada setor, interesses, tarifas, aberturas de mercado, oportunidades e desafios de cada pa\u00eds.<\/p>\n<p>\u00c9 uma a\u00e7\u00e3o extremamente relevante para o nosso neg\u00f3cio. Cada entidade traz as suas d\u00favidas, passa para os adidos, eles fazem uma pesquisa intensa a respeito de cada setor para que n\u00f3s possamos encontrar as melhores oportunidades em cada pa\u00eds para cada setor que a ApexBrasil atende&#8221;, explica.<\/p>\n<h2>O que \u00e9 um adido agr\u00edcola<\/h2>\n<p>Normalmente, um adido agr\u00edcola \u00e9 um servidor p\u00fablico que atua na abertura, manuten\u00e7\u00e3o e amplia\u00e7\u00e3o de mercados para o agroneg\u00f3cio brasileiro. Essa pessoa tem o papel de identificar oportunidades, desafios e possibilidades de com\u00e9rcio, investimentos e coopera\u00e7\u00e3o. \u00a0<\/p>\n<p>Com isso, a ideia \u00e9 que mantenham interlocu\u00e7\u00e3o com representantes dos setores p\u00fablico e privado e interajam com relevantes formadores de opini\u00e3o na sociedade civil, imprensa e academia. A defini\u00e7\u00e3o \u00e9 do Mapa.<\/p>\n<h2>\u201cAgro Brasil 50\u201d<\/h2>\n<p>Em meio \u00e0 programa\u00e7\u00e3o, o embaixador Especial da Organiza\u00e7\u00e3o das Na\u00e7\u00f5es Unidas para a Alimenta\u00e7\u00e3o e a Agricultura (FAO &#8211; sigla do ingl\u00eas Food and Agriculture Organization) para o Cooperativismo, Roberto Rodrigues, anunciou que est\u00e1 elaborando o estudo \u201cAgro Brasil 50\u201d.<\/p>\n<p>Ele explicou que a ideia \u00e9 saber se, at\u00e9 2050, quem vai produzir o que no mundo. Os dados servir\u00e3o para orientar e definir as futuras rotas de com\u00e9rcio e poss\u00edveis estrat\u00e9gias.<\/p>\n<p>\u201cN\u00f3s vamos ser os patrocinadores da paz mundial com o modelo do agro tropical brasileiro sendo replicado no mundo todo\u201d, acrescentou Rodrigues, que tamb\u00e9m \u00e9 ex-ministro da Agricultura e coordenador do Centro de Agroneg\u00f3cios da Funda\u00e7\u00e3o Get\u00falio Vargas (FGV).<\/p>\n<h2>Trabalho em conjunto<\/h2>\n<p>Presente ao encontro, o ministro da Agricultura e Pecu\u00e1ria, Carlos F\u00e1varo, afirmou que o avan\u00e7o do setor depende de boas rela\u00e7\u00f5es de amizade, comerciais e diplom\u00e1ticas entre o Brasil e o mundo. O ministro destacou ainda que a articula\u00e7\u00e3o promovida pela ApexBrasil, especialmente por meio de seus escrit\u00f3rios internacionais, fortalece a presen\u00e7a do agro brasileiro em mercados estrat\u00e9gicos.<a href=\"https:\/\/www.gov.br\/agricultura\/pt-br\/assuntos\/relacoes-internacionais\/adidos-agricolas\" target=\"_blank\"> Clique aqui para ter mais informa\u00e7\u00f5es sobre os adidos agr\u00edcolas.<\/a><\/p>\n<p>J\u00e1 o secret\u00e1rio de Com\u00e9rcio e Rela\u00e7\u00f5es Internacionais do Minist\u00e9rio da Agricultura e Pecu\u00e1ria, Lu\u00eds Rua, entende que os adidos agr\u00edcolas t\u00eam um papel importante na abertura de novos mercados estrat\u00e9gicos. \u201cNeste encontro, estamos fortalecendo todo este trabalho feito em conjunto e mirando os avan\u00e7os para 2026\u201d, pontuou.<\/p>\n<p><a href=\"https:\/\/brasil61.com\/n\/novo-escritorio-da-apexbrasil-em-cuiaba-mt-fortalece-comercio-exterior-do-agronegocio-mapa250022\" target=\"_blank\">Novo escrit\u00f3rio da ApexBrasil em Cuiab\u00e1 (MT) fortalece com\u00e9rcio exterior do agroneg\u00f3cio<\/a><\/p>\n<p><a href=\"https:\/\/brasil61.com\/n\/forum-nacional-de-ppps-destaca-novos-produtos-para-atrair-investimentos-estrangeiros-em-setores-estrategicos-apex250086\" target=\"_blank\">F\u00f3rum Nacional de PPPs destaca novos produtos para atrair investimentos estrangeiros em setores estrat\u00e9gicos<\/a><\/p>\n<p>Rua tamb\u00e9m citou a abertura oficial do Escrit\u00f3rio da ApexBrasil em Cuiab\u00e1 (MT), na segunda-feira (24), e destacou a relev\u00e2ncia do processo de interioriza\u00e7\u00e3o para ajudar micro e pequenas empresas a exportarem.<\/p>\n<p>\u201cSabemos que exportar n\u00e3o \u00e9 algo simples. \u00a0E o nosso papel conjunto \u00e9 justamente facilitar e ser os facilitadores que ajudam esses pequenos, micros e m\u00e9dios empreendedores a seguirem esse caminho da exporta\u00e7\u00e3o\u201d, afirmou secret\u00e1rio.<\/p>\n<h2>Centro Internacional de Refer\u00eancia Agrofloresta e Agricultura Tropical<\/h2>\n<p>No encontro, a presidente da Empresa Brasileira de Pesquisa Agropecu\u00e1ria (Embrapa), Silvia Massruh\u00e1, anunciou a cria\u00e7\u00e3o do Centro Internacional de Refer\u00eancia Agrofloresta e Agricultura Tropical. O projeto para a cria\u00e7\u00e3o do Centro foi apresentado pela Embrapa e aceito este ano pela FAO.<\/p>\n<p>\u201cO Brasil conseguiu passar uma mensagem para o mundo todo que a agricultura brasileira \u00e9 uma pot\u00eancia agroambiental e que a gente sabe da nossa responsabilidade para contribuir para a seguran\u00e7a alimentar, garantir alimentos mais saud\u00e1veis e qualidade de vida das pessoas e contribuir com a sustentabilidade do planeta\u201d, destacou Silvia.<\/p>\n<h2>Sobre o evento<\/h2>\n<p>O evento contou com mais de 50 adidos agr\u00edcolas. Do total, 40 est\u00e3o em miss\u00e3o e 14 foram rec\u00e9m-designados. O encontro tamb\u00e9m contou com a participa\u00e7\u00e3o dos chefes dos Escrit\u00f3rios internacionais da ApexBrasil em Bogot\u00e1 (Col\u00f4mbia), Miami (Estados Unidos), Bruxelas (B\u00e9lgica), Moscou (R\u00fassia), Dubai (Emirados \u00c1rabes Unidos), Lisboa (Portugal) e Pequim (China). A presen\u00e7a dos escrit\u00f3rios da ApexBrasil refor\u00e7a a estrat\u00e9gia de internacionaliza\u00e7\u00e3o e intelig\u00eancia comercial que sustenta o avan\u00e7o das exporta\u00e7\u00f5es brasileiras<\/p>\n<p>Na programa\u00e7\u00e3o, debates, pain\u00e9is regionais, alinhamento estrat\u00e9gico e di\u00e1logo com setores produtivos. Entre as autoridades presentes tamb\u00e9m estavam o diretor do Departamento de Promo\u00e7\u00e3o Comercial, Investimentos e Agricultura do MRE; o embaixador Alex Giacomelli; e o secret\u00e1rio de Promo\u00e7\u00e3o Comercial, Ci\u00eancia, Tecnologia, Inova\u00e7\u00e3o e Cultura do MRE, embaixador Laudemar Aguiar; entre outros nomes.<br \/>\n\u00a0<\/p>\n<p>\t\t\t\t\t\t\t\t\t\t<img loading=\"lazy\" decoding=\"async\" src=\"https:\/\/brasil61.com\/api\/v1\/serve_pixel\/17677\/86159\" alt=\"Pixel Brasil 61\" class=\"b61_pixel\" width=\"0\" height=\"0\"><\/p>\n<input type=\"hidden\" id=\"baseurl\" value=\"https:\/\/noticiasdestaque.com.br\"><input type=\"hidden\" id=\"audio_nonce\" value=\"6a24ca502e\">","protected":false},"excerpt":{"rendered":"<p>Encontro Nacional do Agro e dos Adidos Agr\u00edcolas refor\u00e7a integra\u00e7\u00e3o entre governo e setor privado; ApexBrasil registra US$ 74 bilh\u00f5es em Investimentos Estrangeiros Diretos em 2025<\/p>\n","protected":false},"author":1,"featured_media":47962,"comment_status":"open","ping_status":"open","sticky":false,"template":"","format":"standard","meta":{"fifu_image_url":"","fifu_image_alt":"","footnotes":""},"categories":[59],"tags":[],"class_list":["post-47961","post","type-post","status-publish","format-standard","has-post-thumbnail","hentry","category-economia"],"distributor_meta":false,"distributor_terms":false,"distributor_media":false,"distributor_original_site_name":"Noticias em Destaque","distributor_original_site_url":"https:\/\/noticiasdestaque.com.br","push-errors":false,"_links":{"self":[{"href":"https:\/\/noticiasdestaque.com.br\/index.php\/wp-json\/wp\/v2\/posts\/47961","targetHints":{"allow":["GET"]}}],"collection":[{"href":"https:\/\/noticiasdestaque.com.br\/index.php\/wp-json\/wp\/v2\/posts"}],"about":[{"href":"https:\/\/noticiasdestaque.com.br\/index.php\/wp-json\/wp\/v2\/types\/post"}],"author":[{"embeddable":true,"href":"https:\/\/noticiasdestaque.com.br\/index.php\/wp-json\/wp\/v2\/users\/1"}],"replies":[{"embeddable":true,"href":"https:\/\/noticiasdestaque.com.br\/index.php\/wp-json\/wp\/v2\/comments?post=47961"}],"version-history":[{"count":0,"href":"https:\/\/noticiasdestaque.com.br\/index.php\/wp-json\/wp\/v2\/posts\/47961\/revisions"}],"wp:featuredmedia":[{"embeddable":true,"href":"https:\/\/noticiasdestaque.com.br\/index.php\/wp-json\/wp\/v2\/media\/47962"}],"wp:attachment":[{"href":"https:\/\/noticiasdestaque.com.br\/index.php\/wp-json\/wp\/v2\/media?parent=47961"}],"wp:term":[{"taxonomy":"category","embeddable":true,"href":"https:\/\/noticiasdestaque.com.br\/index.php\/wp-json\/wp\/v2\/categories?post=47961"},{"taxonomy":"post_tag","embeddable":true,"href":"https:\/\/noticiasdestaque.com.br\/index.php\/wp-json\/wp\/v2\/tags?post=47961"}],"curies":[{"name":"wp","href":"https:\/\/api.w.org\/{rel}","templated":true}]}}