{"id":47927,"date":"2025-11-27T20:35:00","date_gmt":"2025-11-27T23:35:00","guid":{"rendered":"https:\/\/noticiasdestaque.com.br\/index.php\/2025\/11\/27\/previsao-do-tempo-muitas-nuvens-e-poucas-chuvas-na-regiao-sul-nesta-sexta-feira-28\/"},"modified":"2025-11-27T20:35:00","modified_gmt":"2025-11-27T23:35:00","slug":"previsao-do-tempo-muitas-nuvens-e-poucas-chuvas-na-regiao-sul-nesta-sexta-feira-28","status":"publish","type":"post","link":"https:\/\/noticiasdestaque.com.br\/index.php\/2025\/11\/27\/previsao-do-tempo-muitas-nuvens-e-poucas-chuvas-na-regiao-sul-nesta-sexta-feira-28\/","title":{"rendered":"PREVIS\u00c3O DO TEMPO: Muitas nuvens e poucas chuvas na Regi\u00e3o Sul nesta sexta-feira (28)"},"content":{"rendered":"<p>\t\t\t\t\t\t\t\t\t\t\t<audio controls class=\"b61_audio_player\" data-noticia=\"86109\" src=\"https:\/\/brasil61.com\/rails\/active_storage\/blobs\/eyJfcmFpbHMiOnsibWVzc2FnZSI6IkJBaHBBMWJIQXc9PSIsImV4cCI6bnVsbCwicHVyIjoiYmxvYl9pZCJ9fQ==--2a6f04645ea0878132ff0f331d40b6a373957446\/PTRS254145A\"><\/audio><\/p>\n<p>A <strong>previs\u00e3o do tempo <\/strong>para o <strong>Sul<\/strong> do pa\u00eds, nesta <strong>sexta-feira (28)<\/strong>, indica c\u00e9u de <strong>poucas<\/strong> <strong>nuvens<\/strong> para toda a regi\u00e3o, no Rio Grande do Sul, com <strong>possibilidade de chuvas <\/strong>para todos os estados.<\/p>\n<p>Pela <strong>manh\u00e3<\/strong>, a previs\u00e3o \u00e9 de <strong>poucas nuvens<\/strong> para quase toda a regi\u00e3o, exceto para o Rio Grande do Sul, mas <strong>sem previs\u00e3o de chuvas<\/strong>.<\/p>\n<p>\u00c0 <strong>tarde<\/strong>, a previs\u00e3o \u00e9 de <strong>possibilidade de chuvas <\/strong>para o extremo-oeste dos tr\u00eas estados, assim como para toda a por\u00e7\u00e3o leste, com <strong>maior intensidade e acompanhada de trovoadas<\/strong> no litoral.<\/p>\n<p>Durante a <strong>noite<\/strong>, as <strong>chuvas<\/strong> <strong>deixam<\/strong> o oeste da regi\u00e3o, <strong>tomando<\/strong> o centro-leste do Paran\u00e1 e de Santa Catarina e o nordeste do Rio Grande do Sul, com <strong>maior intensidade e acompanhada de trovoadas<\/strong> no litoral dos dois primeiros estados.<\/p>\n<p>Entre as <strong>capitais<\/strong>, a<strong> temperatura m\u00ednima<\/strong> prevista \u00e9 de <strong>15\u00b0C<\/strong>, em <strong>Curitiba<\/strong>. J\u00e1 a <strong>m\u00e1xima<\/strong> pode chegar at\u00e9 <strong>32\u00b0C<\/strong>, em <strong>Porto<\/strong> <strong>Alegre<\/strong>. A <strong>umidade relativa do ar <\/strong>varia entre <strong>40%<\/strong> e <strong>100%<\/strong>.<\/p>\n<p>\u00a0<\/p>\n<h2>5 motivos para acompanhar as previs\u00f5es do tempo<\/h2>\n<p>\u00a0<\/p>\n<ul>\n<li>Agricultura: garantia de uma boa colheita;<\/li>\n<li>Marinha: prote\u00e7\u00e3o de marinheiros, navios e passageiros;<\/li>\n<li>Aeron\u00e1utica: seguran\u00e7a de pilotos, aeronaves e passageiros;<\/li>\n<li>Pesca: condi\u00e7\u00f5es favor\u00e1veis e seguras para a atividade;<\/li>\n<li>Turismo: garantia de passeios e viagens tranquilas e agrad\u00e1veis.<\/li>\n<\/ul>\n<p>\u00a0<\/p>\n<h2>Import\u00e2ncia das observa\u00e7\u00f5es meteorol\u00f3gicas no INMET<\/h2>\n<p>\u00a0<\/p>\n<p>As observa\u00e7\u00f5es meteorol\u00f3gicas do INMET s\u00e3o essenciais para previs\u00f5es em tempo real, estat\u00edsticas clim\u00e1ticas e coopera\u00e7\u00e3o internacional. Esses dados precisos ajudam a estudar o clima passado e a produzir Normais Climatol\u00f3gicas conforme a Organiza\u00e7\u00e3o Meteorol\u00f3gica Mundial (<a href=\"https:\/\/worldweather.wmo.int\/pt\/home.html\">OMM<\/a>).<\/p>\n<p>\u00a0<\/p>\n<p>As informa\u00e7\u00f5es s\u00e3o do Instituto Nacional de Meteorologia (<a href=\"https:\/\/portal.inmet.gov.br\">Inmet<\/a>).<\/p>\n<p>\t\t\t\t\t\t\t\t\t\t<img loading=\"lazy\" decoding=\"async\" src=\"https:\/\/brasil61.com\/api\/v1\/serve_pixel\/17677\/86109\" alt=\"Pixel Brasil 61\" class=\"b61_pixel\" width=\"0\" height=\"0\"><\/p>\n<input type=\"hidden\" id=\"baseurl\" value=\"https:\/\/noticiasdestaque.com.br\"><input type=\"hidden\" id=\"audio_nonce\" value=\"6a24ca502e\">","protected":false},"excerpt":{"rendered":"<p>Chances de fortes chuvas, sobretudo no nordeste da regi\u00e3o; temperaturas variam entre 15\u00b0C e 32\u00b0C<\/p>\n","protected":false},"author":1,"featured_media":47928,"comment_status":"open","ping_status":"open","sticky":false,"template":"","format":"standard","meta":{"fifu_image_url":"","fifu_image_alt":"","footnotes":""},"categories":[58],"tags":[],"class_list":["post-47927","post","type-post","status-publish","format-standard","has-post-thumbnail","hentry","category-cotidiano"],"distributor_meta":false,"distributor_terms":false,"distributor_media":false,"distributor_original_site_name":"Noticias em Destaque","distributor_original_site_url":"https:\/\/noticiasdestaque.com.br","push-errors":false,"_links":{"self":[{"href":"https:\/\/noticiasdestaque.com.br\/index.php\/wp-json\/wp\/v2\/posts\/47927","targetHints":{"allow":["GET"]}}],"collection":[{"href":"https:\/\/noticiasdestaque.com.br\/index.php\/wp-json\/wp\/v2\/posts"}],"about":[{"href":"https:\/\/noticiasdestaque.com.br\/index.php\/wp-json\/wp\/v2\/types\/post"}],"author":[{"embeddable":true,"href":"https:\/\/noticiasdestaque.com.br\/index.php\/wp-json\/wp\/v2\/users\/1"}],"replies":[{"embeddable":true,"href":"https:\/\/noticiasdestaque.com.br\/index.php\/wp-json\/wp\/v2\/comments?post=47927"}],"version-history":[{"count":0,"href":"https:\/\/noticiasdestaque.com.br\/index.php\/wp-json\/wp\/v2\/posts\/47927\/revisions"}],"wp:featuredmedia":[{"embeddable":true,"href":"https:\/\/noticiasdestaque.com.br\/index.php\/wp-json\/wp\/v2\/media\/47928"}],"wp:attachment":[{"href":"https:\/\/noticiasdestaque.com.br\/index.php\/wp-json\/wp\/v2\/media?parent=47927"}],"wp:term":[{"taxonomy":"category","embeddable":true,"href":"https:\/\/noticiasdestaque.com.br\/index.php\/wp-json\/wp\/v2\/categories?post=47927"},{"taxonomy":"post_tag","embeddable":true,"href":"https:\/\/noticiasdestaque.com.br\/index.php\/wp-json\/wp\/v2\/tags?post=47927"}],"curies":[{"name":"wp","href":"https:\/\/api.w.org\/{rel}","templated":true}]}}