{"id":47925,"date":"2025-11-27T20:30:00","date_gmt":"2025-11-27T23:30:00","guid":{"rendered":"https:\/\/noticiasdestaque.com.br\/index.php\/2025\/11\/27\/previsao-do-tempo-sexta-feira-28-de-chuvas-no-sudeste\/"},"modified":"2025-11-27T20:30:00","modified_gmt":"2025-11-27T23:30:00","slug":"previsao-do-tempo-sexta-feira-28-de-chuvas-no-sudeste","status":"publish","type":"post","link":"https:\/\/noticiasdestaque.com.br\/index.php\/2025\/11\/27\/previsao-do-tempo-sexta-feira-28-de-chuvas-no-sudeste\/","title":{"rendered":"PREVIS\u00c3O DO TEMPO: Sexta-feira (28) de chuvas no Sudeste"},"content":{"rendered":"<p>\t\t\t\t\t\t\t\t\t\t\t<audio controls class=\"b61_audio_player\" data-noticia=\"86108\" src=\"https:\/\/brasil61.com\/rails\/active_storage\/blobs\/eyJfcmFpbHMiOnsibWVzc2FnZSI6IkJBaHBBMWZIQXc9PSIsImV4cCI6bnVsbCwicHVyIjoiYmxvYl9pZCJ9fQ==--360259a0264e8e03f7e28b09dd45a3e041722be2\/PTSD254265A\"><\/audio><\/p>\n<p>A <strong>previs\u00e3o do tempo<\/strong> para a Regi\u00e3o <strong>Sudeste<\/strong> do pa\u00eds, nesta <strong>sexta-feira (28)<\/strong>, \u00e9 de c\u00e9u com <strong>muitas nuvens<\/strong> para toda a regi\u00e3o, com <strong>possibilidade de chuvas<\/strong> em todos os estados.\u00a0<\/p>\n<p>Pela <strong>manh\u00e3<\/strong>, h\u00e1 previs\u00e3o de <strong>muitas<\/strong> <strong>nuvens com chuvas<\/strong> para toda a regi\u00e3o, exceto para o extremo-sul de S\u00e3o Paulo. As <strong>chuvas<\/strong> devem amanhecer <strong>mais<\/strong> <strong>intensas<\/strong> no Esp\u00edrito Santo e no centro-norte de Minas Gerais.<\/p>\n<p>\u00c0 <strong>tarde<\/strong>, as <strong>chuvas recuam<\/strong> no oeste de Minas e centro-norte de S\u00e3o Paulo. Contudo, devem se manter <strong>mais intensas e com trovoadas <\/strong>no Esp\u00edrito Santo, no Rio de Janeiro, no leste mineiro e no litoral paulista.<\/p>\n<p>Durante a <strong>noite<\/strong>, as <strong>chuvas<\/strong> <strong>se restringem<\/strong> ao extremo-sul paulista, norte do Rio de Janeiro, sul do Esp\u00edrito Santo e \u00e0 faixa central de Minas Gerais.<\/p>\n<p>O <b>Instituto Nacional de Meteorologia<\/b> (<a href=\"https:\/\/portal.inmet.gov.br\/\">Inmet<\/a>) emitiu alerta de perigo potencial de chuvas intensas para o extremo-norte de Minas Gerais e do Esp\u00edrito Santo, al\u00e9m de aviso de perigo potencial de baixa umidade para o norte de S\u00e3o Paulo e o oeste de Minas Gerais.<\/p>\n<p>Entre as <strong>capitais<\/strong>, a <strong>temperatura<\/strong> <strong>m\u00ednima<\/strong> prevista \u00e9 de <strong>15\u00b0C<\/strong> em <strong>S\u00e3o<\/strong> <strong>Paulo<\/strong>. J\u00e1 a <strong>m\u00e1xima<\/strong> pode chegar at\u00e9<strong> 30\u00b0C<\/strong>, em <strong>Belo<\/strong> <strong>Horizonte<\/strong>, no <strong>Rio de Janeiro<\/strong> e em <strong>Vit\u00f3ria<\/strong>. A<strong> umidade relativa do ar<\/strong> varia entre <strong>40%<\/strong> e<strong> 95%<\/strong>.<\/p>\n<p>\u00a0<\/p>\n<h2>5 motivos para acompanhar as previs\u00f5es do tempo<\/h2>\n<ul>\n<li>Agricultura: garantia de uma boa colheita;<\/li>\n<li>Marinha: prote\u00e7\u00e3o de marinheiros, navios e passageiros;<\/li>\n<li>Aeron\u00e1utica: seguran\u00e7a de pilotos, aeronaves e passageiros;<\/li>\n<li>Pesca: condi\u00e7\u00f5es favor\u00e1veis e seguras para a atividade;<\/li>\n<li>Turismo: garantia de passeios e viagens tranquilas e agrad\u00e1veis.<\/li>\n<\/ul>\n<p>\u00a0<\/p>\n<h2>Import\u00e2ncia das observa\u00e7\u00f5es meteorol\u00f3gicas no INMET<\/h2>\n<p>As observa\u00e7\u00f5es meteorol\u00f3gicas do INMET s\u00e3o essenciais para previs\u00f5es em tempo real, estat\u00edsticas clim\u00e1ticas e coopera\u00e7\u00e3o internacional. Esses dados precisos ajudam a estudar o clima passado e a produzir Normais Climatol\u00f3gicas conforme a Organiza\u00e7\u00e3o Meteorol\u00f3gica Mundial (<a href=\"https:\/\/worldweather.wmo.int\/pt\/home.html\">OMM<\/a>).<\/p>\n<p>As informa\u00e7\u00f5es s\u00e3o do Instituto Nacional de Meteorologia (<a href=\"https:\/\/portal.inmet.gov.br\">Inmet<\/a>).<\/p>\n<p>\t\t\t\t\t\t\t\t\t\t<img loading=\"lazy\" decoding=\"async\" src=\"https:\/\/brasil61.com\/api\/v1\/serve_pixel\/17677\/86108\" alt=\"Pixel Brasil 61\" class=\"b61_pixel\" width=\"0\" height=\"0\"><\/p>\n<input type=\"hidden\" id=\"baseurl\" value=\"https:\/\/noticiasdestaque.com.br\"><input type=\"hidden\" id=\"audio_nonce\" value=\"6a24ca502e\">","protected":false},"excerpt":{"rendered":"<p>Chuvas devem ser mais intensas ao norte da regi\u00e3o; temperaturas variam entre 15\u00b0C e 30\u00b0C<\/p>\n","protected":false},"author":1,"featured_media":47926,"comment_status":"open","ping_status":"open","sticky":false,"template":"","format":"standard","meta":{"fifu_image_url":"","fifu_image_alt":"","footnotes":""},"categories":[58],"tags":[],"class_list":["post-47925","post","type-post","status-publish","format-standard","has-post-thumbnail","hentry","category-cotidiano"],"distributor_meta":false,"distributor_terms":false,"distributor_media":false,"distributor_original_site_name":"Noticias em Destaque","distributor_original_site_url":"https:\/\/noticiasdestaque.com.br","push-errors":false,"_links":{"self":[{"href":"https:\/\/noticiasdestaque.com.br\/index.php\/wp-json\/wp\/v2\/posts\/47925","targetHints":{"allow":["GET"]}}],"collection":[{"href":"https:\/\/noticiasdestaque.com.br\/index.php\/wp-json\/wp\/v2\/posts"}],"about":[{"href":"https:\/\/noticiasdestaque.com.br\/index.php\/wp-json\/wp\/v2\/types\/post"}],"author":[{"embeddable":true,"href":"https:\/\/noticiasdestaque.com.br\/index.php\/wp-json\/wp\/v2\/users\/1"}],"replies":[{"embeddable":true,"href":"https:\/\/noticiasdestaque.com.br\/index.php\/wp-json\/wp\/v2\/comments?post=47925"}],"version-history":[{"count":0,"href":"https:\/\/noticiasdestaque.com.br\/index.php\/wp-json\/wp\/v2\/posts\/47925\/revisions"}],"wp:featuredmedia":[{"embeddable":true,"href":"https:\/\/noticiasdestaque.com.br\/index.php\/wp-json\/wp\/v2\/media\/47926"}],"wp:attachment":[{"href":"https:\/\/noticiasdestaque.com.br\/index.php\/wp-json\/wp\/v2\/media?parent=47925"}],"wp:term":[{"taxonomy":"category","embeddable":true,"href":"https:\/\/noticiasdestaque.com.br\/index.php\/wp-json\/wp\/v2\/categories?post=47925"},{"taxonomy":"post_tag","embeddable":true,"href":"https:\/\/noticiasdestaque.com.br\/index.php\/wp-json\/wp\/v2\/tags?post=47925"}],"curies":[{"name":"wp","href":"https:\/\/api.w.org\/{rel}","templated":true}]}}