{"id":47923,"date":"2025-11-27T20:25:00","date_gmt":"2025-11-27T23:25:00","guid":{"rendered":"https:\/\/noticiasdestaque.com.br\/index.php\/2025\/11\/27\/previsao-do-tempo-sexta-feira-28-chuvosa-no-norte\/"},"modified":"2025-11-27T20:25:00","modified_gmt":"2025-11-27T23:25:00","slug":"previsao-do-tempo-sexta-feira-28-chuvosa-no-norte","status":"publish","type":"post","link":"https:\/\/noticiasdestaque.com.br\/index.php\/2025\/11\/27\/previsao-do-tempo-sexta-feira-28-chuvosa-no-norte\/","title":{"rendered":"PREVIS\u00c3O DO TEMPO: Sexta-feira (28) chuvosa no Norte"},"content":{"rendered":"<p>\t\t\t\t\t\t\t\t\t\t\t<audio controls class=\"b61_audio_player\" data-noticia=\"86107\" src=\"https:\/\/brasil61.com\/rails\/active_storage\/blobs\/eyJfcmFpbHMiOnsibWVzc2FnZSI6IkJBaHBBMWpIQXc9PSIsImV4cCI6bnVsbCwicHVyIjoiYmxvYl9pZCJ9fQ==--8b7c18b5685cd5df8aa80ed01671ba88058970fd\/PTRN254626A\"><\/audio><\/p>\n<p>A <strong>previs\u00e3o do tempo<\/strong> para a Regi\u00e3o <strong>Norte<\/strong> do pa\u00eds, nesta <strong>sexta-feira (28)<\/strong>, indica c\u00e9u com <strong>muitas<\/strong> <strong>nuvens<\/strong> <strong>e possibilidade de chuvas intensas<\/strong> para toda a regi\u00e3o.<\/p>\n<p>Pela <strong>manh\u00e3<\/strong>, as <strong>chances de chuva<\/strong> cobrem quase toda a regi\u00e3o, com exce\u00e7\u00e3o do Amap\u00e1 e norte do Par\u00e1 e de Roraima.<\/p>\n<p>\u00c0 <strong>tarde<\/strong>, as <strong>chuvas<\/strong> <strong>tomam<\/strong> a regi\u00e3o, sendo <strong>mais intensas e acompanhadas de trovoadas<\/strong> no Amazonas, Acre, Roraima, centro-sul do Par\u00e1 e centro-norte do Tocantins.<\/p>\n<p>Durante a <strong>noite<\/strong>, as <strong>chuvas<\/strong> <strong>deixam<\/strong> os estados do Amap\u00e1 e do Acre e o extremo-sul de Rond\u00f4nia.<\/p>\n<p>O <b>Instituto Nacional de Meteorologia<\/b> (<a href=\"https:\/\/portal.inmet.gov.br\/\">Inmet<\/a>) emitiu alerta para <strong>perigo de chuvas intensas<\/strong> para os estados do Tocantins, Acre, Rond\u00f4nia e o centro-sul dos estados do Amazonas e do Par\u00e1, al\u00e9m de alerta de <strong>perigo potencial de chuvas intensas <\/strong>no norte do Amazonas e do Par\u00e1.<\/p>\n<p>Entre as <strong>capitais<\/strong>, a <strong>temperatura<\/strong> <strong>m\u00ednima<\/strong> prevista \u00e9 de <strong>23\u00b0C<\/strong>, em <strong>Rio<\/strong> <strong>Branco<\/strong> e <strong>Porto<\/strong> <strong>Velho<\/strong>. J\u00e1 a <strong>m\u00e1xima<\/strong> pode chegar at\u00e9 <strong>35\u00b0C<\/strong>, em <strong>Boa<\/strong> <strong>Vista<\/strong>. A <strong>umidade relativa do ar <\/strong>varia entre <strong>55%<\/strong> e <strong>100%<\/strong>.<\/p>\n<p>\u00a0<\/p>\n<h2>5 motivos para acompanhar as previs\u00f5es do tempo<\/h2>\n<ul>\n<li>Agricultura: garantia de uma boa colheita;<\/li>\n<li>Marinha: prote\u00e7\u00e3o de marinheiros, navios e passageiros;<\/li>\n<li>Aeron\u00e1utica: seguran\u00e7a de pilotos, aeronaves e passageiros;<\/li>\n<li>Pesca: condi\u00e7\u00f5es favor\u00e1veis e seguras para a atividade;<\/li>\n<li>Turismo: garantia de passeios e viagens tranquilas e agrad\u00e1veis.<\/li>\n<\/ul>\n<p>\u00a0<\/p>\n<h2>Import\u00e2ncia das observa\u00e7\u00f5es meteorol\u00f3gicas no INMET<\/h2>\n<p>\u00a0<\/p>\n<p>As observa\u00e7\u00f5es meteorol\u00f3gicas do INMET s\u00e3o essenciais para previs\u00f5es em tempo real, estat\u00edsticas clim\u00e1ticas e coopera\u00e7\u00e3o internacional. Esses dados precisos ajudam a estudar o clima passado e a produzir Normais Climatol\u00f3gicas conforme a Organiza\u00e7\u00e3o Meteorol\u00f3gica Mundial (<a href=\"https:\/\/worldweather.wmo.int\/pt\/home.html\">OMM<\/a>).<\/p>\n<p>\u00a0<\/p>\n<p>As informa\u00e7\u00f5es s\u00e3o do Instituto Nacional de Meteorologia (<a href=\"https:\/\/portal.inmet.gov.br\">Inmet<\/a>).<\/p>\n<p>\t\t\t\t\t\t\t\t\t\t<img loading=\"lazy\" decoding=\"async\" src=\"https:\/\/brasil61.com\/api\/v1\/serve_pixel\/17677\/86107\" alt=\"Pixel Brasil 61\" class=\"b61_pixel\" width=\"0\" height=\"0\"><\/p>\n<input type=\"hidden\" id=\"baseurl\" value=\"https:\/\/noticiasdestaque.com.br\"><input type=\"hidden\" id=\"audio_nonce\" value=\"6a24ca502e\">","protected":false},"excerpt":{"rendered":"<p>Chuvas tomam a regi\u00e3o, com possibilidade de trovoadas; temperaturas variam entre 23\u00b0C e 35\u00b0C<\/p>\n","protected":false},"author":1,"featured_media":47924,"comment_status":"open","ping_status":"open","sticky":false,"template":"","format":"standard","meta":{"fifu_image_url":"","fifu_image_alt":"","footnotes":""},"categories":[58],"tags":[],"class_list":["post-47923","post","type-post","status-publish","format-standard","has-post-thumbnail","hentry","category-cotidiano"],"distributor_meta":false,"distributor_terms":false,"distributor_media":false,"distributor_original_site_name":"Noticias em Destaque","distributor_original_site_url":"https:\/\/noticiasdestaque.com.br","push-errors":false,"_links":{"self":[{"href":"https:\/\/noticiasdestaque.com.br\/index.php\/wp-json\/wp\/v2\/posts\/47923","targetHints":{"allow":["GET"]}}],"collection":[{"href":"https:\/\/noticiasdestaque.com.br\/index.php\/wp-json\/wp\/v2\/posts"}],"about":[{"href":"https:\/\/noticiasdestaque.com.br\/index.php\/wp-json\/wp\/v2\/types\/post"}],"author":[{"embeddable":true,"href":"https:\/\/noticiasdestaque.com.br\/index.php\/wp-json\/wp\/v2\/users\/1"}],"replies":[{"embeddable":true,"href":"https:\/\/noticiasdestaque.com.br\/index.php\/wp-json\/wp\/v2\/comments?post=47923"}],"version-history":[{"count":0,"href":"https:\/\/noticiasdestaque.com.br\/index.php\/wp-json\/wp\/v2\/posts\/47923\/revisions"}],"wp:featuredmedia":[{"embeddable":true,"href":"https:\/\/noticiasdestaque.com.br\/index.php\/wp-json\/wp\/v2\/media\/47924"}],"wp:attachment":[{"href":"https:\/\/noticiasdestaque.com.br\/index.php\/wp-json\/wp\/v2\/media?parent=47923"}],"wp:term":[{"taxonomy":"category","embeddable":true,"href":"https:\/\/noticiasdestaque.com.br\/index.php\/wp-json\/wp\/v2\/categories?post=47923"},{"taxonomy":"post_tag","embeddable":true,"href":"https:\/\/noticiasdestaque.com.br\/index.php\/wp-json\/wp\/v2\/tags?post=47923"}],"curies":[{"name":"wp","href":"https:\/\/api.w.org\/{rel}","templated":true}]}}