{"id":47921,"date":"2025-11-27T20:20:00","date_gmt":"2025-11-27T23:20:00","guid":{"rendered":"https:\/\/noticiasdestaque.com.br\/index.php\/2025\/11\/27\/previsao-do-tempo-sexta-feira-28-chuvosa-no-centro-oeste\/"},"modified":"2025-11-27T20:20:00","modified_gmt":"2025-11-27T23:20:00","slug":"previsao-do-tempo-sexta-feira-28-chuvosa-no-centro-oeste","status":"publish","type":"post","link":"https:\/\/noticiasdestaque.com.br\/index.php\/2025\/11\/27\/previsao-do-tempo-sexta-feira-28-chuvosa-no-centro-oeste\/","title":{"rendered":"PREVIS\u00c3O DO TEMPO: Sexta-feira (28) chuvosa no Centro-Oeste"},"content":{"rendered":"<p>\t\t\t\t\t\t\t\t\t\t\t<audio controls class=\"b61_audio_player\" data-noticia=\"86105\" src=\"https:\/\/brasil61.com\/rails\/active_storage\/blobs\/eyJfcmFpbHMiOnsibWVzc2FnZSI6IkJBaHBBMVhIQXc9PSIsImV4cCI6bnVsbCwicHVyIjoiYmxvYl9pZCJ9fQ==--b3c8a3eabda3f7470b82a48dc7ebeaebf2f5f253\/PTCO254281A\"><\/audio><\/p>\n<p>A <strong>previs\u00e3o<\/strong> <strong>do<\/strong> <strong>tempo<\/strong> para a Regi\u00e3o <strong>Centro-Oeste<\/strong>, nesta <strong>sexta-feira (28)<\/strong>, indica a presen\u00e7a de\u00a0<strong>muitas<\/strong> <strong>nuvens<\/strong> <strong>e chuva<\/strong> em toda a regi\u00e3o durante o dia, com intermit\u00eancias.<\/p>\n<p>Pela <strong>manh\u00e3<\/strong>, a previs\u00e3o \u00e9 de <strong>muitas<\/strong> <strong>nuvens<\/strong> com <strong>chuvas<\/strong> <strong>isoladas<\/strong> para toda a regi\u00e3o, com exce\u00e7\u00e3o do extremo-sul de Mato Grosso do Sul, onde <strong>n\u00e3o deve chover<\/strong>. As <strong>chuvas<\/strong> devem come\u00e7ar o dia <strong>mais intensas <\/strong>em todo o centro-norte de Goi\u00e1s,\u00a0de Mato Grosso e no Distrito Federal, e devem vir <strong>acompanhadas de trovoadas <\/strong>na \u00e1rea central mato-grossense.<\/p>\n<p>\u00c0 <strong>tarde<\/strong>, as <strong>pancadas<\/strong> <strong>de<\/strong> <strong>chuva<\/strong> <strong>com<\/strong> <strong>trovoadas<\/strong> se <strong>deslocam<\/strong> para o sul de Mato Grosso e oeste de Mato Grosso do Sul. As <strong>chuvas<\/strong> <strong>devem<\/strong> <strong>deixar<\/strong> o Distrito Federal, o centro-leste de Goi\u00e1s e a faixa central de Mato Grosso.<\/p>\n<p>Durante a <strong>noite<\/strong>, as <strong>chuvas<\/strong> <strong>deixam<\/strong> o estado de Mato Grosso do Sul e <strong>se<\/strong> <strong>restringem<\/strong> ao extremo-norte de Mato Grosso, ao norte de Goi\u00e1s e ao Distrito Federal, <strong>acompanhadas<\/strong> <strong>de<\/strong> <strong>trovoadas<\/strong>.<\/p>\n<p>O <b>Instituto Nacional de Meteorologia<\/b> (<a href=\"https:\/\/portal.inmet.gov.br\/\">Inmet<\/a>) emitiu alerta de <strong>perigo de chuvas intensas<\/strong> para o centro-oeste e norte do estado de Mato Grosso e para o extremo-norte de Goi\u00e1s, al\u00e9m de alerta de <strong>perigo potencial de chuvas intensas<\/strong> para todo o Distrito Federal e para o centro-norte de Goi\u00e1s. H\u00e1, tamb\u00e9m, aviso de <strong>perigo potencial de baixa umidade<\/strong> para o centro de Mato Grosso do Sul e o extremo-sul de Goi\u00e1s.<\/p>\n<p>Entre as <strong>capitais<\/strong>, a <strong>temperatura<\/strong> <strong>m\u00ednima<\/strong> prevista \u00e9 de<strong> 18\u00b0C<\/strong> em <strong>Bras\u00edlia<\/strong>. J\u00e1 a <strong>m\u00e1xima<\/strong> pode chegar at\u00e9 <strong>38\u00b0C<\/strong>, em <strong>Campo<\/strong> <strong>Grande<\/strong>. A <strong>umidade<\/strong> <strong>relativa<\/strong> <strong>do<\/strong> <strong>ar<\/strong> varia entre <strong>20%<\/strong> e <strong>100%<\/strong>.<\/p>\n<p>\u00a0<\/p>\n<h2>5 motivos para acompanhar as previs\u00f5es do tempo<\/h2>\n<ul>\n<li>Agricultura: garantia de uma boa colheita;<\/li>\n<li>Marinha: prote\u00e7\u00e3o de marinheiros, navios e passageiros;<\/li>\n<li>Aeron\u00e1utica: seguran\u00e7a de pilotos, aeronaves e passageiros;<\/li>\n<li>Pesca: condi\u00e7\u00f5es favor\u00e1veis e seguras para a atividade;<\/li>\n<li>Turismo: garantia de passeios e viagens tranquilas e agrad\u00e1veis.<\/li>\n<\/ul>\n<h2>Import\u00e2ncia das observa\u00e7\u00f5es meteorol\u00f3gicas no INMET<\/h2>\n<p>As observa\u00e7\u00f5es meteorol\u00f3gicas do INMET s\u00e3o essenciais para previs\u00f5es em tempo real, estat\u00edsticas clim\u00e1ticas e coopera\u00e7\u00e3o internacional. Esses dados precisos ajudam a estudar o clima passado e a produzir Normais Climatol\u00f3gicas conforme a Organiza\u00e7\u00e3o Meteorol\u00f3gica Mundial (<a href=\"https:\/\/worldweather.wmo.int\/pt\/home.html\">OMM<\/a>).<\/p>\n<p>As informa\u00e7\u00f5es s\u00e3o do Instituto Nacional de Meteorologia (<a href=\"https:\/\/portal.inmet.gov.br\">Inmet<\/a>).<\/p>\n<p>\t\t\t\t\t\t\t\t\t\t<img loading=\"lazy\" decoding=\"async\" src=\"https:\/\/brasil61.com\/api\/v1\/serve_pixel\/17677\/86105\" alt=\"Pixel Brasil 61\" class=\"b61_pixel\" width=\"0\" height=\"0\"><\/p>\n<input type=\"hidden\" id=\"baseurl\" value=\"https:\/\/noticiasdestaque.com.br\"><input type=\"hidden\" id=\"audio_nonce\" value=\"6a24ca502e\">","protected":false},"excerpt":{"rendered":"<p>Previs\u00e3o \u00e9 de pancadas de chuva para toda a regi\u00e3o; temperaturas variam entre 18\u00b0C e 38\u00b0C<\/p>\n","protected":false},"author":1,"featured_media":47922,"comment_status":"open","ping_status":"open","sticky":false,"template":"","format":"standard","meta":{"fifu_image_url":"","fifu_image_alt":"","footnotes":""},"categories":[58],"tags":[],"class_list":["post-47921","post","type-post","status-publish","format-standard","has-post-thumbnail","hentry","category-cotidiano"],"distributor_meta":false,"distributor_terms":false,"distributor_media":false,"distributor_original_site_name":"Noticias em Destaque","distributor_original_site_url":"https:\/\/noticiasdestaque.com.br","push-errors":false,"_links":{"self":[{"href":"https:\/\/noticiasdestaque.com.br\/index.php\/wp-json\/wp\/v2\/posts\/47921","targetHints":{"allow":["GET"]}}],"collection":[{"href":"https:\/\/noticiasdestaque.com.br\/index.php\/wp-json\/wp\/v2\/posts"}],"about":[{"href":"https:\/\/noticiasdestaque.com.br\/index.php\/wp-json\/wp\/v2\/types\/post"}],"author":[{"embeddable":true,"href":"https:\/\/noticiasdestaque.com.br\/index.php\/wp-json\/wp\/v2\/users\/1"}],"replies":[{"embeddable":true,"href":"https:\/\/noticiasdestaque.com.br\/index.php\/wp-json\/wp\/v2\/comments?post=47921"}],"version-history":[{"count":0,"href":"https:\/\/noticiasdestaque.com.br\/index.php\/wp-json\/wp\/v2\/posts\/47921\/revisions"}],"wp:featuredmedia":[{"embeddable":true,"href":"https:\/\/noticiasdestaque.com.br\/index.php\/wp-json\/wp\/v2\/media\/47922"}],"wp:attachment":[{"href":"https:\/\/noticiasdestaque.com.br\/index.php\/wp-json\/wp\/v2\/media?parent=47921"}],"wp:term":[{"taxonomy":"category","embeddable":true,"href":"https:\/\/noticiasdestaque.com.br\/index.php\/wp-json\/wp\/v2\/categories?post=47921"},{"taxonomy":"post_tag","embeddable":true,"href":"https:\/\/noticiasdestaque.com.br\/index.php\/wp-json\/wp\/v2\/tags?post=47921"}],"curies":[{"name":"wp","href":"https:\/\/api.w.org\/{rel}","templated":true}]}}