{"id":47917,"date":"2025-11-27T04:45:00","date_gmt":"2025-11-27T07:45:00","guid":{"rendered":"https:\/\/noticiasdestaque.com.br\/index.php\/2025\/11\/27\/associacao-de-minerais-criticos-visa-integrar-atuacao-das-empresas\/"},"modified":"2025-11-27T04:45:00","modified_gmt":"2025-11-27T07:45:00","slug":"associacao-de-minerais-criticos-visa-integrar-atuacao-das-empresas","status":"publish","type":"post","link":"https:\/\/noticiasdestaque.com.br\/index.php\/2025\/11\/27\/associacao-de-minerais-criticos-visa-integrar-atuacao-das-empresas\/","title":{"rendered":"Associa\u00e7\u00e3o de Minerais Cr\u00edticos visa integrar atua\u00e7\u00e3o das empresas"},"content":{"rendered":"<p>O Brasil criou a <strong>Associa\u00e7\u00e3o de Minerais Cr\u00edticos (AMC)<\/strong>, uma entidade nacional para atuar em toda a cadeia desses insumos, desde a explora\u00e7\u00e3o e minera\u00e7\u00e3o at\u00e9 o processamento, tecnologia e inova\u00e7\u00e3o. A iniciativa aparece em um momento de expans\u00e3o acelerada do mercado, impulsionado pela corrida internacional por l\u00edtio, n\u00edquel, terras raras, grafite, cobre e outros minerais essenciais para baterias, energias renov\u00e1veis, eletrifica\u00e7\u00e3o e a nova economia de baixo carbono. \u201cA <strong>Associa\u00e7\u00e3o de Minerais Cr\u00edticos<\/strong> foi criada para integrar as empresas que atuam nos minerais essenciais \u00e0 transi\u00e7\u00e3o energ\u00e9tica e consolidar o Brasil como refer\u00eancia global, com inova\u00e7\u00e3o, responsabilidade socioambiental e um ambiente regulat\u00f3rio est\u00e1vel\u201d, afirma Marisa Cesar, diretora de Assuntos Corporativos e Sustentabilidade da <strong>PLS <\/strong>e presidente do conselho da <strong>AMC<\/strong>.<\/p>\n<p>A <strong>AMC <\/strong>nasce com tr\u00eas prop\u00f3sitos simult\u00e2neos: o primeiro \u00e9 atender a demanda por minerais cr\u00edticos que aumenta a cada dia e pa\u00edses buscam fornecedores confi\u00e1veis, sustent\u00e1veis e geopoliticamente est\u00e1veis; a segunda \u00e9 a necessidade de uma representa\u00e7\u00e3o t\u00e9cnica dedicada, capaz de dialogar com governo, organismos multilaterais e investidores com profundidade, especialmente em um setor onde muitas empresas ainda s\u00e3o consideradas juniores e, por \u00faltimo, a provoca\u00e7\u00e3o dos pr\u00f3prios \u00f3rg\u00e3os p\u00fablicos, que estimularam o setor privado a se organizar para contribuir de forma estruturada com a discuss\u00e3o da Pol\u00edtica Nacional de Minerais Cr\u00edticos e Estrat\u00e9gicos. \u201cA <strong>AMC <\/strong>surge para complementar o trabalho j\u00e1 muito bem desenvolvido pelas demais entidades representativas, como o <strong>IBRAM<\/strong>, e est\u00e1 alinhada aos anseios do estado brasileiro. A proposta \u00e9 preencher lacunas que afetam especialmente as empresas juniores do segmento, criando um ambiente mais estruturado para que possam dialogar com governo, investidores e organismos internacionais. Nosso objetivo \u00e9 fortalecer essa articula\u00e7\u00e3o e garantir que toda a cadeia avance com mais seguran\u00e7a jur\u00eddica, previsibilidade e competitividade\u201d, comenta Marcelo Carvalho, diretor executivo da <strong>Meteoric Brasil<\/strong> e vice-presidente do conselho da AMC.<\/p>\n<p>A atua\u00e7\u00e3o da nova associa\u00e7\u00e3o ter\u00e1 tr\u00eas eixos principais: articula\u00e7\u00e3o institucional e regulat\u00f3ria; intelig\u00eancia setorial voltada \u00e0 competitividade; e atra\u00e7\u00e3o de investimentos para impulsionar a industrializa\u00e7\u00e3o, tecnologias de baixa emiss\u00e3o e o fortalecimento do midstream, etapa considerada cr\u00edtica para que o Brasil n\u00e3o permane\u00e7a apenas como exportador de mat\u00e9ria-prima. Esses esfor\u00e7os incluem debates sobre gargalos hist\u00f3ricos como licenciamento, infraestrutura, log\u00edstica e previsibilidade regulat\u00f3ria, al\u00e9m de propostas para novos instrumentos econ\u00f4micos, como fundo garantidor e eventuais incentivos fiscais voltados \u00e0 cadeia dos minerais cr\u00edticos.<\/p>\n<p>O grupo fundador re\u00fane empresas do setor mineral e de servi\u00e7os associados, incluindo <strong>AClara, Atlantic Nickel, Centaurus, Graphcoa, Graph+, Meteoric, PLS, Viridis e Lithium Ionic<\/strong>, com apoio do escrit\u00f3rio Frederico Bedran Advogados, al\u00e9m de outras parceiras em fase final de formaliza\u00e7\u00e3o. \u201cTodas as empresas e institui\u00e7\u00f5es que atuam ou investem em minerais cr\u00edticos s\u00e3o bem-vindas. A AMC nasce para unir o setor e qualificar o debate nacional. Nosso compromisso \u00e9 criar um espa\u00e7o de di\u00e1logo t\u00e9cnico estruturado que ajude a superar gargalos hist\u00f3ricos e fomente um ambiente favor\u00e1vel a investimentos\u201d, diz Frederico Bedran, s\u00f3cio do Frederico Bedran Advogados e diretor executivo da AMC.<\/p>\n<p>A associa\u00e7\u00e3o tamb\u00e9m ter\u00e1 papel direto no apoio \u00e0 formula\u00e7\u00e3o e implementa\u00e7\u00e3o de pol\u00edticas p\u00fablicas. A <strong>AMC <\/strong>ser\u00e1 complementar ao trabalho do <strong>Conselho Nacional de Pol\u00edtica Mineral (CNPM) <\/strong>e do <strong>Grupo de Trabalho de Minerais Cr\u00edticos<\/strong>, inst\u00e2ncias centrais na defini\u00e7\u00e3o de estrat\u00e9gias para o setor. A <strong>AMC <\/strong>contribuir\u00e1 com diagn\u00f3sticos t\u00e9cnicos, an\u00e1lises e propostas, al\u00e9m de integrar o GT de Minerais Cr\u00edticos. A cria\u00e7\u00e3o da <strong>AMC <\/strong>tem implica\u00e7\u00f5es diretas para a popula\u00e7\u00e3o, uma vez que o desenvolvimento dos minerais cr\u00edticos gera empregos qualificados, cria novas oportunidades econ\u00f4micas em regi\u00f5es mineradoras, atrai investimentos em infraestrutura, fomenta inova\u00e7\u00e3o e reduz a depend\u00eancia de importa\u00e7\u00f5es em setores estrat\u00e9gicos como energia, tecnologia e telecomunica\u00e7\u00f5es. Al\u00e9m disso, padr\u00f5es <strong>ESG <\/strong>mais rigorosos garantem que o crescimento do setor seja acompanhado de benef\u00edcios sociais e ambientais concretos para comunidades. \u201cO Brasil tem condi\u00e7\u00f5es \u00fanicas para liderar esse mercado, e a AMC vai ajudar a transformar esse potencial em realidade. Nosso compromisso \u00e9 fortalecer o pa\u00eds como um dos principais hubs globais de minerais cr\u00edticos, com seguran\u00e7a jur\u00eddica, competitividade e padr\u00f5es <strong>ESG <\/strong>robustos. A <strong>AMC <\/strong>pode acelerar a transi\u00e7\u00e3o energ\u00e9tica no Brasil e garantir que o desenvolvimento mineral gere benef\u00edcios reais para as pessoas, com mais empregos qualificados, inova\u00e7\u00e3o e oportunidades para as comunidades\u201d, conclui Marisa. A imprensa poder\u00e1 acompanhar o trabalho da associa\u00e7\u00e3o por meio de publica\u00e7\u00f5es peri\u00f3dicas, notas t\u00e9cnicas, eventos p\u00fablicos e, em breve, pelo website oficial. A assessoria de comunica\u00e7\u00e3o da AMC ser\u00e1 apresentada ap\u00f3s o lan\u00e7amento completo da entidade.<\/p>\n<h2>Appian Capital adere oficialmente \u00e0 AMC<\/h2>\n<p>Fundo de investimento privado especializado em minera\u00e7\u00e3o, a <strong>Appian Capital Brazil<\/strong> aderiu oficialmente \u00e0 <strong>Associa\u00e7\u00e3o de Minerais Cr\u00edticos (AMC)<\/strong>, institui\u00e7\u00e3o que nasce para ampliar a presen\u00e7a brasileira em cadeias globais de alto valor agregado, al\u00e9m de apoiar no debate de pol\u00edticas p\u00fablicas do setor impulsionando a minera\u00e7\u00e3o brasileira em \u00e1reas onde h\u00e1 desafios e din\u00e2micas espec\u00edficas. O evento de lan\u00e7amento da <strong>AMC <\/strong>ocorrer\u00e1 na pr\u00f3xima, ter\u00e7a feira, dia 25 de novembro, em se\u00e7\u00e3o solene, em Bras\u00edlia (DF), e contar\u00e1 com a presen\u00e7a de prefeitos de regi\u00f5es miner\u00e1rias, al\u00e9m de deputados federais e estaduais envolvidos em pol\u00edticas p\u00fablicas que visam o desenvolvimento sustent\u00e1vel e respons\u00e1vel do setor. \u201cA filia\u00e7\u00e3o dos nossos ativos \u00e0 AMC refor\u00e7a o nosso compromisso com padr\u00f5es elevados de governan\u00e7a, responsabilidade socioambiental e desenvolvimento sustent\u00e1vel da cadeia mineral no Brasil. Participar desse ecossistema \u00e9 fundamental para contribuir com pol\u00edticas p\u00fablicas, impulsionar a inova\u00e7\u00e3o e garantir que a produ\u00e7\u00e3o de minerais estrat\u00e9gicos avance de forma segura, transparente e alinhada \u00e0s melhores pr\u00e1ticas globais\u201d, explica Ricardo Alves, diretor executivo da Graphcoa.<\/p>\n<p>Em seis anos de atua\u00e7\u00e3o no Brasil, atualmente com a gest\u00e3o de dois ativos, Atlantic Nickel, produtor de n\u00edquel sulfetado, mineral fundamental para baterias de ve\u00edculos el\u00e9tricos e tecnologias limpas; e Graphcoa, produtor de grafite, mineral amplamente utilizado em sistemas el\u00e9tricos e energias renov\u00e1veis, tem sido importante fomentador no Pa\u00eds da transi\u00e7\u00e3o energ\u00e9tica, o grupo que atua na produ\u00e7\u00e3o de commodities para novas fontes de energia mais limpas e sustent\u00e1veis, reafirma o seu compromisso com o fomento da transi\u00e7\u00e3o energ\u00e9tica.<\/p>\n<p>\t\t\t\t\t\t\t\t\t\t<img loading=\"lazy\" decoding=\"async\" src=\"https:\/\/brasil61.com\/api\/v1\/serve_pixel\/17677\/86089\" alt=\"Pixel Brasil 61\" class=\"b61_pixel\" width=\"0\" height=\"0\"><\/p>\n<input type=\"hidden\" id=\"baseurl\" value=\"https:\/\/noticiasdestaque.com.br\"><input type=\"hidden\" id=\"audio_nonce\" value=\"6f73a554f1\">","protected":false},"excerpt":{"rendered":"<p>&#8220;A AMC nasce para unir o setor e qualificar o debate nacional. Nosso compromisso \u00e9 criar um espa\u00e7o de di\u00e1logo t\u00e9cnico estruturado que ajude a superar gargalos hist\u00f3ricos e fomente um ambiente favor\u00e1vel a investimentos.&#8221;<\/p>\n","protected":false},"author":1,"featured_media":47918,"comment_status":"open","ping_status":"open","sticky":false,"template":"","format":"standard","meta":{"fifu_image_url":"","fifu_image_alt":"","footnotes":""},"categories":[59],"tags":[],"class_list":["post-47917","post","type-post","status-publish","format-standard","has-post-thumbnail","hentry","category-economia"],"distributor_meta":false,"distributor_terms":false,"distributor_media":false,"distributor_original_site_name":"Noticias em Destaque","distributor_original_site_url":"https:\/\/noticiasdestaque.com.br","push-errors":false,"_links":{"self":[{"href":"https:\/\/noticiasdestaque.com.br\/index.php\/wp-json\/wp\/v2\/posts\/47917","targetHints":{"allow":["GET"]}}],"collection":[{"href":"https:\/\/noticiasdestaque.com.br\/index.php\/wp-json\/wp\/v2\/posts"}],"about":[{"href":"https:\/\/noticiasdestaque.com.br\/index.php\/wp-json\/wp\/v2\/types\/post"}],"author":[{"embeddable":true,"href":"https:\/\/noticiasdestaque.com.br\/index.php\/wp-json\/wp\/v2\/users\/1"}],"replies":[{"embeddable":true,"href":"https:\/\/noticiasdestaque.com.br\/index.php\/wp-json\/wp\/v2\/comments?post=47917"}],"version-history":[{"count":0,"href":"https:\/\/noticiasdestaque.com.br\/index.php\/wp-json\/wp\/v2\/posts\/47917\/revisions"}],"wp:featuredmedia":[{"embeddable":true,"href":"https:\/\/noticiasdestaque.com.br\/index.php\/wp-json\/wp\/v2\/media\/47918"}],"wp:attachment":[{"href":"https:\/\/noticiasdestaque.com.br\/index.php\/wp-json\/wp\/v2\/media?parent=47917"}],"wp:term":[{"taxonomy":"category","embeddable":true,"href":"https:\/\/noticiasdestaque.com.br\/index.php\/wp-json\/wp\/v2\/categories?post=47917"},{"taxonomy":"post_tag","embeddable":true,"href":"https:\/\/noticiasdestaque.com.br\/index.php\/wp-json\/wp\/v2\/tags?post=47917"}],"curies":[{"name":"wp","href":"https:\/\/api.w.org\/{rel}","templated":true}]}}