{"id":47909,"date":"2025-11-27T04:45:00","date_gmt":"2025-11-27T07:45:00","guid":{"rendered":"https:\/\/noticiasdestaque.com.br\/index.php\/2025\/11\/27\/mais-de-17-mil-mulheres-participaram-da-6a-edicao-do-liberdade-para-empreender-em-sao-paulo\/"},"modified":"2025-11-27T04:45:00","modified_gmt":"2025-11-27T07:45:00","slug":"mais-de-17-mil-mulheres-participaram-da-6a-edicao-do-liberdade-para-empreender-em-sao-paulo","status":"publish","type":"post","link":"https:\/\/noticiasdestaque.com.br\/index.php\/2025\/11\/27\/mais-de-17-mil-mulheres-participaram-da-6a-edicao-do-liberdade-para-empreender-em-sao-paulo\/","title":{"rendered":"Mais de 1,7 mil mulheres participaram da 6\u00aa edi\u00e7\u00e3o do Liberdade para Empreender em S\u00e3o Paulo"},"content":{"rendered":"<p>\t\t\t\t\t\t\t\t\t\t\t<audio controls class=\"b61_audio_player\" data-noticia=\"86086\" src=\"https:\/\/brasil61.com\/rails\/active_storage\/blobs\/eyJfcmFpbHMiOnsibWVzc2FnZSI6IkJBaHBBelhHQXc9PSIsImV4cCI6bnVsbCwicHVyIjoiYmxvYl9pZCJ9fQ==--5b28df9db653a07fffa64180ccc473bec4be1656\/CACB250092A\"><\/audio><\/p>\n<p><strong>Mais de 1,7 mil mulheres<\/strong> se encontraram na<a href=\"https:\/\/www.cmecmulher.com.br\/copialiberdadeparaempreender2025\" target=\"_blank\"> 6\u00aa edi\u00e7\u00e3o do Liberdade para Empreender, em S\u00e3o Paulo<\/a>, dedicado ao <strong>fortalecimento do empreendedorismo feminino<\/strong>. O encontro reuniu <strong>empreendedoras de todas as regi\u00f5es do pa\u00eds <\/strong>num espa\u00e7o que promoveu conex\u00f5es, conhecimento pr\u00e1tico e reflex\u00f5es sobre como impulsionar produtos e servi\u00e7os com equil\u00edbrio entre a vida real e os neg\u00f3cios.\u00a0<\/p>\n<p>O evento \u00e9 promovido anualmente pelo <a href=\"https:\/\/www.cmecmulher.com.br\/\" target=\"_blank\">Conselho da Mulher Empreendedora e da Cultura (CMEC)<\/a>, com uma programa\u00e7\u00e3o extensa. Nesta edi\u00e7\u00e3o, as participantes acompanharam<strong> palestras, pain\u00e9is e oficinas com temas desde tecnologia e inova\u00e7\u00e3o at\u00e9 longevidade, lideran\u00e7a feminina e sa\u00fade emocional.<\/strong><\/p>\n<p>O tema da edi\u00e7\u00e3o 2025 foi \u201cEmpreender no Digital e Viver no Real: Equil\u00edbrio \u00e9 o Novo Sucesso\u201d.<\/p>\n<p>A presidente do CMEC, Ana Cl\u00e1udia Badra Cotait, destacou os <strong>impactos do encontro ao inspirar as empreendedoras participantes a acelerarem os seus neg\u00f3cios com confian\u00e7a e liberdade.<\/strong><\/p>\n<p>\u201cUm evento sensacional, \u00a0que traz conhecimento, inspira\u00e7\u00e3o, liberdade para as mulheres serem o que elas s\u00e3o realmente no evento. Tenho certeza que a gente transforma vidas e o evento transformou vidas. Foi um evento maravilhoso que, com os patrocinadores, com os apoiadores, trouxe o que a gente pretendia, liberdade para empreender e inspira\u00e7\u00e3o para as mulheres\u201d, ressalta Ana Cl\u00e1udia.<\/p>\n<p>Conforme o CMEC,<strong> o evento j\u00e1 soma mais de 100 mil mulheres impactadas ao longo das seis edi\u00e7\u00f5es<\/strong> <strong>e mais de 2 mil pequenos neg\u00f3cios inspirados pela programa\u00e7\u00e3o.<\/strong><\/p>\n<h2>Conex\u00f5es de mulheres empreendedoras\u00a0<\/h2>\n<p>As empreendedoras tiveram a <strong>oportunidade de fazer conex\u00f5es<\/strong>, tanto de amizade quanto de neg\u00f3cios, com mulheres de todo o pa\u00eds. A empres\u00e1ria da \u00e1rea de artesanato de Iracem\u00e1polis (SP), Priscila Norte, \u00e9 dona da Arte em Pregas (<a href=\"https:\/\/www.instagram.com\/arte_em_pregas\/\" target=\"_blank\">@arte_em_pregas<\/a>) e afirmou que o encontro \u00e9 fundamental para fomentar o networking entre as empres\u00e1rias do pa\u00eds.<\/p>\n<p>\u201cO Liberdade para Empreender \u00e9 um encontro de mulheres, de conex\u00e3o e de aprendizado que impacta tanto nos nossos neg\u00f3cios no dia a dia. Levar pra casa esse conhecimento \u00e9 fundamental\u201d, diz Priscila.<\/p>\n<p>Diretamente do Norte do pa\u00eds, a palestrante de treinamentos empresariais e uma das diretoras do CEMEC Palmas (TO), Luna Novais (<a href=\"https:\/\/www.instagram.com\/lunanovaisoficial\/\" target=\"_blank\">@lunanovaisoficial<\/a>), ressaltou o papel do encontro para instigar as empreendedoras \u00e0<strong> atualiza\u00e7\u00e3o no ramo empresarial.<\/strong><\/p>\n<p>\u201cTrabalho com palestras de treinamentos empresariais; sei da necessidade e da import\u00e2ncia da gente estar sempre se atualizando e se conectando com outras mulheres que, assim como n\u00f3s, est\u00e3o nesse mundo t\u00e3o desafiante que \u00e9 o empreendedorismo. O CEMEC est\u00e1 de parab\u00e9ns pela organiza\u00e7\u00e3o do evento, pela proposta e por permitir essa conex\u00e3o com tantas mulheres importantes, fortes, empreendedoras e que tenham cada vez mais liberdade para empreender\u201d, deseja Luna. \u00a0<\/p>\n<h2>Tecnologia e inova\u00e7\u00e3o<\/h2>\n<p><strong>Al\u00e9m de conectar mulheres, o CMEC tamb\u00e9m reuniu diferentes especialistas para abordar temas destinados a fortalecer os neg\u00f3cios femininos. O painel \u201cComo usar IA para alavancar sua vida e seus neg\u00f3cios\u201d destacou a import\u00e2ncia da adapta\u00e7\u00e3o \u00e0s tecnologias e \u00e0 modernidade para impulsionar vendas e coloca\u00e7\u00e3o no mercado.\u00a0<\/strong><\/p>\n<p>O tema foi apresentado por Fernanda Bornhausen, empres\u00e1ria, conselheira, mentora e psic\u00f3loga, e Raffael Nunes, estrategista em vendas e especialista em Intelig\u00eancia Artificial.\u00a0<\/p>\n<p>Os apresentadores mostraram diversas ferramentas que podem ser utilizadas para facilitar o dia a dia nas vendas e no marketing digital, como o Gemini 3.0 e o Genspark AI.\u00a0<\/p>\n<p>Fernanda Bornhausen disse que, com o uso de IA, as empres\u00e1rias poder\u00e3o ter mais tempo para cuidar de si e encarar os desafios cotidianos de empreender de forma mais leve. \u201cIntelig\u00eancia Artificial bem usada, al\u00e9m de ampliar a nossa intelig\u00eancia, nos faz sonhar grande\u201d, afirmou Fernanda Bornhausen durante a apresenta\u00e7\u00e3o.<\/p>\n<p>J\u00e1 no painel \u201cInovar e empreender: transformando desafios em oportunidades\u201d, a CEO investidora, Shark Tank Brasil e empreendedora serial, Cris Arcangeli, falou sobre a relev\u00e2ncia da inova\u00e7\u00e3o para as mulheres terem sucesso nos neg\u00f3cios. Segundo ela, a<strong> inova\u00e7\u00e3o ajuda a vender e a produzir conte\u00fado para as redes sociais, j\u00e1 que traz diferencia\u00e7\u00e3o para a \u00e1rea de atua\u00e7\u00e3o da mulher \u2013 seja de produtos ou servi\u00e7os. \u201cTodo neg\u00f3cio precisa ter um qu\u00ea de inova\u00e7\u00e3o, porque a inova\u00e7\u00e3o vai te ajudar a vender\u201d, apontou.<\/strong><\/p>\n<h2>Lideran\u00e7a, equil\u00edbrio emocional e amizade<\/h2>\n<p>O encontro tamb\u00e9m promoveu pain\u00e9is sobre lideran\u00e7a empresarial e equil\u00edbrio emocional. Confira os principais temas abordados:<\/p>\n<ul>\n<li>\u201cLideran\u00e7a Humanizada: confian\u00e7a e criatividade\u201d, com a atriz e palestrante Denise Fraga;<\/li>\n<li>\u201cEquil\u00edbrio das Emo\u00e7\u00f5es\u201d, com Maria Paula Fidalgo, atriz, apresentadora, escritora e psic\u00f3loga;<\/li>\n<li>\u201cEntre Amigas\u201d, com Ana Cl\u00e1udia Badra Cotait, presidente nacional do CMEC; Luiza Helena Trajano, CEO Magazine Luiza; Chieko Aoki, presidente da rede Blue Tree Towers; e S\u00f4nia Hess, vice-presidente do Grupo Mulheres do Brasil. \u00a0<\/li>\n<\/ul>\n<h2>CMEC<\/h2>\n<p>O CMEC est\u00e1 diretamente ligado \u00e0 <a href=\"https:\/\/cacb.org.br\/\" target=\"_blank\">Confedera\u00e7\u00e3o das Associa\u00e7\u00f5es Comerciais e Empresariais do Brasil (CACB)<\/a> e atua como um conselho deliberativo dentro da entidade. A Confedera\u00e7\u00e3o oferta estrutura e o suporte para o funcionamento do CMEC Nacional \u2013 que tem como foco fortalecer e incentivar o empreendedorismo feminino em todo o territ\u00f3rio nacional, por meio da rede das Associa\u00e7\u00f5es Comerciais. \u00a0<br \/>\n\u00a0<\/p>\n<p>\t\t\t\t\t\t\t\t\t\t<img loading=\"lazy\" decoding=\"async\" src=\"https:\/\/brasil61.com\/api\/v1\/serve_pixel\/17677\/86086\" alt=\"Pixel Brasil 61\" class=\"b61_pixel\" width=\"0\" height=\"0\"><\/p>\n<input type=\"hidden\" id=\"baseurl\" value=\"https:\/\/noticiasdestaque.com.br\"><input type=\"hidden\" id=\"audio_nonce\" value=\"6f73a554f1\">","protected":false},"excerpt":{"rendered":"<p>Evento do CMEC reuniu empreendedoras de todo o pa\u00eds para debater tecnologia, inova\u00e7\u00e3o, lideran\u00e7a e equil\u00edbrio entre vida e neg\u00f3cios <\/p>\n","protected":false},"author":1,"featured_media":47910,"comment_status":"open","ping_status":"open","sticky":false,"template":"","format":"standard","meta":{"fifu_image_url":"","fifu_image_alt":"","footnotes":""},"categories":[59],"tags":[],"class_list":["post-47909","post","type-post","status-publish","format-standard","has-post-thumbnail","hentry","category-economia"],"distributor_meta":false,"distributor_terms":false,"distributor_media":false,"distributor_original_site_name":"Noticias em Destaque","distributor_original_site_url":"https:\/\/noticiasdestaque.com.br","push-errors":false,"_links":{"self":[{"href":"https:\/\/noticiasdestaque.com.br\/index.php\/wp-json\/wp\/v2\/posts\/47909","targetHints":{"allow":["GET"]}}],"collection":[{"href":"https:\/\/noticiasdestaque.com.br\/index.php\/wp-json\/wp\/v2\/posts"}],"about":[{"href":"https:\/\/noticiasdestaque.com.br\/index.php\/wp-json\/wp\/v2\/types\/post"}],"author":[{"embeddable":true,"href":"https:\/\/noticiasdestaque.com.br\/index.php\/wp-json\/wp\/v2\/users\/1"}],"replies":[{"embeddable":true,"href":"https:\/\/noticiasdestaque.com.br\/index.php\/wp-json\/wp\/v2\/comments?post=47909"}],"version-history":[{"count":0,"href":"https:\/\/noticiasdestaque.com.br\/index.php\/wp-json\/wp\/v2\/posts\/47909\/revisions"}],"wp:featuredmedia":[{"embeddable":true,"href":"https:\/\/noticiasdestaque.com.br\/index.php\/wp-json\/wp\/v2\/media\/47910"}],"wp:attachment":[{"href":"https:\/\/noticiasdestaque.com.br\/index.php\/wp-json\/wp\/v2\/media?parent=47909"}],"wp:term":[{"taxonomy":"category","embeddable":true,"href":"https:\/\/noticiasdestaque.com.br\/index.php\/wp-json\/wp\/v2\/categories?post=47909"},{"taxonomy":"post_tag","embeddable":true,"href":"https:\/\/noticiasdestaque.com.br\/index.php\/wp-json\/wp\/v2\/tags?post=47909"}],"curies":[{"name":"wp","href":"https:\/\/api.w.org\/{rel}","templated":true}]}}