{"id":47875,"date":"2025-11-26T04:40:00","date_gmt":"2025-11-26T07:40:00","guid":{"rendered":"https:\/\/noticiasdestaque.com.br\/index.php\/2025\/11\/26\/evento-inspira-empreendedoras-a-equilibrar-negocio-com-vida-real\/"},"modified":"2025-11-27T23:07:17","modified_gmt":"2025-11-28T02:07:17","slug":"evento-inspira-empreendedoras-a-equilibrar-negocio-com-vida-real","status":"publish","type":"post","link":"https:\/\/noticiasdestaque.com.br\/index.php\/2025\/11\/26\/evento-inspira-empreendedoras-a-equilibrar-negocio-com-vida-real\/","title":{"rendered":"Evento inspira empreendedoras a equilibrar neg\u00f3cio com vida real"},"content":{"rendered":"<p>\t\t\t\t\t\t\t\t\t\t<audio controls class=\"b61_audio_player\" data-noticia=\"86052\" src=\"https:\/\/brasil61.com\/rails\/active_storage\/blobs\/eyJfcmFpbHMiOnsibWVzc2FnZSI6IkJBaHBBNGZFQXc9PSIsImV4cCI6bnVsbCwicHVyIjoiYmxvYl9pZCJ9fQ==--3aee8080a43cb880d05e6e8f8a028ade7d0e0459\/CACB250091A\"><\/audio><\/p>\n<p>A <strong><a href=\"https:\/\/brasil61.com\/n\/sao-paulo-sp-equilibrio-entre-vida-real-e-digital-guia-6-edicao-do-liberdade-para-empreender-cacb250089\" target=\"_blank\">6\u00aa edi\u00e7\u00e3o do Liberdade para Empreender<\/a><\/strong> aconteceu nesta ter\u00e7a-feira (25) na capital paulista, com foco no fortalecimento do protagonismo feminino e na oferta de ferramentas pr\u00e1ticas para equilibrar vida profissional, pessoal e digital. Com o tema <strong>\u201cEmpreender no Digital e Viver no Real: Equil\u00edbrio \u00e9 o Novo Sucesso\u201d<\/strong>, o evento reuniu mulheres de v\u00e1rias regi\u00f5es do pa\u00eds e estimulou novas perspectivas para quem busca crescer no mundo dos neg\u00f3cios.<\/p>\n<p>Entre as participantes estava a empreendedora <strong>Lucimara Augusto<\/strong>, propriet\u00e1ria da <strong>Danega Conservas<\/strong>, de Presidente Prudente (SP). \u201cEu estou levando para a minha regi\u00e3o algo de grande import\u00e2ncia para a minha empresa, minha comunidade e minha cidade. Fazer parte deste movimento de empreendedorismo feminino com certeza me deu<strong> um grande start de que juntos somos mais fortes<\/strong> e levamos <strong>conhecimentos que v\u00e3o nos seguir para o resto da vida<\/strong>\u201d, compartilhou com a reportagem.<\/p>\n<p>J\u00e1 <strong>Grazielle Nogueira Oliveira<\/strong>, dona da <strong>Arome Almas Importadas<\/strong>, em Iracem\u00e1polis (SP), participou\u00a0pela segunda vez do evento. \u201c\u00c9 um evento com muita tecnologia e palestras tops sobre IA. Sou muito grata em fazer parte de mais de um ano deste evento e eu estou saindo daqui com muita bagagem para poder ampliar e praticar no meu neg\u00f3cio\u201d, relatou.<\/p>\n<p>Para a presidente do Conselho Nacional da Mulher Empreendedora e da Cultura (CMEC), Ana Cl\u00e1udia Badra Cotait, eventos como o <strong>Liberdade para Empreender<\/strong> desempenham papel essencial na forma\u00e7\u00e3o e inspira\u00e7\u00e3o de novas empreendedoras. \u201cS\u00e3o momentos que nos permitem ouvir <strong>hist\u00f3rias que nos impulsionam a ir al\u00e9m<\/strong>. S\u00e3o espa\u00e7os de conhecimento que ampliam nossa vis\u00e3o e nos oferecem novas ferramentas para crescer. E s\u00e3o oportunidades valiosas de networking, onde conex\u00f5es se transformam em neg\u00f3cios\u201d, ressaltou.<\/p>\n<h2>Mais de 10 mil mulheres beneficiadas<\/h2>\n<p>Segundo o CMEC, as edi\u00e7\u00f5es anteriores j\u00e1 impactaram mais de <strong>100 mil mulheres<\/strong> e movimentaram mais de <strong>2 mil pequenos neg\u00f3cios<\/strong>.<\/p>\n<p>Entre os principais pain\u00e9is e palestras desta 6\u00aa edi\u00e7\u00e3o se destacaram:<\/p>\n<ul>\n<li><strong>\u201cInovar e Empreender: transformando desafios em oportunidades\u201d<\/strong>, com Cris Arcangeli, CEO investidora, Shark Tank Brasil e empreendedora serial;<\/li>\n<li><strong>\u201cComo usar IA para alavancar sua vida e seus neg\u00f3cios\u201d<\/strong>, com Fernanda Bornhausen, empres\u00e1ria, conselheira, mentora, psic\u00f3loga e criadora do m\u00e9todo SEDO, e Raffael Nunes, estrategista em vendas e especialista em Intelig\u00eancia Artificial;<\/li>\n<li><strong>\u201cLideran\u00e7a Humanizada: confian\u00e7a e criatividade\u201d<\/strong>, com a atriz e palestrante Denise Fraga;<\/li>\n<li><strong>\u201cEquil\u00edbrio das Emo\u00e7\u00f5es\u201d<\/strong>, com Maria Paula Fidalgo, atriz, apresentadora, escritora e psic\u00f3loga;<\/li>\n<li><strong>\u201cEntre Amigas\u201d<\/strong>, com Ana Cl\u00e1udia Badra Cotait, presidente nacional do CMEC; Luiza Helena Trajano, CEO Magazine Luiza; Chieko Aoki, presidente da rede Blue Tree Towers; e S\u00f4nia Hess, vice-presidente do Grupo Mulheres do Brasil.\u00a0<\/li>\n<\/ul>\n<h2>Mulheres em destaque nos neg\u00f3cios<\/h2>\n<p>Tamb\u00e9m presente no Liberdade para Empreender, o presidente da Confedera\u00e7\u00e3o das Associa\u00e7\u00f5es Comerciais e Empresariais do Brasil (<a href=\"https:\/\/cacb.org.br\/cacb-cmec-liberdade-empreender-2\/\" target=\"_blank\">CACB<\/a>), Alfredo Cotait Neto, avaliou que as mulheres demonstram maior empenho na lideran\u00e7a e na gest\u00e3o de neg\u00f3cios no Brasil do que os homens. \u201c<strong>As mulheres conseguem se empenhar melhor que os homens<\/strong>, desde o come\u00e7o da instala\u00e7\u00e3o do seu neg\u00f3cio, empresa ou loja\u201d, afirmou em entrevista ao Brasil 61.\u00a0<\/p>\n<p>\u201cNa verdade, os pequenos neg\u00f3cios s\u00e3o a base da economia brasileira. Por isso \u00e9 muito importante e, cada vez mais, a nossa Confedera\u00e7\u00e3o das Associa\u00e7\u00f5es Comerciais tem fomentado e ajudado muito esse movimento do empreendedorismo feminino no pa\u00eds\u201d, ressaltou.\u00a0<\/p>\n<p>Cotait tamb\u00e9m defendeu que o governo amplie o olhar sobre o setor e desenvolva pol\u00edticas p\u00fablicas capazes de incentivar e fortalecer a atua\u00e7\u00e3o das mulheres empreendedoras.<\/p>\n<h2>Conselho Nacional da Mulher Empreendedora e da Cultura<\/h2>\n<p>Em 2002, a CACB instituiu uma rede de mulheres atuantes em diferentes setores da economia, com o objetivo de se tornar o principal espa\u00e7o de conex\u00e3o, desenvolvimento e fortalecimento do empreendedorismo feminino no pa\u00eds. Sob a lideran\u00e7a de Ana Cl\u00e1udia Badra Cotait, essa rede expandiu sua atua\u00e7\u00e3o em 2019, alcan\u00e7ando proje\u00e7\u00e3o nacional e reunindo mais de <strong>950 conselhos em todo o Brasil<\/strong>. A partir dessa transforma\u00e7\u00e3o, passou a se chamar <strong><a href=\"https:\/\/www.cmecmulher.com.br\/\" target=\"_blank\">Conselho Nacional da Mulher Empreendedora e da Cultura<\/a><\/strong> (CMEC).<\/p>\n<p>O espa\u00e7o gera debates sobre grandes temas nacionais que impactam a economia, al\u00e9m de atuar como instrumento para que as lideran\u00e7as femininas discutam seus desafios e proponham solu\u00e7\u00f5es para a comunidade empresarial. Uma dessas iniciativas \u00e9 justamente o <strong>Liberdade para Empreender<\/strong>.<\/p>\n<p>Presente ao evento, a presidente do CMEC Nacional, Ana Cl\u00e1udia Badra Cotait, destacou a relev\u00e2ncia crescente da mulher empreendedora para o desenvolvimento econ\u00f4mico. \u201cA mulher empreendedora hoje no mercado de trabalho \u00e9 important\u00edssima, ela agrega valor. E com certeza n\u00f3s, CMEC Nacional, trazemos isso para a mulher: conseguimos capacitar, informar, conhecer e trazer a mulher para esse mercado t\u00e3o importante que \u00e9 o mercado de trabalho empreendedor feminino\u201d, afirmou ao Brasil 61.<\/p>\n<p>Mais detalhes est\u00e3o dispon\u00edveis no <a href=\"https:\/\/www.cmecmulher.com.br\/copialiberdadeparaempreender2025\" target=\"_blank\">site oficial<\/a> do <strong>Liberdade para Empreender 2025<\/strong>.<\/p>\n<p>\t\t\t\t\t\t\t\t\t<img loading=\"lazy\" decoding=\"async\" src=\"https:\/\/brasil61.com\/api\/v1\/serve_pixel\/17677\/86052\" alt=\"Pixel Brasil 61\" class=\"b61_pixel\" width=\"0\" height=\"0\"><\/p>\n<input type=\"hidden\" id=\"baseurl\" value=\"https:\/\/noticiasdestaque.com.br\"><input type=\"hidden\" id=\"audio_nonce\" value=\"6f73a554f1\">","protected":false},"excerpt":{"rendered":"<p>Com mais de 100 mil mulheres impactadas, o Liberdade para Empreender se destaca como refer\u00eancia nacional no apoio ao empreendedorismo feminino<\/p>\n","protected":false},"author":1,"featured_media":47934,"comment_status":"open","ping_status":"open","sticky":false,"template":"","format":"standard","meta":{"fifu_image_url":"","fifu_image_alt":"","footnotes":""},"categories":[59],"tags":[],"class_list":["post-47875","post","type-post","status-publish","format-standard","has-post-thumbnail","hentry","category-economia"],"distributor_meta":false,"distributor_terms":false,"distributor_media":false,"distributor_original_site_name":"Noticias em Destaque","distributor_original_site_url":"https:\/\/noticiasdestaque.com.br","push-errors":false,"_links":{"self":[{"href":"https:\/\/noticiasdestaque.com.br\/index.php\/wp-json\/wp\/v2\/posts\/47875","targetHints":{"allow":["GET"]}}],"collection":[{"href":"https:\/\/noticiasdestaque.com.br\/index.php\/wp-json\/wp\/v2\/posts"}],"about":[{"href":"https:\/\/noticiasdestaque.com.br\/index.php\/wp-json\/wp\/v2\/types\/post"}],"author":[{"embeddable":true,"href":"https:\/\/noticiasdestaque.com.br\/index.php\/wp-json\/wp\/v2\/users\/1"}],"replies":[{"embeddable":true,"href":"https:\/\/noticiasdestaque.com.br\/index.php\/wp-json\/wp\/v2\/comments?post=47875"}],"version-history":[{"count":1,"href":"https:\/\/noticiasdestaque.com.br\/index.php\/wp-json\/wp\/v2\/posts\/47875\/revisions"}],"predecessor-version":[{"id":47933,"href":"https:\/\/noticiasdestaque.com.br\/index.php\/wp-json\/wp\/v2\/posts\/47875\/revisions\/47933"}],"wp:featuredmedia":[{"embeddable":true,"href":"https:\/\/noticiasdestaque.com.br\/index.php\/wp-json\/wp\/v2\/media\/47934"}],"wp:attachment":[{"href":"https:\/\/noticiasdestaque.com.br\/index.php\/wp-json\/wp\/v2\/media?parent=47875"}],"wp:term":[{"taxonomy":"category","embeddable":true,"href":"https:\/\/noticiasdestaque.com.br\/index.php\/wp-json\/wp\/v2\/categories?post=47875"},{"taxonomy":"post_tag","embeddable":true,"href":"https:\/\/noticiasdestaque.com.br\/index.php\/wp-json\/wp\/v2\/tags?post=47875"}],"curies":[{"name":"wp","href":"https:\/\/api.w.org\/{rel}","templated":true}]}}