{"id":47873,"date":"2025-11-26T04:30:00","date_gmt":"2025-11-26T07:30:00","guid":{"rendered":"https:\/\/noticiasdestaque.com.br\/index.php\/2025\/11\/26\/portos-do-sul-registram-alta-de-14-e-lideram-retomada-logistica-em-2025\/"},"modified":"2025-11-26T07:37:36","modified_gmt":"2025-11-26T10:37:36","slug":"portos-do-sul-registram-alta-de-14-e-lideram-retomada-logistica-em-2025","status":"publish","type":"post","link":"https:\/\/noticiasdestaque.com.br\/index.php\/2025\/11\/26\/portos-do-sul-registram-alta-de-14-e-lideram-retomada-logistica-em-2025\/","title":{"rendered":"Portos do Sul registram alta de 14% e lideram retomada log\u00edstica em 2025"},"content":{"rendered":"<p>\t\t\t\t\t\t\t\t\t\t<audio controls class=\"b61_audio_player\" data-noticia=\"86056\" src=\"https:\/\/brasil61.com\/rails\/active_storage\/blobs\/eyJfcmFpbHMiOnsibWVzc2FnZSI6IkJBaHBBNDdFQXc9PSIsImV4cCI6bnVsbCwicHVyIjoiYmxvYl9pZCJ9fQ==--bb835dc9347587e84bc261413531ae64f5d8eae6\/MPOR250134A\"><\/audio><\/p>\n<p>Os portos p\u00fablicos da <strong>Regi\u00e3o Sul<\/strong> registraram um crescimento de 14,02% na movimenta\u00e7\u00e3o de cargas no terceiro trimestre de 2025, em compara\u00e7\u00e3o ao mesmo per\u00edodo de 2024. O levantamento, divulgado pela<strong> Ag\u00eancia Nacional de Transportes Aquavi\u00e1rios (Antaq)<\/strong>, indica retomada das opera\u00e7\u00f5es log\u00edsticas ap\u00f3s os impactos clim\u00e1ticos enfrentados no ano anterior.<\/p>\n<p>Entre julho e setembro, as estruturas p\u00fablicas movimentaram 37 milh\u00f5es de toneladas, resultado que superou o desempenho m\u00e9dio regional, de 8,65%. Esse avan\u00e7o consolidou os portos p\u00fablicos como protagonistas na recupera\u00e7\u00e3o da atividade portu\u00e1ria do Sul, revelando um cen\u00e1rio de diversifica\u00e7\u00e3o de cargas e crescimento das opera\u00e7\u00f5es de maior valor agregado.<\/p>\n<p>O <strong>Porto de Paranagu\u00e1 (PR)<\/strong> aparece como destaque, com 19,1 milh\u00f5es de toneladas movimentadas, seguido pelo <strong>Porto de Rio Grande (RS)<\/strong>, com 9,1 milh\u00f5es. Ambos mant\u00eam papel estrat\u00e9gico no escoamento da produ\u00e7\u00e3o agr\u00edcola e industrial do pa\u00eds, al\u00e9m de refor\u00e7ar a import\u00e2ncia da infraestrutura p\u00fablica para o com\u00e9rcio exterior brasileiro.<\/p>\n<p>Uma das \u00e1reas que apresentou maior evolu\u00e7\u00e3o foi a de movimenta\u00e7\u00e3o de cont\u00eaineres. O segmento avan\u00e7ou 62,46%, totalizando 8,4 milh\u00f5es de toneladas nos portos p\u00fablicos da regi\u00e3o. Esse tipo de opera\u00e7\u00e3o, que exige mais tecnologia e gest\u00e3o especializada, reflete o avan\u00e7o da log\u00edstica de valor agregado, especialmente voltada \u00e0 exporta\u00e7\u00e3o de produtos industrializados e bens de consumo.<\/p>\n<p>\u201cQuando olhamos para os portos de Paranagu\u00e1 e Rio Grande, puxando o desempenho, vimos um salto de mais de 60% na movimenta\u00e7\u00e3o de cont\u00eaineres, fica evidente que a regi\u00e3o est\u00e1 retomando o ritmo com mais valor agregado, mais tecnologia e mais efic\u00e1cia. Esse avan\u00e7o refor\u00e7a o papel estrat\u00e9gico dos portos p\u00fablicos na economia nacional, ampliando as exporta\u00e7\u00f5es e garantindo abastecimento e fortalecendo a integra\u00e7\u00e3o log\u00edstica do nosso pa\u00eds\u201d, analisa o secret\u00e1rio Nacional de Portos, Alex \u00c1vila.<\/p>\n<h2>Com\u00e9rcio exterior e cabotagem em alta<\/h2>\n<p>O levantamento da Anac aponta ainda que as exporta\u00e7\u00f5es pelos portos p\u00fablicos cresceram 13,55%, enquanto as importa\u00e7\u00f5es registraram aumento de 8,59%. Um dos principais impulsos veio da importa\u00e7\u00e3o de adubos e fertilizantes, que somaram 5,9 milh\u00f5es de toneladas. De acordo com o Minist\u00e9rio de Portos e Aeroportos, o dado sinaliza que o setor agropecu\u00e1rio j\u00e1 se prepara para garantir a produtividade da pr\u00f3xima safra.<\/p>\n<p>Outro ponto de destaque foi o avan\u00e7o da cabotagem, que teve alta de 29,65% no per\u00edodo. Para o minist\u00e9rio, o crescimento refor\u00e7a o papel dos portos p\u00fablicos na integra\u00e7\u00e3o da malha log\u00edstica nacional.<\/p>\n<p>\t\t\t\t\t\t\t\t\t<img loading=\"lazy\" decoding=\"async\" src=\"https:\/\/brasil61.com\/api\/v1\/serve_pixel\/17677\/86056\" alt=\"Pixel Brasil 61\" class=\"b61_pixel\" width=\"0\" height=\"0\"><\/p>\n<input type=\"hidden\" id=\"baseurl\" value=\"https:\/\/noticiasdestaque.com.br\"><input type=\"hidden\" id=\"audio_nonce\" value=\"6f73a554f1\">","protected":false},"excerpt":{"rendered":"<p>Crescimento expressivo de cont\u00eaineres e avan\u00e7o da cabotagem impulsionam desempenho regional<\/p>\n","protected":false},"author":1,"featured_media":47884,"comment_status":"open","ping_status":"open","sticky":false,"template":"","format":"standard","meta":{"fifu_image_url":"","fifu_image_alt":"","footnotes":""},"categories":[59],"tags":[],"class_list":["post-47873","post","type-post","status-publish","format-standard","has-post-thumbnail","hentry","category-economia"],"distributor_meta":false,"distributor_terms":false,"distributor_media":false,"distributor_original_site_name":"Noticias em Destaque","distributor_original_site_url":"https:\/\/noticiasdestaque.com.br","push-errors":false,"_links":{"self":[{"href":"https:\/\/noticiasdestaque.com.br\/index.php\/wp-json\/wp\/v2\/posts\/47873","targetHints":{"allow":["GET"]}}],"collection":[{"href":"https:\/\/noticiasdestaque.com.br\/index.php\/wp-json\/wp\/v2\/posts"}],"about":[{"href":"https:\/\/noticiasdestaque.com.br\/index.php\/wp-json\/wp\/v2\/types\/post"}],"author":[{"embeddable":true,"href":"https:\/\/noticiasdestaque.com.br\/index.php\/wp-json\/wp\/v2\/users\/1"}],"replies":[{"embeddable":true,"href":"https:\/\/noticiasdestaque.com.br\/index.php\/wp-json\/wp\/v2\/comments?post=47873"}],"version-history":[{"count":1,"href":"https:\/\/noticiasdestaque.com.br\/index.php\/wp-json\/wp\/v2\/posts\/47873\/revisions"}],"predecessor-version":[{"id":47883,"href":"https:\/\/noticiasdestaque.com.br\/index.php\/wp-json\/wp\/v2\/posts\/47873\/revisions\/47883"}],"wp:featuredmedia":[{"embeddable":true,"href":"https:\/\/noticiasdestaque.com.br\/index.php\/wp-json\/wp\/v2\/media\/47884"}],"wp:attachment":[{"href":"https:\/\/noticiasdestaque.com.br\/index.php\/wp-json\/wp\/v2\/media?parent=47873"}],"wp:term":[{"taxonomy":"category","embeddable":true,"href":"https:\/\/noticiasdestaque.com.br\/index.php\/wp-json\/wp\/v2\/categories?post=47873"},{"taxonomy":"post_tag","embeddable":true,"href":"https:\/\/noticiasdestaque.com.br\/index.php\/wp-json\/wp\/v2\/tags?post=47873"}],"curies":[{"name":"wp","href":"https:\/\/api.w.org\/{rel}","templated":true}]}}