{"id":47871,"date":"2025-11-26T04:20:00","date_gmt":"2025-11-26T07:20:00","guid":{"rendered":"https:\/\/noticiasdestaque.com.br\/index.php\/2025\/11\/26\/13o-salario-prazo-para-pagamento-e-antecipado-para-sexta-feira-28\/"},"modified":"2025-11-26T04:20:00","modified_gmt":"2025-11-26T07:20:00","slug":"13o-salario-prazo-para-pagamento-e-antecipado-para-sexta-feira-28","status":"publish","type":"post","link":"https:\/\/noticiasdestaque.com.br\/index.php\/2025\/11\/26\/13o-salario-prazo-para-pagamento-e-antecipado-para-sexta-feira-28\/","title":{"rendered":"13\u00ba sal\u00e1rio: prazo para pagamento \u00e9 antecipado para sexta-feira (28)"},"content":{"rendered":"<p>\t\t\t\t\t\t\t\t\t\t\t<audio controls class=\"b61_audio_player\" data-noticia=\"86051\" src=\"https:\/\/brasil61.com\/rails\/active_storage\/blobs\/eyJfcmFpbHMiOnsibWVzc2FnZSI6IkJBaHBBNERFQXc9PSIsImV4cCI6bnVsbCwicHVyIjoiYmxvYl9pZCJ9fQ==--c7becaa274dcab661e078036230419d530b67eb2\/BRAS2515212A\"><\/audio><\/p>\n<p>O <strong>pagamento da primeira parcela <\/strong>ou <strong>parcela \u00fanica<\/strong> <strong>do 13\u00b0 sal\u00e1rio<\/strong> deve ser efetuado <strong>at\u00e9 sexta-feira (28)<\/strong>, prazo antecipado j\u00e1 que <strong>o <a href=\"https:\/\/brasil61.com\/n\/13-salario-empresas-tem-ate-30-de-novembro-para-pagar-primeira-parcela-aos-trabalhadores-bras2515108\" target=\"_blank\">prazo oficial\u00a0de 30 de novembro<\/a> cair\u00e1 em um domingo<\/strong>. A data para efetiva\u00e7\u00e3o da segunda parcela continua prevista para\u00a020 de dezembro. A defini\u00e7\u00e3o do formato de pagamento em valor integral ou duas parcelas \u00e9 feita pelas empresas empregadoras.\u00a0<\/p>\n<p>De acordo com <strong>a\u00a0<a href=\"https:\/\/www.camara.leg.br\/proposicoesWeb\/prop_mostrarintegra?codteor=644237\" target=\"_blank\">Lei 4.090\/62<\/a><\/strong>, o trabalhador que desempenhou atividades em um <strong>per\u00edodo de 15 dias ou mais durante um ano<\/strong> e <strong>n\u00e3o foi demitido por justa causa<\/strong>, tem <strong>direito ao 13\u00b0 sal\u00e1rio<\/strong>, que \u00e9 considerado um marco nos direitos trabalhistas do pa\u00eds.\u00a0O trabalhador tem garantido o direito de receber, <strong>a cada m\u00eas trabalhado, um valor adicional equivalente a 1\/12 do sal\u00e1rio referente ao ano<\/strong> em quest\u00e3o.\u00a0Desse valor, s\u00e3o descontados o Imposto de Renda e a contribui\u00e7\u00e3o ao INSS, da mesma forma que j\u00e1 acontece mensalmente com o sal\u00e1rio.<\/p>\n<h2>Como o 13\u00b0 \u00e9 calculado?<\/h2>\n<p>O \u00a0valor da gratifica\u00e7\u00e3o de natal \u00e9 proporcional ao per\u00edodo trabalhado. Ou seja, <strong>se o colaborador trabalhou 12 meses, o valor do 13\u00b0 deve corresponder ao total de seu sal\u00e1rio mensal.<\/strong> J\u00e1 no cen\u00e1rio em que a pessoa trabalhou apenas 6 meses no ano, o b\u00f4nus natalino corresponder\u00e1 a 50% da sua remunera\u00e7\u00e3o.<\/p>\n<p><strong>Confira como fazer o c\u00e1culo da primeira parcela:<\/strong><\/p>\n<ul>\n<li>Dividir o valor do sal\u00e1rio bruto mensal por 12;<\/li>\n<li>Multiplicar o resultado pelo n\u00famero de meses trabalhados;<\/li>\n<li>Dividir o resultado por 2 para obter o valor da primeira parcela do 13\u00ba.<\/li>\n<\/ul>\n<p>\u00a0<\/p>\n<p>\t\t\t\t\t\t\t\t\t\t<img loading=\"lazy\" decoding=\"async\" src=\"https:\/\/brasil61.com\/api\/v1\/serve_pixel\/17677\/86051\" alt=\"Pixel Brasil 61\" class=\"b61_pixel\" width=\"0\" height=\"0\"><\/p>\n<input type=\"hidden\" id=\"baseurl\" value=\"https:\/\/noticiasdestaque.com.br\"><input type=\"hidden\" id=\"audio_nonce\" value=\"6f73a554f1\">","protected":false},"excerpt":{"rendered":"<p>Segunda parcela continua prevista para\u00a020 de dezembro<\/p>\n","protected":false},"author":1,"featured_media":47872,"comment_status":"open","ping_status":"open","sticky":false,"template":"","format":"standard","meta":{"fifu_image_url":"","fifu_image_alt":"","footnotes":""},"categories":[59],"tags":[],"class_list":["post-47871","post","type-post","status-publish","format-standard","has-post-thumbnail","hentry","category-economia"],"distributor_meta":false,"distributor_terms":false,"distributor_media":false,"distributor_original_site_name":"Noticias em Destaque","distributor_original_site_url":"https:\/\/noticiasdestaque.com.br","push-errors":false,"_links":{"self":[{"href":"https:\/\/noticiasdestaque.com.br\/index.php\/wp-json\/wp\/v2\/posts\/47871","targetHints":{"allow":["GET"]}}],"collection":[{"href":"https:\/\/noticiasdestaque.com.br\/index.php\/wp-json\/wp\/v2\/posts"}],"about":[{"href":"https:\/\/noticiasdestaque.com.br\/index.php\/wp-json\/wp\/v2\/types\/post"}],"author":[{"embeddable":true,"href":"https:\/\/noticiasdestaque.com.br\/index.php\/wp-json\/wp\/v2\/users\/1"}],"replies":[{"embeddable":true,"href":"https:\/\/noticiasdestaque.com.br\/index.php\/wp-json\/wp\/v2\/comments?post=47871"}],"version-history":[{"count":0,"href":"https:\/\/noticiasdestaque.com.br\/index.php\/wp-json\/wp\/v2\/posts\/47871\/revisions"}],"wp:featuredmedia":[{"embeddable":true,"href":"https:\/\/noticiasdestaque.com.br\/index.php\/wp-json\/wp\/v2\/media\/47872"}],"wp:attachment":[{"href":"https:\/\/noticiasdestaque.com.br\/index.php\/wp-json\/wp\/v2\/media?parent=47871"}],"wp:term":[{"taxonomy":"category","embeddable":true,"href":"https:\/\/noticiasdestaque.com.br\/index.php\/wp-json\/wp\/v2\/categories?post=47871"},{"taxonomy":"post_tag","embeddable":true,"href":"https:\/\/noticiasdestaque.com.br\/index.php\/wp-json\/wp\/v2\/tags?post=47871"}],"curies":[{"name":"wp","href":"https:\/\/api.w.org\/{rel}","templated":true}]}}