{"id":47856,"date":"2025-11-25T21:25:00","date_gmt":"2025-11-26T00:25:00","guid":{"rendered":"https:\/\/noticiasdestaque.com.br\/index.php\/2025\/11\/25\/previsao-do-tempo-quarta-feira-26-com-muitas-nuvens-e-pancadas-de-chuva-no-sudeste\/"},"modified":"2025-11-25T21:25:00","modified_gmt":"2025-11-26T00:25:00","slug":"previsao-do-tempo-quarta-feira-26-com-muitas-nuvens-e-pancadas-de-chuva-no-sudeste","status":"publish","type":"post","link":"https:\/\/noticiasdestaque.com.br\/index.php\/2025\/11\/25\/previsao-do-tempo-quarta-feira-26-com-muitas-nuvens-e-pancadas-de-chuva-no-sudeste\/","title":{"rendered":"PREVIS\u00c3O DO TEMPO: quarta-feira (26) com muitas nuvens e pancadas de chuva no Sudeste"},"content":{"rendered":"<p>\t\t\t\t\t\t\t\t\t\t\t<audio controls class=\"b61_audio_player\" data-noticia=\"86047\" src=\"https:\/\/brasil61.com\/rails\/active_storage\/blobs\/eyJfcmFpbHMiOnsibWVzc2FnZSI6IkJBaHBBMzdFQXc9PSIsImV4cCI6bnVsbCwicHVyIjoiYmxvYl9pZCJ9fQ==--6b7862b42cb6127407bd8b742e8db7afc7cba295\/PTSD254263A\"><\/audio><\/p>\n<p>A <strong>previs\u00e3o do tempo para a regi\u00e3o Sudeste<\/strong> do pa\u00eds, nesta <strong>quarta-feira (26)<\/strong>, \u00e9 de c\u00e9u com muitas nuvens e pancadas de chuva isoladas.<\/p>\n<p>O <strong>Instituto Nacional de Meteorologia (Inmet) emitiu v\u00e1rios alertas para a regi\u00e3o<\/strong>. O <strong>alerta para perigo potencial de chuvas intensas, no per\u00edodo da manh\u00e3<\/strong>, atinge a faixa costeira de S\u00e3o Paulo at\u00e9 a Baixada Litor\u00e2nea do Rio de Janeiro, em S\u00e3o Pedro da Aldeia, e em alguns munic\u00edpios de Minas Gerais, como em Cristina.<\/p>\n<p>O <strong>Inmet adverte sobre perigo potencial de tempestade<\/strong> do Centro Fluminense \u00e0s Baixadas, em Maca\u00e9, e em uma faixa no territ\u00f3rio mineiro, da Zona da Mata at\u00e9 o Noroeste de Minas, de Juiz de Fora a Paracatu, como tamb\u00e9m na capital Belo Horizonte. <strong>O risco de tempestade \u00e9 maior <\/strong>no Esp\u00edrito Santo e no norte de Minas e no Rio de Janeiro.\u00a0<\/p>\n<p>O dia come\u00e7a com muitas nuvens em toda regi\u00e3o. Pancadas de chuva atingem todo estado de Minas, quase todo estado paulista, exceto em Presidente Prudente e\u00a0Itapetininga, em que o c\u00e9u \u00e9 de muitas nuvens. A mesma condi\u00e7\u00e3o afeta as regi\u00f5es do Rio de Janeiro e do Esp\u00edrito Santo\u00a0pr\u00f3ximas ao territ\u00f3rio mineiro, como em Petr\u00f3polis e Nova Ven\u00e9cia, respectivamente. O litoral do Sudeste amanhece com possibilidade de chuvas isoladas.<\/p>\n<p>O per\u00edodo da tarde \u00e9 marcado pelo enfraquecimento das chuvas. Em Minas, as chuvas e pancadas com trovoadas se concentram ao norte do estado, enquanto, em S\u00e3o Paulo, a possibilidade de chuvas isoladas permanecem no litoral. O mesmo se repete na costa fluminense, como na costa e norte capixaba.\u00a0 \u00a0<\/p>\n<p>\u00c0 noite, a previs\u00e3o do c\u00e9u do interior paulista \u00e9 de poucas nuvens. As pancadas seguem firmes em Minas e no Esp\u00edrito Santo\u00a0e as chuvas no litoral tamb\u00e9m.\u00a0<\/p>\n<p>Entre as capitais, a temperatura <strong>m\u00ednima prevista \u00e9 de 14\u00b0C em S\u00e3o Paulo<\/strong>. J\u00e1 a <strong>m\u00e1xima pode chegar at\u00e9 29\u00b0C, em Belo Horizonte<\/strong>. A umidade relativa do ar varia entre <strong>35% e 100%<\/strong>.<\/p>\n<h2>5 motivos para acompanhar as previs\u00f5es do tempo<\/h2>\n<ul>\n<li>Agricultura: garantia de uma boa colheita;<\/li>\n<li>Marinha: prote\u00e7\u00e3o de marinheiros, navios e passageiros;<\/li>\n<li>Aeron\u00e1utica: seguran\u00e7a de pilotos, aeronaves e passageiros;<\/li>\n<li>Pesca: condi\u00e7\u00f5es favor\u00e1veis e seguras para a atividade;<\/li>\n<li>Turismo: garantia de passeios e viagens tranquilas e agrad\u00e1veis.<\/li>\n<\/ul>\n<h2>Import\u00e2ncia das observa\u00e7\u00f5es meteorol\u00f3gicas no INMET<\/h2>\n<p>As observa\u00e7\u00f5es meteorol\u00f3gicas do INMET s\u00e3o essenciais para previs\u00f5es em tempo real, estat\u00edsticas clim\u00e1ticas e coopera\u00e7\u00e3o internacional. Esses dados precisos ajudam a estudar o clima passado e a produzir Normais Climatol\u00f3gicas conforme a Organiza\u00e7\u00e3o Meteorol\u00f3gica Mundial (<a href=\"https:\/\/worldweather.wmo.int\/pt\/home.html\">OMM<\/a>).<\/p>\n<p>As informa\u00e7\u00f5es s\u00e3o do Instituto Nacional de Meteorologia (<a href=\"https:\/\/portal.inmet.gov.br\/\">Inmet<\/a>).<\/p>\n<p>\t\t\t\t\t\t\t\t\t\t<img loading=\"lazy\" decoding=\"async\" src=\"https:\/\/brasil61.com\/api\/v1\/serve_pixel\/17677\/86047\" alt=\"Pixel Brasil 61\" class=\"b61_pixel\" width=\"0\" height=\"0\"><\/p>\n<input type=\"hidden\" id=\"baseurl\" value=\"https:\/\/noticiasdestaque.com.br\"><input type=\"hidden\" id=\"audio_nonce\" value=\"6a24ca502e\">","protected":false},"excerpt":{"rendered":"<p>Inmet alerta para perigo de tempestade em MG, RJ e ES; temperaturas variam entre 14\u00b0C e 29\u00b0C<\/p>\n","protected":false},"author":1,"featured_media":47857,"comment_status":"open","ping_status":"open","sticky":false,"template":"","format":"standard","meta":{"fifu_image_url":"","fifu_image_alt":"","footnotes":""},"categories":[58],"tags":[],"class_list":["post-47856","post","type-post","status-publish","format-standard","has-post-thumbnail","hentry","category-cotidiano"],"distributor_meta":false,"distributor_terms":false,"distributor_media":false,"distributor_original_site_name":"Noticias em Destaque","distributor_original_site_url":"https:\/\/noticiasdestaque.com.br","push-errors":false,"_links":{"self":[{"href":"https:\/\/noticiasdestaque.com.br\/index.php\/wp-json\/wp\/v2\/posts\/47856","targetHints":{"allow":["GET"]}}],"collection":[{"href":"https:\/\/noticiasdestaque.com.br\/index.php\/wp-json\/wp\/v2\/posts"}],"about":[{"href":"https:\/\/noticiasdestaque.com.br\/index.php\/wp-json\/wp\/v2\/types\/post"}],"author":[{"embeddable":true,"href":"https:\/\/noticiasdestaque.com.br\/index.php\/wp-json\/wp\/v2\/users\/1"}],"replies":[{"embeddable":true,"href":"https:\/\/noticiasdestaque.com.br\/index.php\/wp-json\/wp\/v2\/comments?post=47856"}],"version-history":[{"count":0,"href":"https:\/\/noticiasdestaque.com.br\/index.php\/wp-json\/wp\/v2\/posts\/47856\/revisions"}],"wp:featuredmedia":[{"embeddable":true,"href":"https:\/\/noticiasdestaque.com.br\/index.php\/wp-json\/wp\/v2\/media\/47857"}],"wp:attachment":[{"href":"https:\/\/noticiasdestaque.com.br\/index.php\/wp-json\/wp\/v2\/media?parent=47856"}],"wp:term":[{"taxonomy":"category","embeddable":true,"href":"https:\/\/noticiasdestaque.com.br\/index.php\/wp-json\/wp\/v2\/categories?post=47856"},{"taxonomy":"post_tag","embeddable":true,"href":"https:\/\/noticiasdestaque.com.br\/index.php\/wp-json\/wp\/v2\/tags?post=47856"}],"curies":[{"name":"wp","href":"https:\/\/api.w.org\/{rel}","templated":true}]}}