{"id":47848,"date":"2025-11-25T05:00:00","date_gmt":"2025-11-25T08:00:00","guid":{"rendered":"https:\/\/noticiasdestaque.com.br\/index.php\/2025\/11\/25\/liberdade-para-empreender-evento-em-sao-paulo-contara-com-figuras-renomadas-e-empreendedoras-de-todo-o-pais\/"},"modified":"2025-11-25T05:00:00","modified_gmt":"2025-11-25T08:00:00","slug":"liberdade-para-empreender-evento-em-sao-paulo-contara-com-figuras-renomadas-e-empreendedoras-de-todo-o-pais","status":"publish","type":"post","link":"https:\/\/noticiasdestaque.com.br\/index.php\/2025\/11\/25\/liberdade-para-empreender-evento-em-sao-paulo-contara-com-figuras-renomadas-e-empreendedoras-de-todo-o-pais\/","title":{"rendered":"Liberdade para Empreender: evento em S\u00e3o Paulo contar\u00e1 com figuras renomadas e empreendedoras de todo o pa\u00eds"},"content":{"rendered":"<p>\t\t\t\t\t\t\t\t\t\t\t<audio controls class=\"b61_audio_player\" data-noticia=\"86042\" src=\"https:\/\/brasil61.com\/rails\/active_storage\/blobs\/eyJfcmFpbHMiOnsibWVzc2FnZSI6IkJBaHBBNVBEQXc9PSIsImV4cCI6bnVsbCwicHVyIjoiYmxvYl9pZCJ9fQ==--55f33fbd6ac2fd2157dbcfb338bd08901053b545\/CACB250090A\"><\/audio><\/p>\n<p>Com o prop\u00f3sito de estimular o empreendedorismo entre o p\u00fablico feminino, o Conselho da Mulher Empreendedora e da Cultura <a href=\"https:\/\/www.cmecmulher.com.br\/\" target=\"_blank\">(CMEC)<\/a> promove um dos maiores eventos voltados \u00e0 inser\u00e7\u00e3o e gest\u00e3o no modelo de governan\u00e7a de empresas modernas. Trata-se do Liberdade para Empreender, que est\u00e1 na 6\u00aa edi\u00e7\u00e3o e ser\u00e1 realizado ao longo desta ter\u00e7a-feira (25), em S\u00e3o Paulo.<\/p>\n<p>A programa\u00e7\u00e3o consiste na promo\u00e7\u00e3o de discuss\u00f5es, pain\u00e9is, workshops e palestras com temas relacionados. O tema escolhido para este ano \u00e9 On-line\/Off-line \u2013 Empreender no Digital e Viver no Real: Equil\u00edbrio \u00e9 o Novo Sucesso.<\/p>\n<p>O CMEC \u00e9 diretamente ligado \u00e0 Confedera\u00e7\u00e3o das Associa\u00e7\u00f5es Comerciais e Empresariais do Brasil <a href=\"https:\/\/cacb.org.br\/\" target=\"_blank\">(CACB)<\/a>.<\/p>\n<p>A presidente do CMEC do estado do Par\u00e1, Denise Ara\u00fajo, participa do evento desde a 2\u00aa edi\u00e7\u00e3o. Na avalia\u00e7\u00e3o dela, a iniciativa \u00e9 vista como uma oportunidade de enaltecer o empreendedorismo feminino, mostrando o que h\u00e1 de mais importante nessa \u00e1rea.<\/p>\n<p>\u201cEsse movimento se transformou nesse grande evento, que nasceu dentro desse associativismo feminino, no empreendedorismo feminino, com certeza \u00e9 muito relevante, n\u00e3o s\u00f3 para n\u00f3s, mulheres do estado do Par\u00e1, mas para toda e qualquer mulher que empreende de uma maneira tradicional, de uma maneira formal ou informal. At\u00e9 mesmo para aquelas que est\u00e3o em transi\u00e7\u00e3o de carreira, porque ele traz amostras reais do que acontece no mercado\u201d, considera.<\/p>\n<p><a href=\"https:\/\/brasil61.com\/n\/sao-paulo-sp-equilibrio-entre-vida-real-e-digital-guia-6-edicao-do-liberdade-para-empreender-cacb250089.amp\" target=\"_blank\">S\u00c3O PAULO (SP): Equil\u00edbrio entre vida real e digital guia 6\u00aa edi\u00e7\u00e3o do Liberdade para Empreender<\/a><\/p>\n<p>Herriete Cedraz, conselheira do CMEC Bahia, tamb\u00e9m est\u00e1 em S\u00e3o Paulo para participar do evento. Mais do que presenciar, ela quis compartilhar a experi\u00eancia com outras mulheres do estado nordestino, para que pudessem acompanhar de perto as ideias do movimento.<\/p>\n<p>\u201cEstou com cerca de 40 mulheres da Bahia. Este ano eu fiz quest\u00e3o de trazer o maior n\u00famero de pessoas que eu pudesse da Bahia, para que elas entendam a dimens\u00e3o que \u00e9 o movimento a n\u00edvel Brasil e como n\u00f3s realmente estamos evoluindo. Porque, \u00e0s vezes, elas se autocensuram de estarem fazendo pouco, mas aqui elas v\u00e3o se perceber da forma com que elas est\u00e3o sendo \u00edntegras no comprometimento, do fortalecimento do associativismo nos seus munic\u00edpios da Bahia\u201d, relata.<\/p>\n<h2>Tem\u00e1ticas abordadas<\/h2>\n<p>O evento contar\u00e1 com a participa\u00e7\u00e3o de especialistas em gest\u00e3o, sa\u00fade emocional, tecnologia, longevidade e inova\u00e7\u00e3o. A ideia \u00e9 destacar os desafios de empreender e viver no mundo digital, com foco no equil\u00edbrio e bem-estar.<\/p>\n<p>Outras figuras renomadas, como o ator, diretor e escritor Miguel Falabella, estar\u00e3o presentes. Ele, por exemplo, vai tratar do tema \u201cProtagonismo \u2013 Novas Atitudes, Velhos Valores\u201d, com \u00eanfase na import\u00e2ncia de assumir um papel ativo na vida em meio \u00e0s mudan\u00e7as aceleradas do mundo moderno.<\/p>\n<p>Outra tem\u00e1tica abordada \u00e9 Lideran\u00e7a Humanizada: Lideran\u00e7a e Criatividade, apresentada pela atriz Denise Fraga, que vai falar sobre a relev\u00e2ncia da empatia e da escuta no ambiente de trabalho. O assunto tamb\u00e9m ser\u00e1 comentado pela apresentadora e psic\u00f3loga Maria Paula, que vai destacar o tema \u201cEquil\u00edbrio das Emo\u00e7\u00f5es: o caminho para uma vida mais consciente, leve e potente\u201d.<\/p>\n<p>Um dos paineis, denominado \u201cEntre Amigas\u201d, contar\u00e1 com a participa\u00e7\u00e3o da presidente Nacional do CMEC, Ana Claudia Badra Cotait; da presidente do Conselho de Administra\u00e7\u00e3o do Magazine Luiza, Luiza Helena Trajano; e Chieko Aoki, presidente da rede Blue Tree Hotels.<\/p>\n<h2>Expressividade do Liberdade para Empreender<\/h2>\n<p>Em edi\u00e7\u00f5es anteriores, o Liberdade para Empreender impactou mais de 100 mil mulheres, conforme informa\u00e7\u00f5es do CMEC. Al\u00e9m disso, mais de 2 mil pequenos neg\u00f3cios foram movimentados em fun\u00e7\u00e3o do evento. Para este ano, a expectativa \u00e9 que, novamente, expositores de diferentes setores que oferecem produtos, servi\u00e7os e oportunidades de conex\u00e3o, colaborem para a expans\u00e3o da iniciativa.<br \/>\n\u00a0<\/p>\n<p>\t\t\t\t\t\t\t\t\t\t<img loading=\"lazy\" decoding=\"async\" src=\"https:\/\/brasil61.com\/api\/v1\/serve_pixel\/17677\/86042\" alt=\"Pixel Brasil 61\" class=\"b61_pixel\" width=\"0\" height=\"0\"><\/p>\n<input type=\"hidden\" id=\"baseurl\" value=\"https:\/\/noticiasdestaque.com.br\"><input type=\"hidden\" id=\"audio_nonce\" value=\"6a24ca502e\">","protected":false},"excerpt":{"rendered":"<p>Em sua 6\u00aa edi\u00e7\u00e3o, encontro promovido pela CMEC, realizado nesta ter\u00e7a-feira (25), ter\u00e1 como tema On-line\/Off-line \u2013 Empreender no Digital e Viver no Real: Equil\u00edbrio \u00e9 o Novo Sucesso<\/p>\n","protected":false},"author":1,"featured_media":47849,"comment_status":"open","ping_status":"open","sticky":false,"template":"","format":"standard","meta":{"fifu_image_url":"","fifu_image_alt":"","footnotes":""},"categories":[48],"tags":[],"class_list":["post-47848","post","type-post","status-publish","format-standard","has-post-thumbnail","hentry","category-mundo"],"distributor_meta":false,"distributor_terms":false,"distributor_media":false,"distributor_original_site_name":"Noticias em Destaque","distributor_original_site_url":"https:\/\/noticiasdestaque.com.br","push-errors":false,"_links":{"self":[{"href":"https:\/\/noticiasdestaque.com.br\/index.php\/wp-json\/wp\/v2\/posts\/47848","targetHints":{"allow":["GET"]}}],"collection":[{"href":"https:\/\/noticiasdestaque.com.br\/index.php\/wp-json\/wp\/v2\/posts"}],"about":[{"href":"https:\/\/noticiasdestaque.com.br\/index.php\/wp-json\/wp\/v2\/types\/post"}],"author":[{"embeddable":true,"href":"https:\/\/noticiasdestaque.com.br\/index.php\/wp-json\/wp\/v2\/users\/1"}],"replies":[{"embeddable":true,"href":"https:\/\/noticiasdestaque.com.br\/index.php\/wp-json\/wp\/v2\/comments?post=47848"}],"version-history":[{"count":0,"href":"https:\/\/noticiasdestaque.com.br\/index.php\/wp-json\/wp\/v2\/posts\/47848\/revisions"}],"wp:featuredmedia":[{"embeddable":true,"href":"https:\/\/noticiasdestaque.com.br\/index.php\/wp-json\/wp\/v2\/media\/47849"}],"wp:attachment":[{"href":"https:\/\/noticiasdestaque.com.br\/index.php\/wp-json\/wp\/v2\/media?parent=47848"}],"wp:term":[{"taxonomy":"category","embeddable":true,"href":"https:\/\/noticiasdestaque.com.br\/index.php\/wp-json\/wp\/v2\/categories?post=47848"},{"taxonomy":"post_tag","embeddable":true,"href":"https:\/\/noticiasdestaque.com.br\/index.php\/wp-json\/wp\/v2\/tags?post=47848"}],"curies":[{"name":"wp","href":"https:\/\/api.w.org\/{rel}","templated":true}]}}