{"id":47840,"date":"2025-11-25T04:50:00","date_gmt":"2025-11-25T07:50:00","guid":{"rendered":"https:\/\/noticiasdestaque.com.br\/index.php\/2025\/11\/25\/producao-industrial-avanca-mas-expectativa-da-demanda-atinge-menor-nivel-para-novembro-na-ultima-decada\/"},"modified":"2025-11-25T04:50:00","modified_gmt":"2025-11-25T07:50:00","slug":"producao-industrial-avanca-mas-expectativa-da-demanda-atinge-menor-nivel-para-novembro-na-ultima-decada","status":"publish","type":"post","link":"https:\/\/noticiasdestaque.com.br\/index.php\/2025\/11\/25\/producao-industrial-avanca-mas-expectativa-da-demanda-atinge-menor-nivel-para-novembro-na-ultima-decada\/","title":{"rendered":"Produ\u00e7\u00e3o industrial avan\u00e7a mas expectativa da demanda atinge menor n\u00edvel para novembro na \u00faltima d\u00e9cada"},"content":{"rendered":"<p>\t\t\t\t\t\t\t\t\t\t\t<audio controls class=\"b61_audio_player\" data-noticia=\"86039\" src=\"https:\/\/brasil61.com\/rails\/active_storage\/blobs\/eyJfcmFpbHMiOnsibWVzc2FnZSI6IkJBaHBBNDdEQXc9PSIsImV4cCI6bnVsbCwicHVyIjoiYmxvYl9pZCJ9fQ==--6050279696ea1ec97a92e4e3d01a165970898192\/PIND254692A\"><\/audio><\/p>\n<p>A produ\u00e7\u00e3o industrial brasileira mostrou sinais de recupera\u00e7\u00e3o no \u00faltimo m\u00eas. A <a href=\"https:\/\/www.portaldaindustria.com.br\/estatisticas\/sondagem-industrial\/\">Sondagem Industrial<\/a>, levantamento realizado mensalmente pela <a href=\"https:\/\/cni.portaldaindustria.com.br\/pt\/\">Confedera\u00e7\u00e3o Nacional da Ind\u00fastria (CNI)<\/a>, mostrou evolu\u00e7\u00e3o de 1,4 ponto no \u00edndice de desempenho do parque fabril nacional, saindo de 50,1 pontos em setembro para 51,5 em outubro. A taxa varia de 0 a 100 e, quanto mais longe de 50 pontos, mais acentuada \u00e9 a varia\u00e7\u00e3o.<\/p>\n<p>A melhora era esperada pelo setor. O per\u00edodo costuma ser de alta demanda devido \u00e0 renda da popula\u00e7\u00e3o, que no final do ano tem incremento com b\u00f4nus e o d\u00e9cimo-terceiro sal\u00e1rio. A pontua\u00e7\u00e3o, no entanto, \u00e9 bem inferior quando comparada ao mesmo m\u00eas do ano passado. Em outubro de 2024, o \u00edndice indicava 53,7 pontos, ou seja, uma diferen\u00e7a de 2,2 pontos de desempenho.<\/p>\n<p>\u201cS\u00f3 que, neste ano, esse aumento foi mais fraco do que em anos anteriores\u201d, alertou Marcelo Azevedo, gerente de An\u00e1lise Econ\u00f4mica da CNI. \u201cO ritmo dessa expans\u00e3o foi menor, como tamb\u00e9m acontece numa base mais fraca; a ind\u00fastria j\u00e1 n\u00e3o vinha trazendo bons resultados nos \u00faltimos meses\u201d, afirmou o especialista.<\/p>\n<h2>Expectativa e empregos em queda<\/h2>\n<p>A pesquisa revela que essa menor atividade industrial reflete na gera\u00e7\u00e3o de empregos: 48,8 pontos, 0,1 ponto abaixo na compara\u00e7\u00e3o com setembro e segunda pior marca no ano, atr\u00e1s apenas de agosto, quando o \u00edndice marcava 48,4 pontos. Isso significa queda no total de trabalhadores empregados pelo segmento.<\/p>\n<p>O cen\u00e1rio faz com que os gestores industriais adotem tom pessimista. Em novembro, o \u00edndice de expectativa de demanda por produtos industriais recuou 1,2 ponto, de 52,5 pontos para 51,3 pontos, o pior resultado para o m\u00eas desde 2016.<\/p>\n<p>Para Azevedo, essa tend\u00eancia negativa deve perdurar pelos pr\u00f3ximos seis meses se n\u00e3o houver melhora no ambiente de neg\u00f3cios. \u201cH\u00e1 uma expectativa de continua\u00e7\u00e3o dessa queda do emprego, como tamb\u00e9m compras menores de mat\u00e9rias primas e insumos, justamente por conta dessa expectativa mais fraca de demanda.\u201d, conclui.<\/p>\n<h2>Uso de estoques e capacidade industrial<\/h2>\n<p>Outro reflexo da situa\u00e7\u00e3o se observa na evolu\u00e7\u00e3o do n\u00edvel de estoques. O indicador caiu 0,4 ponto no \u00faltimo m\u00eas, agora marcando 50,3 pontos em outubro. Isso revela desacelera\u00e7\u00e3o no ritmo do ac\u00famulo de estoques, aproximando o uso efetivo do n\u00edvel planejado, atualmente em 50,2 pontos.<\/p>\n<p>Com menos m\u00e3o de obra e maior uso dos estoques, subiu tamb\u00e9m a Utiliza\u00e7\u00e3o da Capacidade Instalada (UCI) na ind\u00fastria. Outubro viu incremento de 1 ponto percentual na compara\u00e7\u00e3o com setembro, atingindo 71%. O valor \u00e9 3 pontos percentuais menor do que o observado em outubro de 2024 (74%) e id\u00eantico ao do mesmo m\u00eas de 2023 (71%).<\/p>\n<h2>Sondagem Industrial<\/h2>\n<p>Para a edi\u00e7\u00e3o de novembro da Sondagem Industrial, foram consultadas 1.446 empresas pela CNI: 603 de pequeno porte; 492 de m\u00e9dio porte; e 351 de grande porte, entre 3 e 12 de novembro de 2025.<\/p>\n<p>\t\t\t\t\t\t\t\t\t\t<img loading=\"lazy\" decoding=\"async\" src=\"https:\/\/brasil61.com\/api\/v1\/serve_pixel\/17677\/86039\" alt=\"Pixel Brasil 61\" class=\"b61_pixel\" width=\"0\" height=\"0\"><\/p>\n<input type=\"hidden\" id=\"baseurl\" value=\"https:\/\/noticiasdestaque.com.br\"><input type=\"hidden\" id=\"audio_nonce\" value=\"6a24ca502e\">","protected":false},"excerpt":{"rendered":"<p>Atividade fraca faz recuar emprego, aumentar uso de estoques e da capacidade instalada<\/p>\n","protected":false},"author":1,"featured_media":47841,"comment_status":"open","ping_status":"open","sticky":false,"template":"","format":"standard","meta":{"fifu_image_url":"","fifu_image_alt":"","footnotes":""},"categories":[59],"tags":[],"class_list":["post-47840","post","type-post","status-publish","format-standard","has-post-thumbnail","hentry","category-economia"],"distributor_meta":false,"distributor_terms":false,"distributor_media":false,"distributor_original_site_name":"Noticias em Destaque","distributor_original_site_url":"https:\/\/noticiasdestaque.com.br","push-errors":false,"_links":{"self":[{"href":"https:\/\/noticiasdestaque.com.br\/index.php\/wp-json\/wp\/v2\/posts\/47840","targetHints":{"allow":["GET"]}}],"collection":[{"href":"https:\/\/noticiasdestaque.com.br\/index.php\/wp-json\/wp\/v2\/posts"}],"about":[{"href":"https:\/\/noticiasdestaque.com.br\/index.php\/wp-json\/wp\/v2\/types\/post"}],"author":[{"embeddable":true,"href":"https:\/\/noticiasdestaque.com.br\/index.php\/wp-json\/wp\/v2\/users\/1"}],"replies":[{"embeddable":true,"href":"https:\/\/noticiasdestaque.com.br\/index.php\/wp-json\/wp\/v2\/comments?post=47840"}],"version-history":[{"count":0,"href":"https:\/\/noticiasdestaque.com.br\/index.php\/wp-json\/wp\/v2\/posts\/47840\/revisions"}],"wp:featuredmedia":[{"embeddable":true,"href":"https:\/\/noticiasdestaque.com.br\/index.php\/wp-json\/wp\/v2\/media\/47841"}],"wp:attachment":[{"href":"https:\/\/noticiasdestaque.com.br\/index.php\/wp-json\/wp\/v2\/media?parent=47840"}],"wp:term":[{"taxonomy":"category","embeddable":true,"href":"https:\/\/noticiasdestaque.com.br\/index.php\/wp-json\/wp\/v2\/categories?post=47840"},{"taxonomy":"post_tag","embeddable":true,"href":"https:\/\/noticiasdestaque.com.br\/index.php\/wp-json\/wp\/v2\/tags?post=47840"}],"curies":[{"name":"wp","href":"https:\/\/api.w.org\/{rel}","templated":true}]}}