{"id":47838,"date":"2025-11-25T04:45:00","date_gmt":"2025-11-25T07:45:00","guid":{"rendered":"https:\/\/noticiasdestaque.com.br\/index.php\/2025\/11\/25\/cop30-estudo-aponta-que-fno-impulsionou-emprego-renda-e-reducao-do-desmatamento-na-amazonia\/"},"modified":"2025-11-25T04:45:00","modified_gmt":"2025-11-25T07:45:00","slug":"cop30-estudo-aponta-que-fno-impulsionou-emprego-renda-e-reducao-do-desmatamento-na-amazonia","status":"publish","type":"post","link":"https:\/\/noticiasdestaque.com.br\/index.php\/2025\/11\/25\/cop30-estudo-aponta-que-fno-impulsionou-emprego-renda-e-reducao-do-desmatamento-na-amazonia\/","title":{"rendered":"COP30: Estudo aponta que FNO impulsionou emprego, renda e redu\u00e7\u00e3o do desmatamento na Amaz\u00f4nia"},"content":{"rendered":"<p>\t\t\t\t\t\t\t\t\t\t\t<audio controls class=\"b61_audio_player\" data-noticia=\"86025\" src=\"https:\/\/brasil61.com\/rails\/active_storage\/blobs\/eyJfcmFpbHMiOnsibWVzc2FnZSI6IkJBaHBBMnZEQXc9PSIsImV4cCI6bnVsbCwicHVyIjoiYmxvYl9pZCJ9fQ==--28fb379c20be409fa844407a41272b3e2c67076c\/BASA250127A\"><\/audio><\/p>\n<p>O <strong>Fundo Constitucional de Financiamento do Norte (FNO) <\/strong>tem contribu\u00eddo para avan\u00e7os econ\u00f4micos, sociais e ambientais na Amaz\u00f4nia ao longo das \u00faltimas duas d\u00e9cadas. \u00c9 o que revela uma pesquisa conduzida pela <a href=\"https:\/\/www.ufv.br\/\" target=\"_blank\"><strong>Universidade Federal de Vi\u00e7osa (UFV)<\/strong><\/a>, que identificou efeitos consistentes sobre emprego, renda, produ\u00e7\u00e3o e redu\u00e7\u00e3o do desmatamento em munic\u00edpios que receberam mais recursos do fundo.<\/p>\n<p>Pelo estudo, empresas beneficiadas pelo <strong>FNO <\/strong>registraram <strong>crescimento m\u00e9dio de 12,9% <\/strong>no estoque de empregos,<strong> 14,6% na massa salarial<\/strong> e <strong>1,8% em rela\u00e7\u00e3o ao sal\u00e1rio m\u00e9dio<\/strong>. Os reflexos positivos tamb\u00e9m chegaram \u00e0s esferas de produtividade e dinamismo regional.\u00a0<\/p>\n<p>A pesquisa identificou, ainda, avan\u00e7os relevantes em indicadores sociais, como redu\u00e7\u00e3o da mortalidade infantil, melhora no d\u00e9ficit educacional e no saneamento b\u00e1sico em munic\u00edpios mais financiados.<\/p>\n<p>Os resultados foram apresentados em <strong>Bel\u00e9m (PA)<\/strong>, durante a programa\u00e7\u00e3o oficial da <strong>COP30 <\/strong>no <strong>Pavilh\u00e3o do Banco da Amaz\u00f4nia<\/strong>, na <strong>Green Zone<\/strong>. O estudo foi apresentado em meio \u00e0s discuss\u00f5es sobre desenvolvimento sustent\u00e1vel.<\/p>\n<p>O diretor corporativo do <a href=\"http:\/\/bancoamazonia.com.br\/\" target=\"_blank\"><strong>Banco da Amaz\u00f4nia<\/strong><\/a>, Diego Lima, avaliou que o estudo \u00e9 uma ferramenta que pode orientar melhorias e novas estrat\u00e9gias na regi\u00e3o.<\/p>\n<p>\u201c\u00c9 muito clara a potencializa\u00e7\u00e3o de resultado que a promovemos atrav\u00e9s das pol\u00edticas p\u00fablicas e do fundo constitucional. Tamb\u00e9m \u00e9 muito importante realizarmos uma avalia\u00e7\u00e3o de quais pontos precisam ser melhorados e quais oportunidades se mostram \u00e0 frente para que o banco consiga, cada vez mais, se aproximar da sociedade\u201d, disse Lima.<\/p>\n<p>Durante o painel \u201cPol\u00edticas P\u00fablicas e o Desenvolvimento da Amaz\u00f4nia: Os Impactos do Fundo Constitucional do Norte no Desenvolvimento Sustent\u00e1vel da Amaz\u00f4nia\u201d, especialistas destacaram que o FNO tem sido um mecanismo redistributivo \u2013 com atua\u00e7\u00e3o na redu\u00e7\u00e3o de desigualdades.<\/p>\n<h2>FNO Verde<\/h2>\n<p>O professor da UFV e coordenador do estudo, Marcelo Jos\u00e9 Braga, avaliou que, em s\u00edntese, as conclus\u00f5es do estudo mostraram que os eixos da COP30 e a atua\u00e7\u00e3o do FNO est\u00e3o alinhados:<\/p>\n<p>\u201cNa medida que o FNO consegue promover o desenvolvimento regional, consegue reduzir os impactos sobre o meio ambiente, na medida que o cr\u00e9dito \u00e9 direcionado para reduzir o desmatamento; e na medida que os indicadores sociais apresentam alguns resultados, apesar de modestos, mas s\u00e3o resultados significativos, mostrando que aqueles munic\u00edpios que recebem mais FNO, voc\u00ea consegue ter um pouco de redu\u00e7\u00e3o de mortalidade infantil, voc\u00ea melhora o d\u00e9ficit educacional e melhora as condi\u00e7\u00f5es de saneamento\u201d, destacou Braga.<\/p>\n<p>Na avalia\u00e7\u00e3o dele, os resultados demonstram que o Fundo est\u00e1 alinhado aos grandes desafios socioambientais do pa\u00eds. \u201cO FNO contribui para o aumento do emprego, da massa salarial e do sal\u00e1rio m\u00e9dio. Al\u00e9m disso, existem impactos no PIB e no valor adicionado da agropecu\u00e1ria. Do ponto de vista social, conseguimos identificar regi\u00f5es onde o retorno \u00e9 maior, e estas deveriam ser priorizadas\u201d, frisou Braga.<\/p>\n<p>Um dos destaques do painel foi o desempenho do <strong>FNO Verde<\/strong> \u2013 linha direcionada \u00e0 transi\u00e7\u00e3o ambiental. Conforme o levantamento, os financiamentos associados ao programa tiveram impactos na redu\u00e7\u00e3o do desmatamento e de emiss\u00f5es, especialmente em munic\u00edpios que conseguiram combinar produtividade com conserva\u00e7\u00e3o.<\/p>\n<p>O relat\u00f3rio recomenda ampliar o alcance do <strong>FNO Verde<\/strong>, incorporar indicadores ambientais \u00e0s avalia\u00e7\u00f5es de cr\u00e9dito e priorizar \u00e1reas onde o retorno social \u00e9 maior. O documento sugere, ainda, fortalecer a\u00e7\u00f5es de inova\u00e7\u00e3o, qualifica\u00e7\u00e3o e governan\u00e7a territorial para ampliar os efeitos econ\u00f4micos e reduzir desigualdades.<\/p>\n<p>\t\t\t\t\t\t\t\t\t\t<img loading=\"lazy\" decoding=\"async\" src=\"https:\/\/brasil61.com\/api\/v1\/serve_pixel\/17677\/86025\" alt=\"Pixel Brasil 61\" class=\"b61_pixel\" width=\"0\" height=\"0\"><\/p>\n<input type=\"hidden\" id=\"baseurl\" value=\"https:\/\/noticiasdestaque.com.br\"><input type=\"hidden\" id=\"audio_nonce\" value=\"6a24ca502e\">","protected":false},"excerpt":{"rendered":"<p>Pesquisa da Universidade Federal de Vi\u00e7osa mostra avan\u00e7os econ\u00f4micos, sociais e ambientais em munic\u00edpios mais financiados e destaca o impacto do FNO Verde na transi\u00e7\u00e3o sustent\u00e1vel<\/p>\n","protected":false},"author":1,"featured_media":47839,"comment_status":"open","ping_status":"open","sticky":false,"template":"","format":"standard","meta":{"fifu_image_url":"","fifu_image_alt":"","footnotes":""},"categories":[59],"tags":[],"class_list":["post-47838","post","type-post","status-publish","format-standard","has-post-thumbnail","hentry","category-economia"],"distributor_meta":false,"distributor_terms":false,"distributor_media":false,"distributor_original_site_name":"Noticias em Destaque","distributor_original_site_url":"https:\/\/noticiasdestaque.com.br","push-errors":false,"_links":{"self":[{"href":"https:\/\/noticiasdestaque.com.br\/index.php\/wp-json\/wp\/v2\/posts\/47838","targetHints":{"allow":["GET"]}}],"collection":[{"href":"https:\/\/noticiasdestaque.com.br\/index.php\/wp-json\/wp\/v2\/posts"}],"about":[{"href":"https:\/\/noticiasdestaque.com.br\/index.php\/wp-json\/wp\/v2\/types\/post"}],"author":[{"embeddable":true,"href":"https:\/\/noticiasdestaque.com.br\/index.php\/wp-json\/wp\/v2\/users\/1"}],"replies":[{"embeddable":true,"href":"https:\/\/noticiasdestaque.com.br\/index.php\/wp-json\/wp\/v2\/comments?post=47838"}],"version-history":[{"count":0,"href":"https:\/\/noticiasdestaque.com.br\/index.php\/wp-json\/wp\/v2\/posts\/47838\/revisions"}],"wp:featuredmedia":[{"embeddable":true,"href":"https:\/\/noticiasdestaque.com.br\/index.php\/wp-json\/wp\/v2\/media\/47839"}],"wp:attachment":[{"href":"https:\/\/noticiasdestaque.com.br\/index.php\/wp-json\/wp\/v2\/media?parent=47838"}],"wp:term":[{"taxonomy":"category","embeddable":true,"href":"https:\/\/noticiasdestaque.com.br\/index.php\/wp-json\/wp\/v2\/categories?post=47838"},{"taxonomy":"post_tag","embeddable":true,"href":"https:\/\/noticiasdestaque.com.br\/index.php\/wp-json\/wp\/v2\/tags?post=47838"}],"curies":[{"name":"wp","href":"https:\/\/api.w.org\/{rel}","templated":true}]}}