{"id":47818,"date":"2025-11-24T20:35:00","date_gmt":"2025-11-24T23:35:00","guid":{"rendered":"https:\/\/noticiasdestaque.com.br\/index.php\/2025\/11\/24\/previsao-do-tempo-terca-feira-25-chuvosa-no-sudeste\/"},"modified":"2025-11-24T20:35:00","modified_gmt":"2025-11-24T23:35:00","slug":"previsao-do-tempo-terca-feira-25-chuvosa-no-sudeste","status":"publish","type":"post","link":"https:\/\/noticiasdestaque.com.br\/index.php\/2025\/11\/24\/previsao-do-tempo-terca-feira-25-chuvosa-no-sudeste\/","title":{"rendered":"PREVIS\u00c3O DO TEMPO: ter\u00e7a-feira (25) chuvosa no Sudeste"},"content":{"rendered":"<p>\t\t\t\t\t\t\t\t\t\t\t<audio controls class=\"b61_audio_player\" data-noticia=\"86034\" src=\"https:\/\/brasil61.com\/rails\/active_storage\/blobs\/eyJfcmFpbHMiOnsibWVzc2FnZSI6IkJBaHBBNGJEQXc9PSIsImV4cCI6bnVsbCwicHVyIjoiYmxvYl9pZCJ9fQ==--9c1e670718484c6274c0e843fe85b4e73fb2f8b6\/PTSD254262A\"><\/audio><\/p>\n<p>A <strong>previs\u00e3o do tempo<\/strong> para a <strong>Regi\u00e3o Sudeste<\/strong> do pa\u00eds, nesta <strong>ter\u00e7a-feira (25)<\/strong>, \u00e9 de c\u00e9u com <strong>muitas nuvens<\/strong> para toda a regi\u00e3o, com <strong>possibilidade de chuvas<\/strong> em todos os estados.\u00a0<\/p>\n<p>Pela <strong>manh\u00e3<\/strong>, h\u00e1 previs\u00e3o de <strong>chuvas<\/strong> para todos os estados, com exce\u00e7\u00e3o do centro-oeste de S\u00e3o Paulo. As c<strong>huvas devem amanhecer mais intensas e acompanhadas de trovoadas<\/strong> no norte de Minas Gerais e no litoral do Rio de Janeiro.<\/p>\n<p>\u00c0 <strong>tarde<\/strong>, as <strong>chuvas avan\u00e7am<\/strong> ao centro de S\u00e3o Paulo, com <strong>maior intensidade<\/strong> no litoral paulista e centro-sul do Rio. No Esp\u00edrito Santo, centro-norte de Minas Gerais e extremo-norte do Rio, as chuvas devem ser <strong>ainda mais intensas e acompanhadas de trovoadas<\/strong>.<\/p>\n<p>Durante a <strong>noite<\/strong>, as <strong>chuvas<\/strong> <strong>deixam<\/strong> o estado paulista, com exce\u00e7\u00e3o do litoral, e recuam no sudoeste de Minas.<\/p>\n<p>O <b>Instituto Nacional de Meteorologia<\/b> (<a href=\"https:\/\/portal.inmet.gov.br\/\">Inmet<\/a>) emitiu alerta de <strong>grande perigo de tempestades<\/strong> para todo o litoral de S\u00e3o Paulo e o litoral oeste do Rio de Janeiro. H\u00e1 tamb\u00e9m aviso de<strong> perigo de tempestades<\/strong> no centro-sul de Minas Gerais, sul do Esp\u00edrito Santo e em todo o estado de S\u00e3o Paulo e do Rio de Janeiro, al\u00e9m de aviso de <strong>perigo potencial de chuvas intensas<\/strong> em todo o centro-norte de Minas e do Esp\u00edrito Santo.<\/p>\n<p>Entre as <strong>capitais<\/strong>, a <strong>temperatura m\u00ednima<\/strong> prevista \u00e9 de <strong>15\u00b0C<\/strong> em <strong>S\u00e3o Paulo<\/strong>. J\u00e1 a <strong>m\u00e1xima<\/strong> pode chegar at\u00e9 <strong>29\u00b0C<\/strong>, em <strong>Vit\u00f3ria<\/strong>. A <strong>umidade relativa do ar<\/strong> varia entre <strong>50%<\/strong> e <strong>100%<\/strong>.<\/p>\n<p>\u00a0<\/p>\n<h2>5 motivos para acompanhar as previs\u00f5es do tempo<\/h2>\n<ul>\n<li>Agricultura: garantia de uma boa colheita;<\/li>\n<li>Marinha: prote\u00e7\u00e3o de marinheiros, navios e passageiros;<\/li>\n<li>Aeron\u00e1utica: seguran\u00e7a de pilotos, aeronaves e passageiros;<\/li>\n<li>Pesca: condi\u00e7\u00f5es favor\u00e1veis e seguras para a atividade;<\/li>\n<li>Turismo: garantia de passeios e viagens tranquilas e agrad\u00e1veis.<\/li>\n<\/ul>\n<p>\u00a0<\/p>\n<h2>Import\u00e2ncia das observa\u00e7\u00f5es meteorol\u00f3gicas no INMET<\/h2>\n<p>As observa\u00e7\u00f5es meteorol\u00f3gicas do INMET s\u00e3o essenciais para previs\u00f5es em tempo real, estat\u00edsticas clim\u00e1ticas e coopera\u00e7\u00e3o internacional. Esses dados precisos ajudam a estudar o clima passado e a produzir Normais Climatol\u00f3gicas conforme a Organiza\u00e7\u00e3o Meteorol\u00f3gica Mundial (<a href=\"https:\/\/worldweather.wmo.int\/pt\/home.html\">OMM<\/a>).<\/p>\n<p>As informa\u00e7\u00f5es s\u00e3o do Instituto Nacional de Meteorologia (<a href=\"https:\/\/portal.inmet.gov.br\">Inmet<\/a>).<\/p>\n<p>\t\t\t\t\t\t\t\t\t\t<img loading=\"lazy\" decoding=\"async\" src=\"https:\/\/brasil61.com\/api\/v1\/serve_pixel\/17677\/86034\" alt=\"Pixel Brasil 61\" class=\"b61_pixel\" width=\"0\" height=\"0\"><\/p>\n<input type=\"hidden\" id=\"baseurl\" value=\"https:\/\/noticiasdestaque.com.br\"><input type=\"hidden\" id=\"audio_nonce\" value=\"6f73a554f1\">","protected":false},"excerpt":{"rendered":"<p>Chuvas devem ser mais intensas ao norte da regi\u00e3o; temperaturas variam entre 15\u00b0C e 29\u00b0C<\/p>\n","protected":false},"author":1,"featured_media":47819,"comment_status":"open","ping_status":"open","sticky":false,"template":"","format":"standard","meta":{"fifu_image_url":"","fifu_image_alt":"","footnotes":""},"categories":[58],"tags":[],"class_list":["post-47818","post","type-post","status-publish","format-standard","has-post-thumbnail","hentry","category-cotidiano"],"distributor_meta":false,"distributor_terms":false,"distributor_media":false,"distributor_original_site_name":"Noticias em Destaque","distributor_original_site_url":"https:\/\/noticiasdestaque.com.br","push-errors":false,"_links":{"self":[{"href":"https:\/\/noticiasdestaque.com.br\/index.php\/wp-json\/wp\/v2\/posts\/47818","targetHints":{"allow":["GET"]}}],"collection":[{"href":"https:\/\/noticiasdestaque.com.br\/index.php\/wp-json\/wp\/v2\/posts"}],"about":[{"href":"https:\/\/noticiasdestaque.com.br\/index.php\/wp-json\/wp\/v2\/types\/post"}],"author":[{"embeddable":true,"href":"https:\/\/noticiasdestaque.com.br\/index.php\/wp-json\/wp\/v2\/users\/1"}],"replies":[{"embeddable":true,"href":"https:\/\/noticiasdestaque.com.br\/index.php\/wp-json\/wp\/v2\/comments?post=47818"}],"version-history":[{"count":0,"href":"https:\/\/noticiasdestaque.com.br\/index.php\/wp-json\/wp\/v2\/posts\/47818\/revisions"}],"wp:featuredmedia":[{"embeddable":true,"href":"https:\/\/noticiasdestaque.com.br\/index.php\/wp-json\/wp\/v2\/media\/47819"}],"wp:attachment":[{"href":"https:\/\/noticiasdestaque.com.br\/index.php\/wp-json\/wp\/v2\/media?parent=47818"}],"wp:term":[{"taxonomy":"category","embeddable":true,"href":"https:\/\/noticiasdestaque.com.br\/index.php\/wp-json\/wp\/v2\/categories?post=47818"},{"taxonomy":"post_tag","embeddable":true,"href":"https:\/\/noticiasdestaque.com.br\/index.php\/wp-json\/wp\/v2\/tags?post=47818"}],"curies":[{"name":"wp","href":"https:\/\/api.w.org\/{rel}","templated":true}]}}