{"id":47816,"date":"2025-11-24T20:30:00","date_gmt":"2025-11-24T23:30:00","guid":{"rendered":"https:\/\/noticiasdestaque.com.br\/index.php\/2025\/11\/24\/previsao-do-tempo-terca-feira-25-chuvosa-e-com-tempestades-no-norte\/"},"modified":"2025-11-24T20:30:00","modified_gmt":"2025-11-24T23:30:00","slug":"previsao-do-tempo-terca-feira-25-chuvosa-e-com-tempestades-no-norte","status":"publish","type":"post","link":"https:\/\/noticiasdestaque.com.br\/index.php\/2025\/11\/24\/previsao-do-tempo-terca-feira-25-chuvosa-e-com-tempestades-no-norte\/","title":{"rendered":"PREVIS\u00c3O DO TEMPO: ter\u00e7a-feira (25) chuvosa e com tempestades no Norte"},"content":{"rendered":"<p>\t\t\t\t\t\t\t\t\t\t\t<audio controls class=\"b61_audio_player\" data-noticia=\"86033\" src=\"https:\/\/brasil61.com\/rails\/active_storage\/blobs\/eyJfcmFpbHMiOnsibWVzc2FnZSI6IkJBaHBBNFhEQXc9PSIsImV4cCI6bnVsbCwicHVyIjoiYmxvYl9pZCJ9fQ==--2379eff26c7eb1508417b642e6e138707b16a189\/PTRN254623A\"><\/audio><\/p>\n<p>A <strong>previs\u00e3o do tempo<\/strong> para a <strong>Regi\u00e3o Norte<\/strong> do pa\u00eds, nesta <strong>ter\u00e7a-feira (25)<\/strong>, indica c\u00e9u com <strong>muitas nuvens e possibilidade de chuvas intensas<\/strong> para toda a regi\u00e3o, exceto para o estado do Amap\u00e1.<\/p>\n<p>Pela <strong>manh\u00e3<\/strong>, as <strong>chances de chuva<\/strong> cobrem a regi\u00e3o, com exce\u00e7\u00e3o do Amap\u00e1 e extremo-norte do Par\u00e1. No Tocantins, centro-sul paraense, centro-sul de Roraima e centro-norte do Amazonas, as chuvas devem amanhecer <strong>mais intensas e acompanhadas de trovoadas<\/strong>.<\/p>\n<p>\u00c0 <strong>tarde<\/strong>, as <strong>chuvas<\/strong> <strong>intensas<\/strong> <strong>e trovoadas<\/strong> tomam o Acre, o norte de Rond\u00f4nia e quase todo o Amazonas. As <strong>chuvas<\/strong> <strong>recuam<\/strong> no leste de Roraima,\u00a0<\/p>\n<p>\u00c0 <strong>noite<\/strong>, as <strong>chuvas<\/strong> <strong>deixam<\/strong> o estado de Roraima, o norte do Par\u00e1 e o sul de Rond\u00f4nia.<\/p>\n<p>O <b>Instituto Nacional de Meteorologia<\/b> (<a href=\"https:\/\/portal.inmet.gov.br\/\">Inmet<\/a>) emitiu alerta para <strong>perigo potencial de chuvas intensas <\/strong>para quase toda a regi\u00e3o, exceto para o Amap\u00e1 e para o nordeste do Par\u00e1. Al\u00e9m disso, h\u00e1 alerta de <strong>perigo de chuvas intensas<\/strong> para o extremo-sul de Roraima, centro-sul do Par\u00e1 e de Tocantins, e centro-norte e leste do Amazonas.<\/p>\n<p>Entre as <strong>capitais<\/strong>, a <strong>temperatura<\/strong> <strong>m\u00ednima<\/strong> prevista \u00e9 de <strong>23\u00b0C<\/strong>, em <strong>Rio<\/strong> <strong>Branco<\/strong> e <strong>Palmas<\/strong>. J\u00e1 a <strong>m\u00e1xima<\/strong> pode chegar at\u00e9 <strong>34\u00b0C<\/strong>, em <strong>Macap\u00e1<\/strong>, <strong>Bel\u00e9m<\/strong> e <strong>Boa<\/strong> <strong>Vista<\/strong>. A <strong>umidade relativa do ar<\/strong> varia entre <strong>45%<\/strong> e <strong>100%<\/strong>.<\/p>\n<p>\u00a0<\/p>\n<h2>5 motivos para acompanhar as previs\u00f5es do tempo<\/h2>\n<ul>\n<li>Agricultura: garantia de uma boa colheita;<\/li>\n<li>Marinha: prote\u00e7\u00e3o de marinheiros, navios e passageiros;<\/li>\n<li>Aeron\u00e1utica: seguran\u00e7a de pilotos, aeronaves e passageiros;<\/li>\n<li>Pesca: condi\u00e7\u00f5es favor\u00e1veis e seguras para a atividade;<\/li>\n<li>Turismo: garantia de passeios e viagens tranquilas e agrad\u00e1veis.<\/li>\n<\/ul>\n<p>\u00a0<\/p>\n<h2>Import\u00e2ncia das observa\u00e7\u00f5es meteorol\u00f3gicas no INMET<\/h2>\n<p>\u00a0<\/p>\n<p>As observa\u00e7\u00f5es meteorol\u00f3gicas do INMET s\u00e3o essenciais para previs\u00f5es em tempo real, estat\u00edsticas clim\u00e1ticas e coopera\u00e7\u00e3o internacional. Esses dados precisos ajudam a estudar o clima passado e a produzir Normais Climatol\u00f3gicas conforme a Organiza\u00e7\u00e3o Meteorol\u00f3gica Mundial (<a href=\"https:\/\/worldweather.wmo.int\/pt\/home.html\">OMM<\/a>).<\/p>\n<p>\u00a0<\/p>\n<p>As informa\u00e7\u00f5es s\u00e3o do Instituto Nacional de Meteorologia (<a href=\"https:\/\/portal.inmet.gov.br\">Inmet<\/a>).<\/p>\n<p>\t\t\t\t\t\t\t\t\t\t<img loading=\"lazy\" decoding=\"async\" src=\"https:\/\/brasil61.com\/api\/v1\/serve_pixel\/17677\/86033\" alt=\"Pixel Brasil 61\" class=\"b61_pixel\" width=\"0\" height=\"0\"><\/p>\n<input type=\"hidden\" id=\"baseurl\" value=\"https:\/\/noticiasdestaque.com.br\"><input type=\"hidden\" id=\"audio_nonce\" value=\"6f73a554f1\">","protected":false},"excerpt":{"rendered":"<p>Chuvas tomam a regi\u00e3o, com possibilidade de tempestades; temperaturas variam entre 23\u00b0C e 34\u00b0C<\/p>\n","protected":false},"author":1,"featured_media":47817,"comment_status":"open","ping_status":"open","sticky":false,"template":"","format":"standard","meta":{"fifu_image_url":"","fifu_image_alt":"","footnotes":""},"categories":[58],"tags":[],"class_list":["post-47816","post","type-post","status-publish","format-standard","has-post-thumbnail","hentry","category-cotidiano"],"distributor_meta":false,"distributor_terms":false,"distributor_media":false,"distributor_original_site_name":"Noticias em Destaque","distributor_original_site_url":"https:\/\/noticiasdestaque.com.br","push-errors":false,"_links":{"self":[{"href":"https:\/\/noticiasdestaque.com.br\/index.php\/wp-json\/wp\/v2\/posts\/47816","targetHints":{"allow":["GET"]}}],"collection":[{"href":"https:\/\/noticiasdestaque.com.br\/index.php\/wp-json\/wp\/v2\/posts"}],"about":[{"href":"https:\/\/noticiasdestaque.com.br\/index.php\/wp-json\/wp\/v2\/types\/post"}],"author":[{"embeddable":true,"href":"https:\/\/noticiasdestaque.com.br\/index.php\/wp-json\/wp\/v2\/users\/1"}],"replies":[{"embeddable":true,"href":"https:\/\/noticiasdestaque.com.br\/index.php\/wp-json\/wp\/v2\/comments?post=47816"}],"version-history":[{"count":0,"href":"https:\/\/noticiasdestaque.com.br\/index.php\/wp-json\/wp\/v2\/posts\/47816\/revisions"}],"wp:featuredmedia":[{"embeddable":true,"href":"https:\/\/noticiasdestaque.com.br\/index.php\/wp-json\/wp\/v2\/media\/47817"}],"wp:attachment":[{"href":"https:\/\/noticiasdestaque.com.br\/index.php\/wp-json\/wp\/v2\/media?parent=47816"}],"wp:term":[{"taxonomy":"category","embeddable":true,"href":"https:\/\/noticiasdestaque.com.br\/index.php\/wp-json\/wp\/v2\/categories?post=47816"},{"taxonomy":"post_tag","embeddable":true,"href":"https:\/\/noticiasdestaque.com.br\/index.php\/wp-json\/wp\/v2\/tags?post=47816"}],"curies":[{"name":"wp","href":"https:\/\/api.w.org\/{rel}","templated":true}]}}