{"id":47814,"date":"2025-11-24T19:15:00","date_gmt":"2025-11-24T22:15:00","guid":{"rendered":"https:\/\/noticiasdestaque.com.br\/index.php\/2025\/11\/24\/sao-paulo-sp-equilibrio-entre-vida-real-e-digital-guia-6a-edicao-do-liberdade-para-empreender\/"},"modified":"2025-11-24T23:08:12","modified_gmt":"2025-11-25T02:08:12","slug":"sao-paulo-sp-equilibrio-entre-vida-real-e-digital-guia-6a-edicao-do-liberdade-para-empreender","status":"publish","type":"post","link":"https:\/\/noticiasdestaque.com.br\/index.php\/2025\/11\/24\/sao-paulo-sp-equilibrio-entre-vida-real-e-digital-guia-6a-edicao-do-liberdade-para-empreender\/","title":{"rendered":"S\u00c3O PAULO (SP): Equil\u00edbrio entre vida real e digital guia 6\u00aa edi\u00e7\u00e3o do Liberdade para Empreender"},"content":{"rendered":"<p>\t\t\t\t\t\t\t\t\t\t<audio controls class=\"b61_audio_player\" data-noticia=\"86041\" src=\"https:\/\/brasil61.com\/rails\/active_storage\/blobs\/eyJfcmFpbHMiOnsibWVzc2FnZSI6IkJBaHBBNEREQXc9PSIsImV4cCI6bnVsbCwicHVyIjoiYmxvYl9pZCJ9fQ==--dc941592cc457d800107e6b4d7d469fe45cc258d\/CACB250089A\"><\/audio><\/p>\n<p>O <a href=\"https:\/\/www.cmecmulher.com.br\/\"><strong>Conselho da Mulher Empreendedora e da Cultura (CMEC) <\/strong><\/a>realiza, no dia 25 de novembro, a <strong>6\u00aa edi\u00e7\u00e3o do Liberdade para Empreender, em S\u00e3o Paulo (SP). <\/strong>Com o tema <strong>\u201cEmpreender no Digital e Viver no Real: Equil\u00edbrio \u00e9 o Novo Sucesso\u201d, o encontro tem o objetivo de fortalecer o protagonismo feminino e oferecer ferramentas pr\u00e1ticas para quem deseja equilibrar a vida profissional, pessoal e digital<\/strong>.<\/p>\n<p>A programa\u00e7\u00e3o inclui <strong>palestras, pain\u00e9is, oficinas e momentos de networking voltados para temas como tecnologia, inova\u00e7\u00e3o, longevidade, lideran\u00e7a feminina e sa\u00fade emocional.<\/strong><\/p>\n<p>O\u00a0<strong data-renderer-mark=\"true\">CMEC \u00e9 diretamente ligado \u00e0<\/strong>\u00a0<a href=\"https:\/\/cacb.org.br\/\"><strong>Confedera\u00e7\u00e3o das Associa\u00e7\u00f5es Comerciais e Empresariais do Brasil (CACB)<\/strong><\/a>, Federa\u00e7\u00e3o das Associa\u00e7\u00f5es Comerciais do Estado de S\u00e3o Paulo (Facesp) e Associa\u00e7\u00e3o Comercial de S\u00e3o Paulo (ACSP).<\/p>\n<p>A <strong>presidente nacional do CMEC, Ana Claudia Badra Cotait, destaca que o evento \u00e9 um dos mais importantes do ano para o empreendedorismo feminino<\/strong>.\u00a0<\/p>\n<p>Ela tamb\u00e9m ressalta o potencial do evento para transformar a realidade das mulheres empres\u00e1rias de todo o pa\u00eds, refor\u00e7ando que o encontro vai al\u00e9m das palestras e conecta as empreendedoras:\u00a0<\/p>\n<p>\u201cParticipar do Liberdade para empreender \u00e9 viver uma experi\u00eancia que transforma. Voc\u00ea se conecta com pessoas, com hist\u00f3rias, com ideias que inspiram a sua vida. Voc\u00ea descobre novas formas de equilibrar sua vida pessoal e a dos neg\u00f3cios. Aprende estrat\u00e9gias valiosas. E quando o evento termina, voc\u00ea sai diferente \u2013 renovada, cheia de energia, com novas ideias, conex\u00f5es e metas. Com a certeza de que pode viver uma vida com mais equil\u00edbrio, produzindo novos prop\u00f3sitos e resultados maravilhosos. Liberdade para empreender \u00e9 mais que um evento, \u00e9 um marco na sua vida, no seu trabalho, na sua hist\u00f3ria\u201d, diz.<\/p>\n<h2>Programa\u00e7\u00e3o e nomes confirmados<\/h2>\n<p>O Liberdade para Empreender re\u00fane especialistas reconhecidos nas \u00e1reas de gest\u00e3o, criatividade, intelig\u00eancia emocional e inova\u00e7\u00e3o. Entre os nomes confirmados est\u00e3o Miguel Falabella, Augusto Cury, Denise Fraga, Luiza Helena Trajano, Chieko Aoki e outras lideran\u00e7as que dialogam diretamente com as necessidades e desafios das empreendedoras brasileiras.<\/p>\n<p>Os convidados abordar\u00e3o os desafios de empreender e viver no mundo digital, com foco no equil\u00edbrio e bem-estar da mulher empreendedora.<br \/>\nSegundo o CMEC, o evento j\u00e1 impactou mais de 100 mil mulheres em edi\u00e7\u00f5es anteriores, movimentou mais de 2 mil pequenos neg\u00f3cios e contar\u00e1 novamente com expositores de diferentes setores que oferecem produtos, servi\u00e7os e oportunidades de conex\u00e3o.<\/p>\n<h2>Servi\u00e7o<\/h2>\n<p>\n\u25cf\u00a0\u00a0 \u00a0Evento: Liberdade para Empreender 2025<br \/>\n\u25cf\u00a0\u00a0 \u00a0Data: 25 de novembro<br \/>\n\u25cf\u00a0\u00a0 \u00a0Hor\u00e1rio: 9h \u00e0s 19h<br \/>\n\u25cf\u00a0\u00a0 \u00a0Local: Clube Atl\u00e9tico Monte L\u00edbano, S\u00e3o Paulo<br \/>\n\u25cf\u00a0\u00a0 \u00a0Realiza\u00e7\u00e3o: CMEC \u2013 Conselho da Mulher Empreendedora e da Cultura<br \/>\n\u00a0<\/p>\n<p>\t\t\t\t\t\t\t\t\t<img loading=\"lazy\" decoding=\"async\" src=\"https:\/\/brasil61.com\/api\/v1\/serve_pixel\/17677\/86041\" alt=\"Pixel Brasil 61\" class=\"b61_pixel\" width=\"0\" height=\"0\"><\/p>\n<input type=\"hidden\" id=\"baseurl\" value=\"https:\/\/noticiasdestaque.com.br\"><input type=\"hidden\" id=\"audio_nonce\" value=\"6f73a554f1\">","protected":false},"excerpt":{"rendered":"<p>CMEC re\u00fane especialistas e lideran\u00e7as femininas para discutir inova\u00e7\u00e3o, bem-estar e o protagonismo das mulheres nos neg\u00f3cios<\/p>\n","protected":false},"author":1,"featured_media":47833,"comment_status":"open","ping_status":"open","sticky":false,"template":"","format":"standard","meta":{"fifu_image_url":"","fifu_image_alt":"","footnotes":""},"categories":[59],"tags":[],"class_list":["post-47814","post","type-post","status-publish","format-standard","has-post-thumbnail","hentry","category-economia"],"distributor_meta":false,"distributor_terms":false,"distributor_media":false,"distributor_original_site_name":"Noticias em Destaque","distributor_original_site_url":"https:\/\/noticiasdestaque.com.br","push-errors":false,"_links":{"self":[{"href":"https:\/\/noticiasdestaque.com.br\/index.php\/wp-json\/wp\/v2\/posts\/47814","targetHints":{"allow":["GET"]}}],"collection":[{"href":"https:\/\/noticiasdestaque.com.br\/index.php\/wp-json\/wp\/v2\/posts"}],"about":[{"href":"https:\/\/noticiasdestaque.com.br\/index.php\/wp-json\/wp\/v2\/types\/post"}],"author":[{"embeddable":true,"href":"https:\/\/noticiasdestaque.com.br\/index.php\/wp-json\/wp\/v2\/users\/1"}],"replies":[{"embeddable":true,"href":"https:\/\/noticiasdestaque.com.br\/index.php\/wp-json\/wp\/v2\/comments?post=47814"}],"version-history":[{"count":1,"href":"https:\/\/noticiasdestaque.com.br\/index.php\/wp-json\/wp\/v2\/posts\/47814\/revisions"}],"predecessor-version":[{"id":47832,"href":"https:\/\/noticiasdestaque.com.br\/index.php\/wp-json\/wp\/v2\/posts\/47814\/revisions\/47832"}],"wp:featuredmedia":[{"embeddable":true,"href":"https:\/\/noticiasdestaque.com.br\/index.php\/wp-json\/wp\/v2\/media\/47833"}],"wp:attachment":[{"href":"https:\/\/noticiasdestaque.com.br\/index.php\/wp-json\/wp\/v2\/media?parent=47814"}],"wp:term":[{"taxonomy":"category","embeddable":true,"href":"https:\/\/noticiasdestaque.com.br\/index.php\/wp-json\/wp\/v2\/categories?post=47814"},{"taxonomy":"post_tag","embeddable":true,"href":"https:\/\/noticiasdestaque.com.br\/index.php\/wp-json\/wp\/v2\/tags?post=47814"}],"curies":[{"name":"wp","href":"https:\/\/api.w.org\/{rel}","templated":true}]}}