{"id":47802,"date":"2025-11-24T04:25:00","date_gmt":"2025-11-24T07:25:00","guid":{"rendered":"https:\/\/noticiasdestaque.com.br\/index.php\/2025\/11\/24\/baixa-adesao-ao-registro-de-extracao-gera-mais-gastos-e-risco-de-penalidades-para-prefeituras-alerta-anm\/"},"modified":"2025-11-24T04:25:00","modified_gmt":"2025-11-24T07:25:00","slug":"baixa-adesao-ao-registro-de-extracao-gera-mais-gastos-e-risco-de-penalidades-para-prefeituras-alerta-anm","status":"publish","type":"post","link":"https:\/\/noticiasdestaque.com.br\/index.php\/2025\/11\/24\/baixa-adesao-ao-registro-de-extracao-gera-mais-gastos-e-risco-de-penalidades-para-prefeituras-alerta-anm\/","title":{"rendered":"Baixa ades\u00e3o ao Registro de Extra\u00e7\u00e3o gera mais gastos e risco de penalidades para prefeituras, alerta ANM"},"content":{"rendered":"<p>\t\t\t\t\t\t\t\t\t\t\t<audio controls class=\"b61_audio_player\" data-noticia=\"86003\" src=\"https:\/\/brasil61.com\/rails\/active_storage\/blobs\/eyJfcmFpbHMiOnsibWVzc2FnZSI6IkJBaHBBODdDQXc9PSIsImV4cCI6bnVsbCwicHVyIjoiYmxvYl9pZCJ9fQ==--678bb6fae14a409bcb2a921f0cf9656e94730045\/BRAS2515196A\"><\/audio><\/p>\n<p>De acordo com a<strong> Ag\u00eancia Nacional de Minera\u00e7\u00e3o (<a href=\"http:\/\/www.gov.br\/anm\/pt-br\">ANM<\/a>)<\/strong>, o <strong>Registro de Extra\u00e7\u00e3o <\/strong>\u2014 regime destinado ao<strong> aproveitamento de materiais para constru\u00e7\u00e3o civil por entes da administra\u00e7\u00e3o p\u00fablica<\/strong> \u2014 ainda tem <strong>baixa ades\u00e3o entre as prefeituras, sobretudo por falta de conhecimento dos gestores<\/strong>. Isso acaba gerando maiores custos e riscos para os munic\u00edpios.<\/p>\n<p>Em <strong>vigor<\/strong> desde o ano <strong>2000<\/strong> pelo <strong>decreto 3.358\/2000<\/strong>, o Registro de Extra\u00e7\u00e3o \u00e9 um <strong>modelo<\/strong> que <strong>concede<\/strong> <strong>vantagens<\/strong> <strong>financeiras<\/strong> \u00e0s prefeituras pelo <strong>aproveitamento dos agregados de minera\u00e7\u00e3o<\/strong> \u2014 materiais como areia, argila e brita \u2014 desde que <strong>exclusivamente destinados a obras p\u00fablicas<\/strong>.<\/p>\n<p>Segundo a coordenadora de Fiscaliza\u00e7\u00e3o de Pesquisa e Lavra da ANM, <strong>Marina Tietz<\/strong>, o Registro de Extra\u00e7\u00e3o \u00e9 a <strong>forma mais vantajosa<\/strong> de as prefeituras obterem esses insumos <strong>dentro da legalidade<\/strong>. \u201cSe a prefeitura n\u00e3o utiliza, ou est\u00e1 comprando de terceiros algo que poderia obter com uma s\u00e9rie de isen\u00e7\u00f5es, ou est\u00e1 operando na ilegalidade\u201d, afirma.<\/p>\n<p>A coordenadora ressalta que existem algumas <strong>condi\u00e7\u00f5es<\/strong> para que o ente do poder p\u00fablico possa recorrer ao Registro de Extra\u00e7\u00e3o. Primeiramente, <strong>a pr\u00f3pria administra\u00e7\u00e3o dever\u00e1 executar a obra<\/strong> \u2014 o que prev\u00ea a utiliza\u00e7\u00e3o da modalidade em casos de contrata\u00e7\u00e3o de terceiros \u2014, e <strong>os materiais devem ser empregados, obrigatoriamente, em obras p\u00fablicas<\/strong> \u2014 desvios de finalidade ficam sujeitos a san\u00e7\u00f5es. Al\u00e9m disso, a <strong>administra\u00e7\u00e3o municipal precisa entregar o Relat\u00f3rio Anual de Lavra <\/strong>(RAL) e <strong>obter licen\u00e7a ambiental<\/strong>, e fica sujeita \u00e0 fiscaliza\u00e7\u00e3o da ANM e outros \u00f3rg\u00e3os ambientais.<\/p>\n<p>Tietz explica que a <strong>baixa ades\u00e3o<\/strong> ao Regime de Extra\u00e7\u00e3o em v\u00e1rios estados do pa\u00eds ocorre devido ao <strong>desconhecimento<\/strong> <strong>de<\/strong> <strong>gestores<\/strong> sobre as vantagens oferecidas. \u201cUm dos maiores problemas \u00e9 a <strong>descontinuidade<\/strong>. Quando um novo governante \u00e9 eleito, troca toda a equipe e as informa\u00e7\u00f5es acabam se perdendo. Ent\u00e3o \u00e9 necess\u00e1rio fazer um <strong>trabalho de conscientiza\u00e7\u00e3o constante<\/strong> junto \u00e0s prefeituras\u201d, analisa.<\/p>\n<p>Al\u00e9m disso, a coordenadora aponta que <strong>outro fator que compromete<\/strong> a dissemina\u00e7\u00e3o do modelo \u00e9 um <strong>entendimento equivocado de que o recurso mineral \u00e9 de propriedade p\u00fablica, n\u00e3o necessitando de autoriza\u00e7\u00e3o para uso<\/strong>. \u201cAlguns prefeitos pensam: \u2018como o bem mineral \u00e9 do governo e eu fa\u00e7o parte do governo, ent\u00e3o n\u00e3o preciso de autoriza\u00e7\u00e3o\u2019. Mas n\u00e3o \u00e9 assim. A propriedade \u00e9 da Uni\u00e3o, e os entes das demais esferas precisam se regularizar\u201d, refor\u00e7a.<\/p>\n<p>Com informa\u00e7\u00f5es da ANM.<\/p>\n<p>\t\t\t\t\t\t\t\t\t\t<img loading=\"lazy\" decoding=\"async\" src=\"https:\/\/brasil61.com\/api\/v1\/serve_pixel\/17677\/86003\" alt=\"Pixel Brasil 61\" class=\"b61_pixel\" width=\"0\" height=\"0\"><\/p>\n<input type=\"hidden\" id=\"baseurl\" value=\"https:\/\/noticiasdestaque.com.br\"><input type=\"hidden\" id=\"audio_nonce\" value=\"6a24ca502e\">","protected":false},"excerpt":{"rendered":"<p>Falta de conhecimento dos gestores provoca maiores custos e riscos para os munic\u00edpios<\/p>\n","protected":false},"author":1,"featured_media":47803,"comment_status":"open","ping_status":"open","sticky":false,"template":"","format":"standard","meta":{"fifu_image_url":"","fifu_image_alt":"","footnotes":""},"categories":[59],"tags":[],"class_list":["post-47802","post","type-post","status-publish","format-standard","has-post-thumbnail","hentry","category-economia"],"distributor_meta":false,"distributor_terms":false,"distributor_media":false,"distributor_original_site_name":"Noticias em Destaque","distributor_original_site_url":"https:\/\/noticiasdestaque.com.br","push-errors":false,"_links":{"self":[{"href":"https:\/\/noticiasdestaque.com.br\/index.php\/wp-json\/wp\/v2\/posts\/47802","targetHints":{"allow":["GET"]}}],"collection":[{"href":"https:\/\/noticiasdestaque.com.br\/index.php\/wp-json\/wp\/v2\/posts"}],"about":[{"href":"https:\/\/noticiasdestaque.com.br\/index.php\/wp-json\/wp\/v2\/types\/post"}],"author":[{"embeddable":true,"href":"https:\/\/noticiasdestaque.com.br\/index.php\/wp-json\/wp\/v2\/users\/1"}],"replies":[{"embeddable":true,"href":"https:\/\/noticiasdestaque.com.br\/index.php\/wp-json\/wp\/v2\/comments?post=47802"}],"version-history":[{"count":0,"href":"https:\/\/noticiasdestaque.com.br\/index.php\/wp-json\/wp\/v2\/posts\/47802\/revisions"}],"wp:featuredmedia":[{"embeddable":true,"href":"https:\/\/noticiasdestaque.com.br\/index.php\/wp-json\/wp\/v2\/media\/47803"}],"wp:attachment":[{"href":"https:\/\/noticiasdestaque.com.br\/index.php\/wp-json\/wp\/v2\/media?parent=47802"}],"wp:term":[{"taxonomy":"category","embeddable":true,"href":"https:\/\/noticiasdestaque.com.br\/index.php\/wp-json\/wp\/v2\/categories?post=47802"},{"taxonomy":"post_tag","embeddable":true,"href":"https:\/\/noticiasdestaque.com.br\/index.php\/wp-json\/wp\/v2\/tags?post=47802"}],"curies":[{"name":"wp","href":"https:\/\/api.w.org\/{rel}","templated":true}]}}