{"id":47790,"date":"2025-11-23T18:00:00","date_gmt":"2025-11-23T21:00:00","guid":{"rendered":"https:\/\/noticiasdestaque.com.br\/index.php\/2025\/11\/23\/previsao-do-tempo-nordeste-com-poucas-nuvens-e-chuvas-isoladas-nesta-segunda-feira-24\/"},"modified":"2025-11-23T18:00:00","modified_gmt":"2025-11-23T21:00:00","slug":"previsao-do-tempo-nordeste-com-poucas-nuvens-e-chuvas-isoladas-nesta-segunda-feira-24","status":"publish","type":"post","link":"https:\/\/noticiasdestaque.com.br\/index.php\/2025\/11\/23\/previsao-do-tempo-nordeste-com-poucas-nuvens-e-chuvas-isoladas-nesta-segunda-feira-24\/","title":{"rendered":"PREVIS\u00c3O DO TEMPO: Nordeste com poucas nuvens e chuvas isoladas nesta segunda-feira (24)"},"content":{"rendered":"<p>\t\t\t\t\t\t\t\t\t\t\t<audio controls class=\"b61_audio_player\" data-noticia=\"85976\" src=\"https:\/\/brasil61.com\/rails\/active_storage\/blobs\/eyJfcmFpbHMiOnsibWVzc2FnZSI6IkJBaHBBNmpDQXc9PSIsImV4cCI6bnVsbCwicHVyIjoiYmxvYl9pZCJ9fQ==--0caae2157c9835b157a51fc5390017d11eb3bd83\/PTND254870A\"><\/audio><\/p>\n<p>A <strong>previs\u00e3o do tempo para a Regi\u00e3o Nordeste<\/strong> do pa\u00eds, nesta <strong>segunda-feira (24)<\/strong>, indica <strong>poucas nuvens e com chuvas isoladas em algumas localidades<\/strong>.<\/p>\n<p>O dia \u00e9 de poucas nuvens em Sergipe, Alagoas, Pernambuco, Rio Grande do Norte e Maranh\u00e3o. O mesmo afeta o Vale S\u00e3o Franciscano da Bahia at\u00e9 a Regi\u00e3o Metropolitana de Salvador, o Agreste e a Mata Paraibana, o litoral do Cear\u00e1 e do centro ao sul do Piau\u00ed.<\/p>\n<p>O c\u00e9u \u00e9 claro nas regi\u00f5es do Sert\u00e3o pernambucano, em Borborema,\u00a0e no Sert\u00e3o paraibano, no norte piauiense\u00a0e no interior cearense.<\/p>\n<p>As pancadas de chuva e possibilidade de chuva isolada se concentram no Extremo Oeste ao Sul Baiano, em munic\u00edpios como Lu\u00eds Eduardo Magalh\u00e3es e Belmonte.<\/p>\n<p>Entre as capitais, a temperatura <strong>m\u00ednima prevista \u00e9 de 22\u00b0C, em Salvador e Macei\u00f3<\/strong>. J\u00e1 a <strong>m\u00e1xima pode chegar at\u00e9 37\u00b0C, em Teresina<\/strong>. A umidade relativa do ar varia entre <strong>30% e 97%<\/strong>.<\/p>\n<h2>5 motivos para acompanhar as previs\u00f5es do tempo<\/h2>\n<ul>\n<li>Agricultura: garantia de uma boa colheita;<\/li>\n<li>Marinha: prote\u00e7\u00e3o de marinheiros, navios e passageiros;<\/li>\n<li>Aeron\u00e1utica: seguran\u00e7a de pilotos, aeronaves e passageiros;<\/li>\n<li>Pesca: condi\u00e7\u00f5es favor\u00e1veis e seguras para a atividade;<\/li>\n<li>Turismo: garantia de passeios e viagens tranquilas e agrad\u00e1veis.<\/li>\n<\/ul>\n<h2>Import\u00e2ncia das observa\u00e7\u00f5es meteorol\u00f3gicas no INMET<\/h2>\n<p>As observa\u00e7\u00f5es meteorol\u00f3gicas do INMET s\u00e3o essenciais para previs\u00f5es em tempo real, estat\u00edsticas clim\u00e1ticas e coopera\u00e7\u00e3o internacional. Esses dados precisos ajudam a estudar o clima passado e a produzir Normais Climatol\u00f3gicas conforme a Organiza\u00e7\u00e3o Meteorol\u00f3gica Mundial (<a href=\"https:\/\/worldweather.wmo.int\/pt\/home.html\">OMM<\/a>).<\/p>\n<p>As informa\u00e7\u00f5es s\u00e3o do Instituto Nacional de Meteorologia (<a href=\"https:\/\/portal.inmet.gov.br\/\">Inmet<\/a>).<\/p>\n<p>\u00a0<\/p>\n<p>\t\t\t\t\t\t\t\t\t\t<img loading=\"lazy\" decoding=\"async\" src=\"https:\/\/brasil61.com\/api\/v1\/serve_pixel\/17677\/85976\" alt=\"Pixel Brasil 61\" class=\"b61_pixel\" width=\"0\" height=\"0\"><\/p>\n<input type=\"hidden\" id=\"baseurl\" value=\"https:\/\/noticiasdestaque.com.br\"><input type=\"hidden\" id=\"audio_nonce\" value=\"6a24ca502e\">","protected":false},"excerpt":{"rendered":"<p>Entre as capitais, a temperatura m\u00ednima prevista \u00e9 de 22\u00b0C em Salvador e Macei\u00f3. J\u00e1 a m\u00e1xima pode chegar at\u00e9 37\u00b0C em Teresina<\/p>\n","protected":false},"author":1,"featured_media":47791,"comment_status":"open","ping_status":"open","sticky":false,"template":"","format":"standard","meta":{"fifu_image_url":"","fifu_image_alt":"","footnotes":""},"categories":[58],"tags":[],"class_list":["post-47790","post","type-post","status-publish","format-standard","has-post-thumbnail","hentry","category-cotidiano"],"distributor_meta":false,"distributor_terms":false,"distributor_media":false,"distributor_original_site_name":"Noticias em Destaque","distributor_original_site_url":"https:\/\/noticiasdestaque.com.br","push-errors":false,"_links":{"self":[{"href":"https:\/\/noticiasdestaque.com.br\/index.php\/wp-json\/wp\/v2\/posts\/47790","targetHints":{"allow":["GET"]}}],"collection":[{"href":"https:\/\/noticiasdestaque.com.br\/index.php\/wp-json\/wp\/v2\/posts"}],"about":[{"href":"https:\/\/noticiasdestaque.com.br\/index.php\/wp-json\/wp\/v2\/types\/post"}],"author":[{"embeddable":true,"href":"https:\/\/noticiasdestaque.com.br\/index.php\/wp-json\/wp\/v2\/users\/1"}],"replies":[{"embeddable":true,"href":"https:\/\/noticiasdestaque.com.br\/index.php\/wp-json\/wp\/v2\/comments?post=47790"}],"version-history":[{"count":0,"href":"https:\/\/noticiasdestaque.com.br\/index.php\/wp-json\/wp\/v2\/posts\/47790\/revisions"}],"wp:featuredmedia":[{"embeddable":true,"href":"https:\/\/noticiasdestaque.com.br\/index.php\/wp-json\/wp\/v2\/media\/47791"}],"wp:attachment":[{"href":"https:\/\/noticiasdestaque.com.br\/index.php\/wp-json\/wp\/v2\/media?parent=47790"}],"wp:term":[{"taxonomy":"category","embeddable":true,"href":"https:\/\/noticiasdestaque.com.br\/index.php\/wp-json\/wp\/v2\/categories?post=47790"},{"taxonomy":"post_tag","embeddable":true,"href":"https:\/\/noticiasdestaque.com.br\/index.php\/wp-json\/wp\/v2\/tags?post=47790"}],"curies":[{"name":"wp","href":"https:\/\/api.w.org\/{rel}","templated":true}]}}