{"id":47770,"date":"2025-11-22T04:45:00","date_gmt":"2025-11-22T07:45:00","guid":{"rendered":"https:\/\/noticiasdestaque.com.br\/index.php\/2025\/11\/22\/cinco-aeroportos-da-regiao-norte-batem-recorde-de-passageiros-em-2025\/"},"modified":"2025-11-24T22:07:01","modified_gmt":"2025-11-25T01:07:01","slug":"cinco-aeroportos-da-regiao-norte-batem-recorde-de-passageiros-em-2025","status":"publish","type":"post","link":"https:\/\/noticiasdestaque.com.br\/index.php\/2025\/11\/22\/cinco-aeroportos-da-regiao-norte-batem-recorde-de-passageiros-em-2025\/","title":{"rendered":"Cinco aeroportos da Regi\u00e3o Norte batem recorde de passageiros em 2025"},"content":{"rendered":"<p>\t\t\t\t\t\t\t\t\t\t<audio controls class=\"b61_audio_player\" data-noticia=\"86004\" src=\"https:\/\/brasil61.com\/rails\/active_storage\/blobs\/eyJfcmFpbHMiOnsibWVzc2FnZSI6IkJBaHBBOXJDQXc9PSIsImV4cCI6bnVsbCwicHVyIjoiYmxvYl9pZCJ9fQ==--8301a77b31edc58cfea07e5d561f1a4182bc2697\/MPOR250130A\"><\/audio><\/p>\n<p>A Regi\u00e3o Norte do Brasil registrou, nos primeiros nove meses de 2025, o maior volume de passageiros dos \u00faltimos dez anos. <strong>Cinco aeroportos<\/strong>, Manaus (AM), Palmas (TO), Marab\u00e1 (PA), Rio Branco (AC) e Parauapebas (PA), somaram juntos 3,6 milh\u00f5es de embarques e desembarques, segundo dados da<strong> Ag\u00eancia Nacional de Avia\u00e7\u00e3o Civil (Anac)<\/strong>. O resultado supera todas as marcas anteriores desde 2016, evidenciando o crescimento do transporte a\u00e9reo regional e a<strong> import\u00e2ncia estrat\u00e9gica<\/strong> desses terminais para o desenvolvimento da regi\u00e3o.<\/p>\n<p>O destaque fica para o <strong>Aeroporto Internacional de Manaus<\/strong>, que ultrapassou pela primeira vez a marca de <strong>2,35 milh\u00f5es de passageiros<\/strong>, superando o recorde pr\u00e9-pandemia de 2019. Palmas tamb\u00e9m bateu seu recorde hist\u00f3rico, com 553 mil passageiros, enquanto Rio Branco registrou 269 mil, superando o pico de 2018.\u00a0<\/p>\n<p>Em territ\u00f3rio paraense, Marab\u00e1 e Parauapebas alcan\u00e7aram 284 mil e 158 mil passageiros, respectivamente, ambos com crescimento expressivo em rela\u00e7\u00e3o a 2024.<\/p>\n<h2>Aeroporto de Bel\u00e9m: o mais movimentado da regi\u00e3o<\/h2>\n<p>O Aeroporto de Bel\u00e9m manteve sua posi\u00e7\u00e3o como o mais movimentado de toda a Regi\u00e3o Norte, registrando <strong>2,83 milh\u00f5es de passageiros<\/strong>. Esse n\u00famero representa uma leve acomoda\u00e7\u00e3o ap\u00f3s o recorde de 2024 para este per\u00edodo, quando atingiu a marca de 2,97 milh\u00f5es de passageiros, mas ainda \u00e9 o segundo melhor resultado do terminal na \u00faltima d\u00e9cada no acumulado de janeiro a setembro.<\/p>\n<p>E, ainda que o Aeroporto de Bel\u00e9m continue sendo o mais movimentado da regi\u00e3o, com 2,83 milh\u00f5es de passageiros, os demais terminais demonstram um avan\u00e7o cont\u00ednuo, impulsionado por pol\u00edticas de moderniza\u00e7\u00e3o e investimentos em infraestrutura.\u00a0<\/p>\n<p>O <strong>ministro de Portos e Aeroportos<\/strong>, <strong>Silvio Costa Filho<\/strong>, destacou o compromisso do governo federal com a melhoria dos aeroportos regionais: &#8220;O Governo Federal est\u00e1 comprometido com a moderniza\u00e7\u00e3o dos aeroportos em todo o pa\u00eds, e a Regi\u00e3o Norte \u00e9 parte desse esfor\u00e7o. O bom desempenho da movimenta\u00e7\u00e3o regional demonstra o potencial da \u00e1rea e refor\u00e7a a import\u00e2ncia de continuarmos investindo em sua infraestrutura aeroportu\u00e1ria.&#8221;<\/p>\n<p>A diretora do Departamento de Investimentos da Secretaria Nacional de Avia\u00e7\u00e3o Civil, Luiza Deusdar\u00e1, refor\u00e7a o papel da regionaliza\u00e7\u00e3o da avia\u00e7\u00e3o: &#8220;O Minist\u00e9rio de Portos e Aeroportos est\u00e1 concentrando esfor\u00e7os para a regionaliza\u00e7\u00e3o porque acreditamos no potencial desse segmento para a integra\u00e7\u00e3o nacional e tamb\u00e9m para a amplia\u00e7\u00e3o do acesso a servi\u00e7os de sa\u00fade e outras pol\u00edticas p\u00fablicas.\u201d<\/p>\n<p>Segundo Luiza, a prova de que os brasileiros desejam viajar, conhecer o pa\u00eds, visitar familiares distantes, s\u00e3o os recordes de movimenta\u00e7\u00e3o de passageiros na Regi\u00e3o Norte. \u201cOs aeroportos de Manaus, Palmas, Marab\u00e1, Rio Branco e Parauapebas somaram <strong>mais de 3 milh\u00f5es de passageiros<\/strong> at\u00e9 setembro deste ano, isso sem contar com o aeroporto de Bel\u00e9m, que ainda ter\u00e1 um salto enorme por conta da COP30&#8243;.<\/p>\n<p>\t\t\t\t\t\t\t\t\t<img loading=\"lazy\" decoding=\"async\" src=\"https:\/\/brasil61.com\/api\/v1\/serve_pixel\/17677\/86004\" alt=\"Pixel Brasil 61\" class=\"b61_pixel\" width=\"0\" height=\"0\"><\/p>\n<input type=\"hidden\" id=\"baseurl\" value=\"https:\/\/noticiasdestaque.com.br\"><input type=\"hidden\" id=\"audio_nonce\" value=\"6f73a554f1\">","protected":false},"excerpt":{"rendered":"<p>Destaque fica para o Aeroporto Internacional de Manaus, que ultrapassou pela primeira vez a marca de 2,35 milh\u00f5es de passageiros<\/p>\n","protected":false},"author":1,"featured_media":47825,"comment_status":"open","ping_status":"open","sticky":false,"template":"","format":"standard","meta":{"fifu_image_url":"","fifu_image_alt":"","footnotes":""},"categories":[59],"tags":[],"class_list":["post-47770","post","type-post","status-publish","format-standard","has-post-thumbnail","hentry","category-economia"],"distributor_meta":false,"distributor_terms":false,"distributor_media":false,"distributor_original_site_name":"Noticias em Destaque","distributor_original_site_url":"https:\/\/noticiasdestaque.com.br","push-errors":false,"_links":{"self":[{"href":"https:\/\/noticiasdestaque.com.br\/index.php\/wp-json\/wp\/v2\/posts\/47770","targetHints":{"allow":["GET"]}}],"collection":[{"href":"https:\/\/noticiasdestaque.com.br\/index.php\/wp-json\/wp\/v2\/posts"}],"about":[{"href":"https:\/\/noticiasdestaque.com.br\/index.php\/wp-json\/wp\/v2\/types\/post"}],"author":[{"embeddable":true,"href":"https:\/\/noticiasdestaque.com.br\/index.php\/wp-json\/wp\/v2\/users\/1"}],"replies":[{"embeddable":true,"href":"https:\/\/noticiasdestaque.com.br\/index.php\/wp-json\/wp\/v2\/comments?post=47770"}],"version-history":[{"count":1,"href":"https:\/\/noticiasdestaque.com.br\/index.php\/wp-json\/wp\/v2\/posts\/47770\/revisions"}],"predecessor-version":[{"id":47824,"href":"https:\/\/noticiasdestaque.com.br\/index.php\/wp-json\/wp\/v2\/posts\/47770\/revisions\/47824"}],"wp:featuredmedia":[{"embeddable":true,"href":"https:\/\/noticiasdestaque.com.br\/index.php\/wp-json\/wp\/v2\/media\/47825"}],"wp:attachment":[{"href":"https:\/\/noticiasdestaque.com.br\/index.php\/wp-json\/wp\/v2\/media?parent=47770"}],"wp:term":[{"taxonomy":"category","embeddable":true,"href":"https:\/\/noticiasdestaque.com.br\/index.php\/wp-json\/wp\/v2\/categories?post=47770"},{"taxonomy":"post_tag","embeddable":true,"href":"https:\/\/noticiasdestaque.com.br\/index.php\/wp-json\/wp\/v2\/tags?post=47770"}],"curies":[{"name":"wp","href":"https:\/\/api.w.org\/{rel}","templated":true}]}}