{"id":47722,"date":"2025-11-20T04:55:00","date_gmt":"2025-11-20T07:55:00","guid":{"rendered":"https:\/\/noticiasdestaque.com.br\/index.php\/2025\/11\/20\/setor-empresarial-lanca-agenda-nacional-de-desenvolvimento-sustentavel-na-cop30\/"},"modified":"2025-11-20T04:55:00","modified_gmt":"2025-11-20T07:55:00","slug":"setor-empresarial-lanca-agenda-nacional-de-desenvolvimento-sustentavel-na-cop30","status":"publish","type":"post","link":"https:\/\/noticiasdestaque.com.br\/index.php\/2025\/11\/20\/setor-empresarial-lanca-agenda-nacional-de-desenvolvimento-sustentavel-na-cop30\/","title":{"rendered":"Setor empresarial lan\u00e7a agenda nacional de desenvolvimento sustent\u00e1vel na COP30"},"content":{"rendered":"<p>\t\t\t\t\t\t\t\t\t\t\t<audio controls class=\"b61_audio_player\" data-noticia=\"85962\" src=\"https:\/\/brasil61.com\/rails\/active_storage\/blobs\/eyJfcmFpbHMiOnsibWVzc2FnZSI6IkJBaHBBOW5CQXc9PSIsImV4cCI6bnVsbCwicHVyIjoiYmxvYl9pZCJ9fQ==--900f7ae59ae9bdc1fbc63a8cfdae1f09fcf113b7\/CACB250087A\"><\/audio><\/p>\n<p>Nesta quarta-feira (19), em meio \u00e0s discuss\u00f5es da 30\u00aa Confer\u00eancia das Na\u00e7\u00f5es Unidas sobre Mudan\u00e7as do Clima (COP30), em Bel\u00e9m (PA), a <a href=\"https:\/\/cacb.org.br\/\" target=\"_blank\">Confedera\u00e7\u00e3o das Associa\u00e7\u00f5es Comerciais e Empresariais do Brasil (CACB)<\/a> lan\u00e7ou a <a href=\"https:\/\/cacb.org.br\/wp-content\/uploads\/2025\/11\/AGENDA-EMPRESARIAL.pdf\" target=\"_blank\">Agenda Empresarial de Desenvolvimento Econ\u00f4mico Sustent\u00e1vel 2030<\/a>. O <strong>documento elenca sete objetivos voltados \u00e0 transi\u00e7\u00e3o energ\u00e9tica, bioeconomia e log\u00edstica reversa.\u00a0<\/strong><\/p>\n<p>A a\u00e7\u00e3o in\u00e9dita voltada \u00e0 sustentabilidade re\u00fane propostas para estimular pol\u00edticas verdes, promover a inclus\u00e3o social e estabelecer metas a serem cumpridas at\u00e9 o fim da d\u00e9cada. Entre os <strong>objetivos est\u00e3o regulamentar o sistema brasileiro de com\u00e9rcio de emiss\u00f5es de efeito estufa, estimular a cria\u00e7\u00e3o de incentivos junto ao governo federal, fomentar programas de log\u00edstica reversa e promover a educa\u00e7\u00e3o ambiental no meio empresarial.<\/strong><\/p>\n<p>Outra a\u00e7\u00e3o prevista \u00e9 o<strong> programa CEP Para Todos Amaz\u00f4nia, destinado \u00e0 regulariza\u00e7\u00e3o de endere\u00e7os e \u00e0 inclus\u00e3o documental de comunidades ribeirinhas e rurais na Regi\u00e3o Amaz\u00f4nica.<\/strong><\/p>\n<p>O coordenador do Conselho Empresarial da Amaz\u00f4nia Legal da CACB, Marco C\u00e9sar Kobayashi, ressaltou que a entidade conta com a parceria das associa\u00e7\u00f5es para avan\u00e7ar com a agenda. Ele tamb\u00e9m destaca o potencial das medidas para a sociedade civil:<\/p>\n<p>\u201cA nossa expectativa \u00e9 que a agenda possa <strong>balizar as a\u00e7\u00f5es das associa\u00e7\u00f5es comerciais e federa\u00e7\u00f5es de todo o pa\u00eds<\/strong>, no prop\u00f3sito de <strong>alcan\u00e7ar o avan\u00e7o do desenvolvimento econ\u00f4mico e social de forma sustent\u00e1vel<\/strong>, justa e respons\u00e1vel\u201d, afirma.<\/p>\n<p>Segundo Kobayashi, a implementa\u00e7\u00e3o das a\u00e7\u00f5es deve gerar impactos relevantes no PIB brasileiro e na economia local.<\/p>\n<p>O presidente da <a href=\"https:\/\/faciapa.com.br\/pt-br\" target=\"_blank\">Federa\u00e7\u00e3o das Associa\u00e7\u00f5es Comerciais e Empresariais do Par\u00e1 (Faciapa)<\/a>, Leonardo Pinheiro, ressaltou a import\u00e2ncia da execu\u00e7\u00e3o da agenda no Norte do pa\u00eds. \u201cVamos construir as a\u00e7\u00f5es para cumprir esse projeto com todas as associa\u00e7\u00f5es e seus associados\u201d. J\u00e1 a presidente da<a href=\"https:\/\/acp.com.br\/\" target=\"_blank\"> Associa\u00e7\u00e3o Comercial do Par\u00e1 (ACP)<\/a>, Elizabeth Grunvald, refor\u00e7ou a ades\u00e3o do setor empresarial \u00e0 agenda. \u201cEstamos muito felizes com esse compromisso\u201d, salientou.<\/p>\n<h2>Conhe\u00e7a a Agenda de Desenvolvimento Econ\u00f4mico Sustent\u00e1vel 2030 da CACB<\/h2>\n<p>A agenda foi organizada pelo Conselho Empresarial da Amaz\u00f4nia Legal da CACB e assinada na ACP.\u00a0<\/p>\n<p>A iniciativa marca o in\u00edcio de uma articula\u00e7\u00e3o nacional, com \u00eanfase numa alian\u00e7a do setor produtivo que <strong>busca levar a agenda sustent\u00e1vel para al\u00e9m da Amaz\u00f4nia e envolver empresas de todos os setores at\u00e9 2030.<\/strong><\/p>\n<p><strong>Confira os sete objetivos:<\/strong><\/p>\n<ul>\n<li>Regulamentar o sistema de gases de efeito estufa; \u00a0<\/li>\n<li>Provocar incentivos junto ao governo federal;<\/li>\n<li>Fomentar a log\u00edstica reversa;<\/li>\n<li>Promover educa\u00e7\u00e3o ambiental nas empresas;<\/li>\n<li>Apoiar a transi\u00e7\u00e3o energ\u00e9tica do setor produtivo;<\/li>\n<li>Valorizar a bioeconomia; e<\/li>\n<li>Viabilizar o programa CEP Para Todos Amaz\u00f4nia, em parceria com Instituto Liberal de S\u00e3o Paulo.<\/li>\n<\/ul>\n<p>A CACB ser\u00e1 respons\u00e1vel por executar a agenda por meio da mobiliza\u00e7\u00e3o das federa\u00e7\u00f5es estaduais e das associa\u00e7\u00f5es municipais.\u00a0<br \/>\n\u00a0<\/p>\n<p>\t\t\t\t\t\t\t\t\t\t<img loading=\"lazy\" decoding=\"async\" src=\"https:\/\/brasil61.com\/api\/v1\/serve_pixel\/17677\/85962\" alt=\"Pixel Brasil 61\" class=\"b61_pixel\" width=\"0\" height=\"0\"><\/p>\n<input type=\"hidden\" id=\"baseurl\" value=\"https:\/\/noticiasdestaque.com.br\"><input type=\"hidden\" id=\"audio_nonce\" value=\"6a24ca502e\">","protected":false},"excerpt":{"rendered":"<p>CACB apresenta sete metas para acelerar transi\u00e7\u00e3o energ\u00e9tica, fortalecer a bioeconomia e ampliar inclus\u00e3o na Amaz\u00f4nia<\/p>\n","protected":false},"author":1,"featured_media":47723,"comment_status":"open","ping_status":"open","sticky":false,"template":"","format":"standard","meta":{"fifu_image_url":"","fifu_image_alt":"","footnotes":""},"categories":[48],"tags":[],"class_list":["post-47722","post","type-post","status-publish","format-standard","has-post-thumbnail","hentry","category-mundo"],"distributor_meta":false,"distributor_terms":false,"distributor_media":false,"distributor_original_site_name":"Noticias em Destaque","distributor_original_site_url":"https:\/\/noticiasdestaque.com.br","push-errors":false,"_links":{"self":[{"href":"https:\/\/noticiasdestaque.com.br\/index.php\/wp-json\/wp\/v2\/posts\/47722","targetHints":{"allow":["GET"]}}],"collection":[{"href":"https:\/\/noticiasdestaque.com.br\/index.php\/wp-json\/wp\/v2\/posts"}],"about":[{"href":"https:\/\/noticiasdestaque.com.br\/index.php\/wp-json\/wp\/v2\/types\/post"}],"author":[{"embeddable":true,"href":"https:\/\/noticiasdestaque.com.br\/index.php\/wp-json\/wp\/v2\/users\/1"}],"replies":[{"embeddable":true,"href":"https:\/\/noticiasdestaque.com.br\/index.php\/wp-json\/wp\/v2\/comments?post=47722"}],"version-history":[{"count":0,"href":"https:\/\/noticiasdestaque.com.br\/index.php\/wp-json\/wp\/v2\/posts\/47722\/revisions"}],"wp:featuredmedia":[{"embeddable":true,"href":"https:\/\/noticiasdestaque.com.br\/index.php\/wp-json\/wp\/v2\/media\/47723"}],"wp:attachment":[{"href":"https:\/\/noticiasdestaque.com.br\/index.php\/wp-json\/wp\/v2\/media?parent=47722"}],"wp:term":[{"taxonomy":"category","embeddable":true,"href":"https:\/\/noticiasdestaque.com.br\/index.php\/wp-json\/wp\/v2\/categories?post=47722"},{"taxonomy":"post_tag","embeddable":true,"href":"https:\/\/noticiasdestaque.com.br\/index.php\/wp-json\/wp\/v2\/tags?post=47722"}],"curies":[{"name":"wp","href":"https:\/\/api.w.org\/{rel}","templated":true}]}}