{"id":47718,"date":"2025-11-20T04:15:00","date_gmt":"2025-11-20T07:15:00","guid":{"rendered":"https:\/\/noticiasdestaque.com.br\/index.php\/2025\/11\/20\/novo-marco-anticrime-preve-penas-mais-duras-e-regras-rigidas-de-progressao\/"},"modified":"2025-11-20T04:15:00","modified_gmt":"2025-11-20T07:15:00","slug":"novo-marco-anticrime-preve-penas-mais-duras-e-regras-rigidas-de-progressao","status":"publish","type":"post","link":"https:\/\/noticiasdestaque.com.br\/index.php\/2025\/11\/20\/novo-marco-anticrime-preve-penas-mais-duras-e-regras-rigidas-de-progressao\/","title":{"rendered":"Novo marco anticrime prev\u00ea penas mais duras e regras r\u00edgidas de progress\u00e3o"},"content":{"rendered":"<p>\t\t\t\t\t\t\t\t\t\t\t<audio controls class=\"b61_audio_player\" data-noticia=\"85963\" src=\"https:\/\/brasil61.com\/rails\/active_storage\/blobs\/eyJfcmFpbHMiOnsibWVzc2FnZSI6IkJBaHBBKzNCQXc9PSIsImV4cCI6bnVsbCwicHVyIjoiYmxvYl9pZCJ9fQ==--60e9830f267802c1265f441f45bbd6153cffa476\/BRAS2515183A\"><\/audio><\/p>\n<p>O <a href=\"https:\/\/brasil61.com\/noticias\/tag\/senado\">Senado<\/a> iniciou os trabalhos para discutir o novo marco legal de combate ao crime organizado. Diferentemente do que ocorreu na <a href=\"https:\/\/brasil61.com\/noticias\/tag\/camara-dos-deputados\">C\u00e2mara dos Deputados<\/a> \u2014 onde o projeto foi levado diretamente ao plen\u00e1rio \u2014 a an\u00e1lise na Casa Alta come\u00e7ar\u00e1 pela Comiss\u00e3o de Constitui\u00e7\u00e3o e Justi\u00e7a (CCJ), sob relatoria do senador Alessandro Vieira (MDB-SE).<\/p>\n<p>\u201cO Brasil precisa de um projeto vi\u00e1vel que fortale\u00e7a o combate ao crime, com penas mais duras e novas ferramentas de investiga\u00e7\u00e3o e descapitaliza\u00e7\u00e3o dos criminosos\u201d, publicou o parlamentar nas redes sociais. Ele afirmou que buscar\u00e1 consenso em torno da proposta, j\u00e1 que o debate na C\u00e2mara foi marcado por embates pol\u00edticos. O texto, de autoria do governo federal, passou por altera\u00e7\u00f5es feitas pelo relator, deputado Guilherme Derrite (PP-SP), secret\u00e1rio de Seguran\u00e7a P\u00fablica de S\u00e3o Paulo, licenciado do cargo para conduzir a mat\u00e9ria.<\/p>\n<p>Durante a tramita\u00e7\u00e3o, governistas tentaram barrar o avan\u00e7o do projeto e retomar a vers\u00e3o original. A oposi\u00e7\u00e3o, por sua vez, considerava o texto inicial \u201cfraco\u201d e defendia mudan\u00e7as. Ap\u00f3s duas semanas de debates e seis vers\u00f5es diferentes, o <a href=\"https:\/\/www.camara.leg.br\/proposicoesWeb\/fichadetramitacao?idProposicao=2579832\">PL 5.582\/2025<\/a> foi aprovado pelos deputados na ter\u00e7a-feira (18), por 370 votos a 110. A expectativa \u00e9 que, no Senado, as discuss\u00f5es tenham car\u00e1ter mais t\u00e9cnico.<\/p>\n<h2>Cria\u00e7\u00e3o e aumento de penas<\/h2>\n<p>Segundo o relat\u00f3rio apresentado por Derrite, as vers\u00f5es anteriores serviram de base para o aperfei\u00e7oamento da proposta, que incorporou sugest\u00f5es de parlamentares, do Minist\u00e9rio P\u00fablico, de magistrados e de especialistas em seguran\u00e7a p\u00fablica. Para ele, a expans\u00e3o do crime organizado decorre da transforma\u00e7\u00e3o das fac\u00e7\u00f5es em organiza\u00e7\u00f5es empresariais, capazes de infiltrar-se em contratos p\u00fablicos, empresas e institui\u00e7\u00f5es financeiras.<\/p>\n<p>O projeto cria novos tipos penais espec\u00edficos para crimes ligados \u00e0 atua\u00e7\u00e3o de fac\u00e7\u00f5es ou mil\u00edcias ultraviolentas \u2014 como \u201cnovo canga\u00e7o\u201d, dom\u00ednio territorial, uso de explosivos e drones, e ataques \u00e0 infraestrutura \u2014 com penas que variam de 20 a 40 anos de pris\u00e3o. J\u00e1 o crime de favorecimento \u00e0 atividade faccionada poder\u00e1 ser punido com 12 a 20 anos de reclus\u00e3o.<\/p>\n<p>As regras para progress\u00e3o de regime tamb\u00e9m ficam mais r\u00edgidas: a mudan\u00e7a do regime fechado para o semiaberto ou aberto poder\u00e1 exigir o cumprimento de 70% a 85% da pena. Lideran\u00e7as dessas organiza\u00e7\u00f5es criminosas dever\u00e3o cumprir a condena\u00e7\u00e3o em pres\u00eddios federais de seguran\u00e7a m\u00e1xima.<\/p>\n<p>Al\u00e9m disso, s\u00e3o agravadas as penas de crimes cometidos por integrantes de fac\u00e7\u00f5es ou mil\u00edcias:<\/p>\n<ul>\n<li>Homic\u00eddio: 20 a 40 anos<\/li>\n<li>Les\u00e3o seguida de morte: 20 a 40 anos<\/li>\n<li>Sequestro: 12 a 20 anos<\/li>\n<li>Roubo: 12 a 30 anos<\/li>\n<li>Latroc\u00ednio: 20 a 40 anos<\/li>\n<li>Extors\u00e3o: aumento do triplo das penas em todos os casos<\/li>\n<li>Extors\u00e3o por meio de sequestro: aumento de 2\/3 das penas em todos os casos.<\/li>\n<\/ul>\n<h2>Impasses<\/h2>\n<p>Durante as negocia\u00e7\u00f5es na C\u00e2mara, dois pontos foram retirados ap\u00f3s impasses com integrantes do governo. O primeiro foi a equipara\u00e7\u00e3o de fac\u00e7\u00f5es a organiza\u00e7\u00f5es terroristas, barrada pelo presidente da C\u00e2mara, Hugo Motta (Republicanos-PB). O segundo foi uma tentativa de alterar atribui\u00e7\u00f5es da Pol\u00edcia Federal, \u00f3rg\u00e3o respons\u00e1vel por investigar crimes interestaduais.<\/p>\n<p>Mesmo assim, o texto aprovado modifica a divis\u00e3o de bens apreendidos em opera\u00e7\u00f5es. Quando houver atua\u00e7\u00e3o conjunta de \u00f3rg\u00e3os federais e estaduais, os valores confiscados ser\u00e3o destinados ao Fundo Nacional de Seguran\u00e7a P\u00fablica (FNSP), com reparti\u00e7\u00e3o entre os entes. Para o ministro da Fazenda, Fernando Haddad, a medida prejudica \u00f3rg\u00e3os de fiscaliza\u00e7\u00e3o. \u201cTemos que refor\u00e7ar o Minist\u00e9rio P\u00fablico, o COAF, a Pol\u00edcia Federal e a Receita Federal \u2014 inclusive o Minist\u00e9rio P\u00fablico estadual \u2014 para combater o crime organizado, e n\u00e3o asfixiar a Pol\u00edcia Federal retirando recursos no momento de maior atua\u00e7\u00e3o contra o crime\u201d, alertou.<\/p>\n<h2>Pr\u00f3ximos passos<\/h2>\n<p>\nPara ser aprovada na CCJ do Senado, a proposta precisa de maioria simples. Caso sofra altera\u00e7\u00f5es, retornar\u00e1 \u00e0 C\u00e2mara para nova an\u00e1lise. Aprovado pelas duas Casas, o texto ser\u00e1 encaminhado para a Presid\u00eancia da Rep\u00fablica, que poder\u00e1 sancion\u00e1-lo integral ou parcialmente, ou vet\u00e1-lo.<\/p>\n<p>Nas redes sociais, o presidente Lula refor\u00e7ou as cr\u00edticas ao texto aprovado pelos deputados. \u201cDo jeito que est\u00e1, enfraquece o combate ao crime e gera inseguran\u00e7a jur\u00eddica. Trocar o certo pelo duvidoso s\u00f3 favorece quem quer escapar da lei\u201d, escreveu.<\/p>\n<p>\t\t\t\t\t\t\t\t\t\t<img loading=\"lazy\" decoding=\"async\" src=\"https:\/\/brasil61.com\/api\/v1\/serve_pixel\/17677\/85963\" alt=\"Pixel Brasil 61\" class=\"b61_pixel\" width=\"0\" height=\"0\"><\/p>\n<input type=\"hidden\" id=\"baseurl\" value=\"https:\/\/noticiasdestaque.com.br\"><input type=\"hidden\" id=\"audio_nonce\" value=\"6a24ca502e\">","protected":false},"excerpt":{"rendered":"<p>Projeto aprovado na C\u00e2mara cria tipos penais para a\u00e7\u00f5es de fac\u00e7\u00f5es e mil\u00edcias e ser\u00e1 reavaliado pela CCJ do Senado<\/p>\n","protected":false},"author":1,"featured_media":47719,"comment_status":"open","ping_status":"open","sticky":false,"template":"","format":"standard","meta":{"fifu_image_url":"","fifu_image_alt":"","footnotes":""},"categories":[50],"tags":[],"class_list":["post-47718","post","type-post","status-publish","format-standard","has-post-thumbnail","hentry","category-politica"],"distributor_meta":false,"distributor_terms":false,"distributor_media":false,"distributor_original_site_name":"Noticias em Destaque","distributor_original_site_url":"https:\/\/noticiasdestaque.com.br","push-errors":false,"_links":{"self":[{"href":"https:\/\/noticiasdestaque.com.br\/index.php\/wp-json\/wp\/v2\/posts\/47718","targetHints":{"allow":["GET"]}}],"collection":[{"href":"https:\/\/noticiasdestaque.com.br\/index.php\/wp-json\/wp\/v2\/posts"}],"about":[{"href":"https:\/\/noticiasdestaque.com.br\/index.php\/wp-json\/wp\/v2\/types\/post"}],"author":[{"embeddable":true,"href":"https:\/\/noticiasdestaque.com.br\/index.php\/wp-json\/wp\/v2\/users\/1"}],"replies":[{"embeddable":true,"href":"https:\/\/noticiasdestaque.com.br\/index.php\/wp-json\/wp\/v2\/comments?post=47718"}],"version-history":[{"count":0,"href":"https:\/\/noticiasdestaque.com.br\/index.php\/wp-json\/wp\/v2\/posts\/47718\/revisions"}],"wp:featuredmedia":[{"embeddable":true,"href":"https:\/\/noticiasdestaque.com.br\/index.php\/wp-json\/wp\/v2\/media\/47719"}],"wp:attachment":[{"href":"https:\/\/noticiasdestaque.com.br\/index.php\/wp-json\/wp\/v2\/media?parent=47718"}],"wp:term":[{"taxonomy":"category","embeddable":true,"href":"https:\/\/noticiasdestaque.com.br\/index.php\/wp-json\/wp\/v2\/categories?post=47718"},{"taxonomy":"post_tag","embeddable":true,"href":"https:\/\/noticiasdestaque.com.br\/index.php\/wp-json\/wp\/v2\/tags?post=47718"}],"curies":[{"name":"wp","href":"https:\/\/api.w.org\/{rel}","templated":true}]}}