{"id":47702,"date":"2025-11-19T04:45:00","date_gmt":"2025-11-19T07:45:00","guid":{"rendered":"https:\/\/noticiasdestaque.com.br\/index.php\/2025\/11\/19\/brasil-fortalece-parcerias-e-fecha-contratos-de-venda-de-aeronaves-nos-emirados-arabes\/"},"modified":"2025-11-19T08:07:19","modified_gmt":"2025-11-19T11:07:19","slug":"brasil-fortalece-parcerias-e-fecha-contratos-de-venda-de-aeronaves-nos-emirados-arabes","status":"publish","type":"post","link":"https:\/\/noticiasdestaque.com.br\/index.php\/2025\/11\/19\/brasil-fortalece-parcerias-e-fecha-contratos-de-venda-de-aeronaves-nos-emirados-arabes\/","title":{"rendered":"Brasil fortalece parcerias e fecha contratos de venda de aeronaves nos Emirados \u00c1rabes"},"content":{"rendered":"<p>\t\t\t\t\t\t\t\t\t\t<audio controls class=\"b61_audio_player\" data-noticia=\"85932\" src=\"https:\/\/brasil61.com\/rails\/active_storage\/blobs\/eyJfcmFpbHMiOnsibWVzc2FnZSI6IkJBaHBBNmpCQXc9PSIsImV4cCI6bnVsbCwicHVyIjoiYmxvYl9pZCJ9fQ==--b73fd7ccd07d3987ef70ac32c62ca28d1c07150a\/MPOR250124A\"><\/audio><\/p>\n<p>Durante agenda oficial em Dubai, nos Emirados \u00c1rabes Unidos (EAU), o <strong>Minist\u00e9rio de Portos e Aeroportos<\/strong> (<a href=\"https:\/\/www.gov.br\/portos-e-aeroportos\/pt-br\">MPor<\/a>) e a <strong><a href=\"https:\/\/www.embraer.com\/pt\/\">Embraer<\/a>\u00a0anunciaram a venda de at\u00e9 20 novos jatos comerciais<\/strong>, al\u00e9m de novas parcerias estrat\u00e9gicas na \u00e1rea de Defesa. O <strong>encontro teve como objetivo ampliar a coopera\u00e7\u00e3o bilateral<\/strong> e apresentar um portf\u00f3lio de oportunidades de investimento nos setores portu\u00e1rio e aerovi\u00e1rio do Brasil.<\/p>\n<p>A comitiva brasileira \u00e9 liderada pelo ministro de Portos e Aeroportos, Silvio Costa Filho, e conta com a presen\u00e7a do presidente da Embraer, Francisco Gomes Neto. Tamb\u00e9m integram a delega\u00e7\u00e3o o titular da Secretaria Nacional de Avia\u00e7\u00e3o Civil (<a href=\"https:\/\/www.gov.br\/portos-e-aeroportos\/pt-br\/assuntos\/conteudo\/aviacao\/secretaria-nacional-de-aviacao-civil\">SAC<\/a>), Daniel Longo, e o diretor-presidente da Ag\u00eancia Nacional de Avia\u00e7\u00e3o Civil (<a href=\"https:\/\/www.gov.br\/anac\/pt-br\">Anac<\/a>), Tiago Faierstein.<\/p>\n<p>Costa Filho destacou o <strong>compromisso do pa\u00eds com a integra\u00e7\u00e3o internacional <\/strong>e a seguran\u00e7a da avia\u00e7\u00e3o civil.\u00a0<\/p>\n<p>\u201cIniciamos di\u00e1logos fundamentais para ampliar nossa conectividade e discutimos a seguran\u00e7a do espa\u00e7o a\u00e9reo global, pauta priorit\u00e1ria para o Brasil. Estamos aqui para mostrar que o Brasil \u00e9 um parceiro seguro, previs\u00edvel e aberto a investimentos que gerem desenvolvimento e aproximem nossas na\u00e7\u00f5es\u201d, disse.<\/p>\n<h2>Acordos<\/h2>\n<p>Entre os <strong>acordos firmados<\/strong>, destaca-se o contrato com a <a href=\"https:\/\/www.aircotedivoire.com\/\">Air C\u00f4te d\u2019Ivoire<\/a>, <strong>companhia a\u00e9rea nacional da Costa do Marfim<\/strong>, que encomendou quatro aeronaves <a href=\"https:\/\/www.embraer.com\/e-jets\/e175\/pt\/\">E175<\/a>, com direito de compra para oito unidades adicionais. O in\u00edcio das entregas est\u00e1 previsto para o primeiro semestre de 2027.<\/p>\n<p>Outra <strong>proposta<\/strong> foi <strong>celebrada<\/strong> com a <a href=\"https:\/\/www.helvetic.com\/\">Helvetic Airways<\/a>, <strong>da Su\u00ed\u00e7a<\/strong>, que formalizou um novo pedido para tr\u00eas jatos <a href=\"https:\/\/www.embraer.com\/e-jets-e2\/e195e2\/pt\/\">E195-E2<\/a>, com direitos de compra adicionais para cinco aeronaves. A primeira entrega est\u00e1 estimada para o final de 2026.<\/p>\n<p>\u201cA Embraer \u00e9 um grande ativo para o Brasil e eu n\u00e3o tenho d\u00favida de que, <strong>com esses novos acordos, a companhia se fortalece cada vez mais no cen\u00e1rio mundial<\/strong>. A produ\u00e7\u00e3o de novas aeronaves significa novos neg\u00f3cios sendo abertos e mais empregos sendo gerados no nosso pa\u00eds\u201d, avaliou o ministro Silvio Costa Filho.<\/p>\n<h2>MoUs<\/h2>\n<p>Al\u00e9m dos contratos comerciais, a <strong>Embraer assinou dois Memorandos de Entendimento<\/strong> (<a href=\"https:\/\/www.gov.br\/anac\/pt-br\/assuntos\/internacional\/memorandos-de-entendimento\">MoUs<\/a>) com as empresas Advanced Military Maintenance, Repair and Overhaul Center (<a href=\"https:\/\/www.ammroc.ae\/\">AMMROC<\/a>) e Global Aerospace Logistics (<a href=\"https:\/\/gal.ae\/\">GAL<\/a>), ambas sediadas nos Emirados \u00c1rabes.\u00a0<\/p>\n<p>Os acordos <strong>representam um passo significativo para a expans\u00e3o da presen\u00e7a da Embraer Defesa<\/strong> e suporte no Oriente M\u00e9dio.<\/p>\n<h2>Encontros com autoridades<\/h2>\n<p>A programa\u00e7\u00e3o em Dubai incluiu tamb\u00e9m encontros com autoridades locais. Entre os <strong>temas discutidos<\/strong>, estiveram:<\/p>\n<ul>\n<li>Investimentos dos Emirados \u00c1rabes Unidos na<strong> produ\u00e7\u00e3o do combust\u00edvel sustent\u00e1vel de avia\u00e7\u00e3o<\/strong> (<a href=\"https:\/\/www.gov.br\/anac\/pt-br\/noticias\/2024\/producao-e-uso-de-combustivel-sustentavel-de-aviacao-saf-vai-a-sancao-presidencial\">SAF<\/a>) no Brasil;\u00a0<\/li>\n<li><strong>Expans\u00e3o da conectividade entre Brasil e EAU<\/strong>, com a amplia\u00e7\u00e3o dos servi\u00e7os para Dubai e o restabelecimento de rotas para Abu Dhabi;\u00a0<\/li>\n<li>Atra\u00e7\u00e3o de <strong>investimentos para a melhoria da infraestrutura aeroportu\u00e1ria brasileira<\/strong>;\u00a0<\/li>\n<li>Coopera\u00e7\u00e3o t\u00e9cnica no <strong>desenvolvimento de eVTOLs<\/strong> (ve\u00edculos el\u00e9tricos de decolagem e aterrissagem vertical);\u00a0<\/li>\n<li><strong>Elei\u00e7\u00f5es <\/strong>para o Conselho da Organiza\u00e7\u00e3o de Avia\u00e7\u00e3o Civil Internacional (<a href=\"https:\/\/www.gov.br\/anac\/pt-br\/assuntos\/internacional\/organismos-internacionais\/organizacao-da-aviacao-civil-internacional-oaci\">OACI<\/a>).<\/li>\n<\/ul>\n<p><strong>VEJA MAIS:<\/strong><\/p>\n<ul>\n<li><a href=\"https:\/\/brasil61.com\/n\/latam-vai-receber-74-novas-aeronaves-da-embraer-a-partir-de-2026-mpor250114\">LATAM vai receber 74 novas aeronaves da Embraer a partir de 2026<\/a><\/li>\n<li><a href=\"https:\/\/brasil61.com\/n\/saf-petrobras-produz-querosene-renovavel-em-escala-industrial-mpor250115\">SAF: Petrobras produz querosene renov\u00e1vel em escala industrial<\/a><\/li>\n<\/ul>\n<p>\t\t\t\t\t\t\t\t\t<img loading=\"lazy\" decoding=\"async\" src=\"https:\/\/brasil61.com\/api\/v1\/serve_pixel\/17677\/85932\" alt=\"Pixel Brasil 61\" class=\"b61_pixel\" width=\"0\" height=\"0\"><\/p>\n<input type=\"hidden\" id=\"baseurl\" value=\"https:\/\/noticiasdestaque.com.br\"><input type=\"hidden\" id=\"audio_nonce\" value=\"6a24ca502e\">","protected":false},"excerpt":{"rendered":"<p>Com novos acordos, MPor e Embraer ampliam a coopera\u00e7\u00e3o internacional e atraem investimentos para o setor a\u00e9reo brasileiro<\/p>\n","protected":false},"author":1,"featured_media":47711,"comment_status":"open","ping_status":"open","sticky":false,"template":"","format":"standard","meta":{"fifu_image_url":"","fifu_image_alt":"","footnotes":""},"categories":[59],"tags":[],"class_list":["post-47702","post","type-post","status-publish","format-standard","has-post-thumbnail","hentry","category-economia"],"distributor_meta":false,"distributor_terms":false,"distributor_media":false,"distributor_original_site_name":"Noticias em Destaque","distributor_original_site_url":"https:\/\/noticiasdestaque.com.br","push-errors":false,"_links":{"self":[{"href":"https:\/\/noticiasdestaque.com.br\/index.php\/wp-json\/wp\/v2\/posts\/47702","targetHints":{"allow":["GET"]}}],"collection":[{"href":"https:\/\/noticiasdestaque.com.br\/index.php\/wp-json\/wp\/v2\/posts"}],"about":[{"href":"https:\/\/noticiasdestaque.com.br\/index.php\/wp-json\/wp\/v2\/types\/post"}],"author":[{"embeddable":true,"href":"https:\/\/noticiasdestaque.com.br\/index.php\/wp-json\/wp\/v2\/users\/1"}],"replies":[{"embeddable":true,"href":"https:\/\/noticiasdestaque.com.br\/index.php\/wp-json\/wp\/v2\/comments?post=47702"}],"version-history":[{"count":1,"href":"https:\/\/noticiasdestaque.com.br\/index.php\/wp-json\/wp\/v2\/posts\/47702\/revisions"}],"predecessor-version":[{"id":47710,"href":"https:\/\/noticiasdestaque.com.br\/index.php\/wp-json\/wp\/v2\/posts\/47702\/revisions\/47710"}],"wp:featuredmedia":[{"embeddable":true,"href":"https:\/\/noticiasdestaque.com.br\/index.php\/wp-json\/wp\/v2\/media\/47711"}],"wp:attachment":[{"href":"https:\/\/noticiasdestaque.com.br\/index.php\/wp-json\/wp\/v2\/media?parent=47702"}],"wp:term":[{"taxonomy":"category","embeddable":true,"href":"https:\/\/noticiasdestaque.com.br\/index.php\/wp-json\/wp\/v2\/categories?post=47702"},{"taxonomy":"post_tag","embeddable":true,"href":"https:\/\/noticiasdestaque.com.br\/index.php\/wp-json\/wp\/v2\/tags?post=47702"}],"curies":[{"name":"wp","href":"https:\/\/api.w.org\/{rel}","templated":true}]}}