{"id":47690,"date":"2025-11-18T19:00:00","date_gmt":"2025-11-18T22:00:00","guid":{"rendered":"https:\/\/noticiasdestaque.com.br\/index.php\/2025\/11\/18\/previsao-do-tempo-pancadas-de-chuva-e-trovoadas-nesta-quarta-feira-19-no-norte\/"},"modified":"2025-11-18T19:00:00","modified_gmt":"2025-11-18T22:00:00","slug":"previsao-do-tempo-pancadas-de-chuva-e-trovoadas-nesta-quarta-feira-19-no-norte","status":"publish","type":"post","link":"https:\/\/noticiasdestaque.com.br\/index.php\/2025\/11\/18\/previsao-do-tempo-pancadas-de-chuva-e-trovoadas-nesta-quarta-feira-19-no-norte\/","title":{"rendered":"PREVIS\u00c3O DO TEMPO: Pancadas de chuva e trovoadas nesta quarta-feira (19) no Norte"},"content":{"rendered":"<p>\t\t\t\t\t\t\t\t\t\t\t<audio controls class=\"b61_audio_player\" data-noticia=\"85917\" src=\"https:\/\/brasil61.com\/rails\/active_storage\/blobs\/eyJfcmFpbHMiOnsibWVzc2FnZSI6IkJBaHBBNUxCQXc9PSIsImV4cCI6bnVsbCwicHVyIjoiYmxvYl9pZCJ9fQ==--5053f3bd9981ddf1486f5cd58056d3b9be4e6788\/PTRN254617A\"><\/audio><\/p>\n<p>A <strong>previs\u00e3o do tempo para a Regi\u00e3o Norte<\/strong> do pa\u00eds, nesta<strong> quarta-feira (19)<\/strong>, indica <strong>c\u00e9u com muitas nuvens, com pancadas de chuva e trovoadas<\/strong> ao longo do dia.<\/p>\n<p>O <strong>Instituto Nacional de Meteorologia (Inmet) emitiu o alerta de perigo potencial de chuvas intensas<\/strong>, no per\u00edodo da manh\u00e3, atingindo o Acre, Amap\u00e1, quase todo estado de Rond\u00f4nia, Amazonas, Par\u00e1 e o sudoeste de Roraima. <strong>Aten\u00e7\u00e3o redobrada <\/strong>na faixa entre o Acre at\u00e9 o sul do Par\u00e1, afetando os munic\u00edpios de Rio Branco e Reden\u00e7\u00e3o, respectivamente, em que o <strong>alerta \u00e9 de perigo de tempestade<\/strong>. A mesma condi\u00e7\u00e3o atinge o sul do Amazonas, em Novo Aripuan\u00e3, e o norte de Rond\u00f4nia, na capital Porto Velho.<\/p>\n<p>A manh\u00e3 \u00e9 marcada por pancadas de chuva com trovoadas isoladas em todo Amazonas e em Roraima, em grande parte da extens\u00e3o do Acre, no centro sul do Par\u00e1 e de Tocantins e ao norte de Rond\u00f4nia, nas proximidades da capital, Porto Velho. O dia come\u00e7a com o c\u00e9u com muitas nuvens em toda regi\u00e3o, com possibilidade de chuvas isoladas afetando o Baixo Amazonas, no Par\u00e1, o restante de Tocantins e alguns munic\u00edpios do Amap\u00e1, Rond\u00f4nia e Acre.<\/p>\n<p>Durante o per\u00edodo da tarde e da noite, as pancadas acompanhadas de trovoadas cobrem todos os sete estados nortistas.\u00a0<\/p>\n<p>Entre as capitais, a temperatura<strong> m\u00ednima prevista \u00e9 de 22\u00b0C, em Rio Branco e Porto Velho<\/strong>. J\u00e1 a <strong>m\u00e1xima pode chegar at\u00e9 35\u00b0C, em Palmas e Boa Vista<\/strong>. A umidade relativa do ar varia entre <strong>48% e 100%<\/strong>.<\/p>\n<h2>5 motivos para acompanhar as previs\u00f5es do tempo<\/h2>\n<ul>\n<li>Agricultura: garantia de uma boa colheita;<\/li>\n<li>Marinha: prote\u00e7\u00e3o de marinheiros, navios e passageiros;<\/li>\n<li>Aeron\u00e1utica: seguran\u00e7a de pilotos, aeronaves e passageiros;<\/li>\n<li>Pesca: condi\u00e7\u00f5es favor\u00e1veis e seguras para a atividade;<\/li>\n<li>Turismo: garantia de passeios e viagens tranquilas e agrad\u00e1veis.<\/li>\n<\/ul>\n<h2>Import\u00e2ncia das observa\u00e7\u00f5es meteorol\u00f3gicas no INMET<\/h2>\n<p>As observa\u00e7\u00f5es meteorol\u00f3gicas do INMET s\u00e3o essenciais para previs\u00f5es em tempo real, estat\u00edsticas clim\u00e1ticas e coopera\u00e7\u00e3o internacional. Esses dados precisos ajudam a estudar o clima passado e a produzir Normais Climatol\u00f3gicas conforme a Organiza\u00e7\u00e3o Meteorol\u00f3gica Mundial (<a href=\"https:\/\/worldweather.wmo.int\/pt\/home.html\">OMM<\/a>).<\/p>\n<p>As informa\u00e7\u00f5es s\u00e3o do Instituto Nacional de Meteorologia (<a href=\"https:\/\/portal.inmet.gov.br\/\">Inmet<\/a>).<\/p>\n<p>\t\t\t\t\t\t\t\t\t\t<img loading=\"lazy\" decoding=\"async\" src=\"https:\/\/brasil61.com\/api\/v1\/serve_pixel\/17677\/85917\" alt=\"Pixel Brasil 61\" class=\"b61_pixel\" width=\"0\" height=\"0\"><\/p>\n<input type=\"hidden\" id=\"baseurl\" value=\"https:\/\/noticiasdestaque.com.br\"><input type=\"hidden\" id=\"audio_nonce\" value=\"6f73a554f1\">","protected":false},"excerpt":{"rendered":"<p>Inmet alerta para perigo de chuvas intensas em RO, AC, AM e PA; temperaturas variam entre 22\u00b0C e 35\u00b0C<\/p>\n","protected":false},"author":1,"featured_media":47691,"comment_status":"open","ping_status":"open","sticky":false,"template":"","format":"standard","meta":{"fifu_image_url":"","fifu_image_alt":"","footnotes":""},"categories":[58],"tags":[],"class_list":["post-47690","post","type-post","status-publish","format-standard","has-post-thumbnail","hentry","category-cotidiano"],"distributor_meta":false,"distributor_terms":false,"distributor_media":false,"distributor_original_site_name":"Noticias em Destaque","distributor_original_site_url":"https:\/\/noticiasdestaque.com.br","push-errors":false,"_links":{"self":[{"href":"https:\/\/noticiasdestaque.com.br\/index.php\/wp-json\/wp\/v2\/posts\/47690","targetHints":{"allow":["GET"]}}],"collection":[{"href":"https:\/\/noticiasdestaque.com.br\/index.php\/wp-json\/wp\/v2\/posts"}],"about":[{"href":"https:\/\/noticiasdestaque.com.br\/index.php\/wp-json\/wp\/v2\/types\/post"}],"author":[{"embeddable":true,"href":"https:\/\/noticiasdestaque.com.br\/index.php\/wp-json\/wp\/v2\/users\/1"}],"replies":[{"embeddable":true,"href":"https:\/\/noticiasdestaque.com.br\/index.php\/wp-json\/wp\/v2\/comments?post=47690"}],"version-history":[{"count":0,"href":"https:\/\/noticiasdestaque.com.br\/index.php\/wp-json\/wp\/v2\/posts\/47690\/revisions"}],"wp:featuredmedia":[{"embeddable":true,"href":"https:\/\/noticiasdestaque.com.br\/index.php\/wp-json\/wp\/v2\/media\/47691"}],"wp:attachment":[{"href":"https:\/\/noticiasdestaque.com.br\/index.php\/wp-json\/wp\/v2\/media?parent=47690"}],"wp:term":[{"taxonomy":"category","embeddable":true,"href":"https:\/\/noticiasdestaque.com.br\/index.php\/wp-json\/wp\/v2\/categories?post=47690"},{"taxonomy":"post_tag","embeddable":true,"href":"https:\/\/noticiasdestaque.com.br\/index.php\/wp-json\/wp\/v2\/tags?post=47690"}],"curies":[{"name":"wp","href":"https:\/\/api.w.org\/{rel}","templated":true}]}}