{"id":4767,"date":"2022-11-22T12:18:46","date_gmt":"2022-11-22T16:18:46","guid":{"rendered":"https:\/\/www.diariofama.com.br\/2022\/11\/22\/rio-inaugura-a-casa-da-mulher-carioca-elza-soares\/"},"modified":"2022-11-22T12:18:46","modified_gmt":"2022-11-22T16:18:46","slug":"rio-inaugura-a-casa-da-mulher-carioca-elza-soares","status":"publish","type":"post","link":"https:\/\/noticiasdestaque.com.br\/index.php\/2022\/11\/22\/rio-inaugura-a-casa-da-mulher-carioca-elza-soares\/","title":{"rendered":"Rio inaugura a Casa da Mulher Carioca Elza Soares"},"content":{"rendered":"<style> bloco.meta {font-style: italic; color: #666;font-weight: 600;font-size: .8em; \/* line-height: .3em; *\/}  text h2 { font-weight: 700 !important;  color: #062f46 !important;} text img { width: none; left: none;}<\/style>\n<\/p>\n<p>A prefeitura do Rio inaugurou hoje (26) a Casa da Mulher Carioca Elza Soares, na Vila Ol\u00edmpica Mestre Andr\u00e9, em Padre Miguel, na zona oeste da capital fluminense. O espa\u00e7o vai oferecer cursos e oficinas de capacita\u00e7\u00e3o gratuitos, al\u00e9m de atendimento psicol\u00f3gico e orienta\u00e7\u00e3o jur\u00eddica para mulheres em situa\u00e7\u00e3o de viol\u00eancia dom\u00e9stica.<\/p>\n<p>Esta \u00e9 a terceira Casa da Mulher Carioca, a segunda na zona oeste. A escolha do local tem como objetivo aumentar a oferta de atendimento na regi\u00e3o, que apresenta os maiores n\u00fameros de casos de viol\u00eancia contra a mulher no Rio. Cada unidade atende, em m\u00e9dia, 5,6 mil mulheres por m\u00eas.<\/p>\n<p>\u201cQueremos que as meninas e mulheres aqui da zona oeste, do Rio de Janeiro e de todo o Brasil possam atravessar essa jornada com mais felicidade e igualdade. \u00c9 para isso que fazemos a Casa da Mulher Carioca\u201d, afirmou o prefeito Eduardo Paes.<\/p>\n<p>Durante o lan\u00e7amento do espa\u00e7o, as mulheres contaram com uma s\u00e9rie de servi\u00e7os gratuitos como oficinas de capacita\u00e7\u00e3o; emiss\u00e3o de documentos; inscri\u00e7\u00e3o em cursos e para vagas de trabalho; al\u00e9m de atendimentos realizados por equipes da Secretaria de Assist\u00eancia Social.<\/p>\n<p> nd-widget-wrapper context-medio_4colunas type-image atom-align-left&#8221;<\/p>\n<input type=\"hidden\" id=\"baseurl\" value=\"https:\/\/noticiasdestaque.com.br\"><input type=\"hidden\" id=\"audio_nonce\" value=\"62ca87eee3\">","protected":false},"excerpt":{"rendered":"<p>Nova unidade fica em Padre Miguel, bairro onde a cantora nasceu<\/p>\n","protected":false},"author":1,"featured_media":4768,"comment_status":"open","ping_status":"open","sticky":false,"template":"","format":"standard","meta":{"fifu_image_url":"","fifu_image_alt":"","footnotes":""},"categories":[52],"tags":[],"class_list":["post-4767","post","type-post","status-publish","format-standard","has-post-thumbnail","hentry","category-entretenimento"],"distributor_meta":false,"distributor_terms":false,"distributor_media":false,"distributor_original_site_name":"Portal de Recupera\u00e7\u00e3o","distributor_original_site_url":"https:\/\/portalderecuperacao.com","push-errors":false,"_links":{"self":[{"href":"https:\/\/noticiasdestaque.com.br\/index.php\/wp-json\/wp\/v2\/posts\/4767","targetHints":{"allow":["GET"]}}],"collection":[{"href":"https:\/\/noticiasdestaque.com.br\/index.php\/wp-json\/wp\/v2\/posts"}],"about":[{"href":"https:\/\/noticiasdestaque.com.br\/index.php\/wp-json\/wp\/v2\/types\/post"}],"author":[{"embeddable":true,"href":"https:\/\/noticiasdestaque.com.br\/index.php\/wp-json\/wp\/v2\/users\/1"}],"replies":[{"embeddable":true,"href":"https:\/\/noticiasdestaque.com.br\/index.php\/wp-json\/wp\/v2\/comments?post=4767"}],"version-history":[{"count":0,"href":"https:\/\/noticiasdestaque.com.br\/index.php\/wp-json\/wp\/v2\/posts\/4767\/revisions"}],"wp:featuredmedia":[{"embeddable":true,"href":"https:\/\/noticiasdestaque.com.br\/index.php\/wp-json\/wp\/v2\/media\/4768"}],"wp:attachment":[{"href":"https:\/\/noticiasdestaque.com.br\/index.php\/wp-json\/wp\/v2\/media?parent=4767"}],"wp:term":[{"taxonomy":"category","embeddable":true,"href":"https:\/\/noticiasdestaque.com.br\/index.php\/wp-json\/wp\/v2\/categories?post=4767"},{"taxonomy":"post_tag","embeddable":true,"href":"https:\/\/noticiasdestaque.com.br\/index.php\/wp-json\/wp\/v2\/tags?post=4767"}],"curies":[{"name":"wp","href":"https:\/\/api.w.org\/{rel}","templated":true}]}}