{"id":47656,"date":"2025-11-17T19:05:00","date_gmt":"2025-11-17T22:05:00","guid":{"rendered":"https:\/\/noticiasdestaque.com.br\/index.php\/2025\/11\/17\/previsao-do-tempo-muitas-nuvens-e-perigo-de-tempestades-na-regiao-sul-nesta-terca-feira-18\/"},"modified":"2025-11-17T19:05:00","modified_gmt":"2025-11-17T22:05:00","slug":"previsao-do-tempo-muitas-nuvens-e-perigo-de-tempestades-na-regiao-sul-nesta-terca-feira-18","status":"publish","type":"post","link":"https:\/\/noticiasdestaque.com.br\/index.php\/2025\/11\/17\/previsao-do-tempo-muitas-nuvens-e-perigo-de-tempestades-na-regiao-sul-nesta-terca-feira-18\/","title":{"rendered":"PREVIS\u00c3O DO TEMPO: Muitas nuvens e perigo de tempestades na Regi\u00e3o Sul nesta ter\u00e7a-feira (18)"},"content":{"rendered":"<p>\t\t\t\t\t\t\t\t\t\t\t<audio controls class=\"b61_audio_player\" data-noticia=\"85881\" src=\"https:\/\/brasil61.com\/rails\/active_storage\/blobs\/eyJfcmFpbHMiOnsibWVzc2FnZSI6IkJBaHBBNDdBQXc9PSIsImV4cCI6bnVsbCwicHVyIjoiYmxvYl9pZCJ9fQ==--6f0540f1693ea4cf4fb7eac269f3c356c918e261\/PTRS254135A\"><\/audio><\/p>\n<p>A <strong>previs\u00e3o do tempo<\/strong> para o <strong>Sul<\/strong> do pa\u00eds, nesta <strong>ter\u00e7a-feira (18)<\/strong>, indica c\u00e9u de <strong>muitas nuvens<\/strong> para toda a regi\u00e3o, exceto a sudoeste do Rio Grande do Sul, com <strong>probabilidade de chuva<\/strong> para o norte e leste da regi\u00e3o.<\/p>\n<p>Pela <strong>manh\u00e3<\/strong>, a previs\u00e3o \u00e9 de <strong>muitas nuvens<\/strong> para toda a regi\u00e3o, exceto para o centro-sul do Rio Grande do Sul, com <strong>pancadas de chuva e trovoadas isoladas<\/strong> para todo o estado do Paran\u00e1 e nordeste de Santa Catarina. H\u00e1 ainda previs\u00e3o de<strong> pancadas de chuva isoladas<\/strong> para o oeste e centro-sul catarinense, al\u00e9m do norte do Rio Grande do Sul.<\/p>\n<p>\u00c0 <strong>tarde<\/strong>, as <strong>chuvas<\/strong> <strong>recuam<\/strong> no extremo-oeste de Santa Catarina e extremo-nordeste ga\u00facho, mas as <strong>pancadas<\/strong> <strong>de<\/strong> <strong>chuva<\/strong> <strong>com<\/strong> <strong>trovoadas<\/strong> <strong>avan\u00e7am<\/strong> no nordeste do Rio Grande do Sul. No centro-leste do Paran\u00e1 e nordeste catarinense, as <strong>chuvas<\/strong> v\u00eam acompanhadas de <strong>possibilidade de queda de granizo<\/strong>.<\/p>\n<p>Durante a <strong>noite<\/strong>, as <strong>chuvas<\/strong> <strong>recuam<\/strong> no centro-oeste catarinense e no oeste do Paran\u00e1, <strong>sem<\/strong> <strong>chance<\/strong> <strong>de<\/strong> <strong>queda<\/strong> <strong>de<\/strong> <strong>granizo<\/strong>. Ainda <strong>h\u00e1<\/strong> <strong>previs\u00e3o<\/strong> de <strong>pancadas<\/strong> <strong>de<\/strong> <strong>chuva<\/strong> no centro-leste paranaense e de Santa Catarina, e no nordeste ga\u00facho.<\/p>\n<p>O <b>Instituto Nacional de Meteorologia<\/b> (<a href=\"https:\/\/portal.inmet.gov.br\/\">Inmet<\/a>) emitiu alerta de <strong>perigo de tempestades<\/strong> para todo o estado do Paran\u00e1 e para a por\u00e7\u00e3o norte de Santa Catarina.<\/p>\n<p>Entre as <strong>capitais<\/strong>, a <strong>temperatura m\u00ednima<\/strong> prevista \u00e9 de <strong>14\u00b0C<\/strong>, em <strong>Curitiba <\/strong>e <strong>Porto Alegre<\/strong>. J\u00e1 a <strong>m\u00e1xima<\/strong> pode chegar at\u00e9 <strong>28\u00b0C<\/strong>, tamb\u00e9m em <strong>Porto Alegre<\/strong>. A <strong>umidade relativa do ar<\/strong> varia entre <strong>40%<\/strong> e <strong>100%<\/strong>.<\/p>\n<p>\u00a0<\/p>\n<h2>5 motivos para acompanhar as previs\u00f5es do tempo<\/h2>\n<p>\u00a0<\/p>\n<ul>\n<li>Agricultura: garantia de uma boa colheita;<\/li>\n<li>Marinha: prote\u00e7\u00e3o de marinheiros, navios e passageiros;<\/li>\n<li>Aeron\u00e1utica: seguran\u00e7a de pilotos, aeronaves e passageiros;<\/li>\n<li>Pesca: condi\u00e7\u00f5es favor\u00e1veis e seguras para a atividade;<\/li>\n<li>Turismo: garantia de passeios e viagens tranquilas e agrad\u00e1veis.<\/li>\n<\/ul>\n<p>\u00a0<\/p>\n<h2>Import\u00e2ncia das observa\u00e7\u00f5es meteorol\u00f3gicas no INMET<\/h2>\n<p>\u00a0<\/p>\n<p>As observa\u00e7\u00f5es meteorol\u00f3gicas do INMET s\u00e3o essenciais para previs\u00f5es em tempo real, estat\u00edsticas clim\u00e1ticas e coopera\u00e7\u00e3o internacional. Esses dados precisos ajudam a estudar o clima passado e a produzir Normais Climatol\u00f3gicas conforme a Organiza\u00e7\u00e3o Meteorol\u00f3gica Mundial (<a href=\"https:\/\/worldweather.wmo.int\/pt\/home.html\">OMM<\/a>).<\/p>\n<p>\u00a0<\/p>\n<p>As informa\u00e7\u00f5es s\u00e3o do Instituto Nacional de Meteorologia (<a href=\"https:\/\/portal.inmet.gov.br\">Inmet<\/a>).<\/p>\n<p>\t\t\t\t\t\t\t\t\t\t<img loading=\"lazy\" decoding=\"async\" src=\"https:\/\/brasil61.com\/api\/v1\/serve_pixel\/17677\/85881\" alt=\"Pixel Brasil 61\" class=\"b61_pixel\" width=\"0\" height=\"0\"><\/p>\n<input type=\"hidden\" id=\"baseurl\" value=\"https:\/\/noticiasdestaque.com.br\"><input type=\"hidden\" id=\"audio_nonce\" value=\"6f73a554f1\">","protected":false},"excerpt":{"rendered":"<p>Chances de fortes chuvas e trovoadas, sobretudo a oeste da regi\u00e3o; temperaturas variam entre 14\u00b0C e 28\u00b0C<\/p>\n","protected":false},"author":1,"featured_media":47657,"comment_status":"open","ping_status":"open","sticky":false,"template":"","format":"standard","meta":{"fifu_image_url":"","fifu_image_alt":"","footnotes":""},"categories":[58],"tags":[],"class_list":["post-47656","post","type-post","status-publish","format-standard","has-post-thumbnail","hentry","category-cotidiano"],"distributor_meta":false,"distributor_terms":false,"distributor_media":false,"distributor_original_site_name":"Noticias em Destaque","distributor_original_site_url":"https:\/\/noticiasdestaque.com.br","push-errors":false,"_links":{"self":[{"href":"https:\/\/noticiasdestaque.com.br\/index.php\/wp-json\/wp\/v2\/posts\/47656","targetHints":{"allow":["GET"]}}],"collection":[{"href":"https:\/\/noticiasdestaque.com.br\/index.php\/wp-json\/wp\/v2\/posts"}],"about":[{"href":"https:\/\/noticiasdestaque.com.br\/index.php\/wp-json\/wp\/v2\/types\/post"}],"author":[{"embeddable":true,"href":"https:\/\/noticiasdestaque.com.br\/index.php\/wp-json\/wp\/v2\/users\/1"}],"replies":[{"embeddable":true,"href":"https:\/\/noticiasdestaque.com.br\/index.php\/wp-json\/wp\/v2\/comments?post=47656"}],"version-history":[{"count":0,"href":"https:\/\/noticiasdestaque.com.br\/index.php\/wp-json\/wp\/v2\/posts\/47656\/revisions"}],"wp:featuredmedia":[{"embeddable":true,"href":"https:\/\/noticiasdestaque.com.br\/index.php\/wp-json\/wp\/v2\/media\/47657"}],"wp:attachment":[{"href":"https:\/\/noticiasdestaque.com.br\/index.php\/wp-json\/wp\/v2\/media?parent=47656"}],"wp:term":[{"taxonomy":"category","embeddable":true,"href":"https:\/\/noticiasdestaque.com.br\/index.php\/wp-json\/wp\/v2\/categories?post=47656"},{"taxonomy":"post_tag","embeddable":true,"href":"https:\/\/noticiasdestaque.com.br\/index.php\/wp-json\/wp\/v2\/tags?post=47656"}],"curies":[{"name":"wp","href":"https:\/\/api.w.org\/{rel}","templated":true}]}}